{"id":17092,"date":"2014-07-22T18:35:33","date_gmt":"2014-07-22T21:35:33","guid":{"rendered":"http:\/\/www.notibras.com\/site\/?p=17092"},"modified":"2014-07-23T10:53:19","modified_gmt":"2014-07-23T13:53:19","slug":"governo-assume-tormenta-na-economia-e-anuncia-pib-de-apenas-18","status":"publish","type":"post","link":"https:\/\/www.notibras.com\/site\/governo-assume-tormenta-na-economia-e-anuncia-pib-de-apenas-18\/","title":{"rendered":"Governo assume tormenta econ\u00f4mica e j\u00e1 anuncia um PIB de apenas 1,8%"},"content":{"rendered":"<p>A previs\u00e3o oficial de crescimento para a economia brasileira neste ano caiu de 2,5% para 1,8%. A estimativa consta do <em>Relat\u00f3rio de Avalia\u00e7\u00e3o de Receitas e Despesas<\/em>, divulgado pelo Minist\u00e9rio do Planejamento, Or\u00e7amento e Gest\u00e3o.<\/p>\n<p>Al\u00e9m do menor crescimento do Produto Interno Bruto (PIB, soma das riquezas produzidas no pa\u00eds), a equipe econ\u00f4mica elevou a proje\u00e7\u00e3o da infla\u00e7\u00e3o oficial. Segundo o relat\u00f3rio, o \u00cdndice Nacional de Pre\u00e7os ao Consumidor Amplo (IPCA) dever\u00e1 fechar o ano em 6,2%, contra 5,6% na previs\u00e3o anterior.<\/p>\n<p>Divulgado a cada dois meses, o documento traz as previs\u00f5es oficiais para a economia brasileira que servem de base para projetar a evolu\u00e7\u00e3o das receitas e das despesas e definir a execu\u00e7\u00e3o do Or\u00e7amento Geral da Uni\u00e3o. Apesar de o relat\u00f3rio ser apresentado pelo Minist\u00e9rio do Planejamento, as estimativas para os par\u00e2metros da economia s\u00e3o de autoria da Secretaria de Pol\u00edtica Econ\u00f4mica do Minist\u00e9rio da Fazenda.<\/p>\n<p>Segundo o documento, as mudan\u00e7as nas proje\u00e7\u00f5es para o PIB refletem os n\u00fameros trimestrais divulgados at\u00e9 agora pelo Instituto Brasileiro de Geografia e Estat\u00edstica (IBGE). A alta da infla\u00e7\u00e3o, justifica o relat\u00f3rio, est\u00e1 relacionada aos dados do IPCA observados at\u00e9 junho.<\/p>\n<p>Apesar de o governo trabalhar com maior infla\u00e7\u00e3o e menor crescimento, as previs\u00f5es continuam mais otimistas que as estimativas do setor financeiro.<\/p>\n<p>Segundo o Boletim <em>Focus<\/em>, levantamento semanal com institui\u00e7\u00f5es financeiras divulgado pelo Banco Central, os economistas de mercado acreditam que o PIB encerrar\u00e1 2014 com crescimento de 0,97%, e o IPCA alcan\u00e7ar\u00e1 6,44% neste ano. A meta do IPCA em 2014 corresponde a 4,5%, com toler\u00e2ncia de dois pontos percentuais, podendo chegar a 6,5%.<\/p>\n<div class=\"node-info\"><strong>Wellton M\u00e1ximo, ABr<\/strong><\/div>\n","protected":false},"excerpt":{"rendered":"<p>A previs\u00e3o oficial de crescimento para a economia brasileira neste ano caiu de 2,5% para 1,8%. A estimativa consta do Relat\u00f3rio de Avalia\u00e7\u00e3o de Receitas e Despesas, divulgado pelo Minist\u00e9rio do Planejamento, Or\u00e7amento e Gest\u00e3o. Al\u00e9m do menor crescimento do Produto Interno Bruto (PIB, soma das riquezas produzidas no pa\u00eds), a equipe econ\u00f4mica elevou a [&hellip;]<\/p>\n","protected":false},"author":2,"featured_media":17093,"comment_status":"open","ping_status":"closed","sticky":false,"template":"","format":"standard","meta":{"_acf_changed":false,"footnotes":""},"categories":[16],"tags":[],"class_list":["post-17092","post","type-post","status-publish","format-standard","has-post-thumbnail","hentry","category-brasil"],"acf":[],"_links":{"self":[{"href":"https:\/\/www.notibras.com\/site\/wp-json\/wp\/v2\/posts\/17092","targetHints":{"allow":["GET"]}}],"collection":[{"href":"https:\/\/www.notibras.com\/site\/wp-json\/wp\/v2\/posts"}],"about":[{"href":"https:\/\/www.notibras.com\/site\/wp-json\/wp\/v2\/types\/post"}],"author":[{"embeddable":true,"href":"https:\/\/www.notibras.com\/site\/wp-json\/wp\/v2\/users\/2"}],"replies":[{"embeddable":true,"href":"https:\/\/www.notibras.com\/site\/wp-json\/wp\/v2\/comments?post=17092"}],"version-history":[{"count":0,"href":"https:\/\/www.notibras.com\/site\/wp-json\/wp\/v2\/posts\/17092\/revisions"}],"wp:featuredmedia":[{"embeddable":true,"href":"https:\/\/www.notibras.com\/site\/wp-json\/wp\/v2\/media\/17093"}],"wp:attachment":[{"href":"https:\/\/www.notibras.com\/site\/wp-json\/wp\/v2\/media?parent=17092"}],"wp:term":[{"taxonomy":"category","embeddable":true,"href":"https:\/\/www.notibras.com\/site\/wp-json\/wp\/v2\/categories?post=17092"},{"taxonomy":"post_tag","embeddable":true,"href":"https:\/\/www.notibras.com\/site\/wp-json\/wp\/v2\/tags?post=17092"}],"curies":[{"name":"wp","href":"https:\/\/api.w.org\/{rel}","templated":true}]}}