{"id":17104,"date":"2014-07-22T15:51:31","date_gmt":"2014-07-22T18:51:31","guid":{"rendered":"http:\/\/www.notibras.com\/site\/?p=17104"},"modified":"2014-07-22T18:59:43","modified_gmt":"2014-07-22T21:59:43","slug":"briga-por-drogas-acaba-em-morte-cabeca-arrancada-e-traficante-preso","status":"publish","type":"post","link":"https:\/\/www.notibras.com\/site\/briga-por-drogas-acaba-em-morte-cabeca-arrancada-e-traficante-preso\/","title":{"rendered":"Briga de ga\u00fachos por drogas acaba em morte, cabe\u00e7a arrancada e traficante preso"},"content":{"rendered":"<p>Um homem de 47 anos foi preso ap\u00f3s decapitar um jovem em Charqueadas (RS), a cerca de 40 quil\u00f4metros de Porto Alegre,\u00a0na tarde de segunda-feira. O homic\u00eddio ocorreu em uma resid\u00eancia no Parque Manoel Jo\u00e3o,\u00a0usada\u00a0para consumo e comercializa\u00e7\u00e3o de drogas.<\/p>\n<p class=\"text\">De acordo com a Brigada Militar, o suspeito do crime tem\u00a0passagem pelo sistema prisional por homic\u00eddio e tr\u00e1fico de drogas. &#8220;\u00c9 uma ficha criminal bem extensa&#8221;, contou o comandante do 28\u00ba Batalh\u00e3o da Pol\u00edcia Militar, major Jos\u00e9 Renato Romano dos Santos.<\/p>\n<p class=\"text\">Segundo ele, uma equipe da Brigada Militar chegou por volta das 15h30 ap\u00f3s ter sido acionada por vizinhos, que perceberam a movimenta\u00e7\u00e3o na casa.<\/p>\n<blockquote>\n<p class=\"text\">&#8220;Quando a viatura chegou foi constatado o corpo sem a cabe\u00e7a, o que impediu a identifica\u00e7\u00e3o da v\u00edtima.\u00a0De imediato foram feitas buscas ao suspeito pelo crime, de acordo com as caracter\u00edsticas passadas pelas testemunhas&#8221;, explicou o major. Na resid\u00eancia foram apreendidos um fac\u00e3o e um machado ensanguentados.<\/p>\n<\/blockquote>\n<p class=\"text\">O homem foi preso momentos depois nas proximidades. Questionado, o\u00a0suspeito contou que havia jogado a cabe\u00e7a em uma vala. Bombeiros foram acionados e a encontraram no local. De acordo com o comandante, a v\u00edtima frequentemente era vista na casa do preso e, al\u00e9m de usu\u00e1ria, tinha envolvimento com drogas.<\/p>\n<p class=\"text\">\u00c0 pol\u00edcia, o homem disse que teria matado por\u00a0uma\u00a0d\u00edvida e que o jovem\u00a0havia furtado alguns materiais da resid\u00eancia. Conforme o major, a decapita\u00e7\u00e3o teria sido uma forma de demonstra\u00e7\u00e3o de for\u00e7a. &#8220;Ele pensa: vou cometer o crime, vou voltar ao sistema (prisional), mas fortalecido porque n\u00e3o \u00e9 s\u00f3 a comunidade que toma conhecimento (do que ele fez). \u00c9 uma linguagem se torna bastante violenta, mas no crime tem uma forma de comunica\u00e7\u00e3o, de se posicionar em um\u00a0degrau da hierarquia&#8221;, explicou. O preso foi levado para a Penitenci\u00e1ria Modulada de Charqueadas.<\/p>\n","protected":false},"excerpt":{"rendered":"<p>Um homem de 47 anos foi preso ap\u00f3s decapitar um jovem em Charqueadas (RS), a cerca de 40 quil\u00f4metros de Porto Alegre,\u00a0na tarde de segunda-feira. O homic\u00eddio ocorreu em uma resid\u00eancia no Parque Manoel Jo\u00e3o,\u00a0usada\u00a0para consumo e comercializa\u00e7\u00e3o de drogas. De acordo com a Brigada Militar, o suspeito do crime tem\u00a0passagem pelo sistema prisional por [&hellip;]<\/p>\n","protected":false},"author":2,"featured_media":17105,"comment_status":"open","ping_status":"closed","sticky":false,"template":"","format":"standard","meta":{"_acf_changed":false,"footnotes":""},"categories":[16],"tags":[],"class_list":["post-17104","post","type-post","status-publish","format-standard","has-post-thumbnail","hentry","category-brasil"],"acf":[],"_links":{"self":[{"href":"https:\/\/www.notibras.com\/site\/wp-json\/wp\/v2\/posts\/17104","targetHints":{"allow":["GET"]}}],"collection":[{"href":"https:\/\/www.notibras.com\/site\/wp-json\/wp\/v2\/posts"}],"about":[{"href":"https:\/\/www.notibras.com\/site\/wp-json\/wp\/v2\/types\/post"}],"author":[{"embeddable":true,"href":"https:\/\/www.notibras.com\/site\/wp-json\/wp\/v2\/users\/2"}],"replies":[{"embeddable":true,"href":"https:\/\/www.notibras.com\/site\/wp-json\/wp\/v2\/comments?post=17104"}],"version-history":[{"count":0,"href":"https:\/\/www.notibras.com\/site\/wp-json\/wp\/v2\/posts\/17104\/revisions"}],"wp:featuredmedia":[{"embeddable":true,"href":"https:\/\/www.notibras.com\/site\/wp-json\/wp\/v2\/media\/17105"}],"wp:attachment":[{"href":"https:\/\/www.notibras.com\/site\/wp-json\/wp\/v2\/media?parent=17104"}],"wp:term":[{"taxonomy":"category","embeddable":true,"href":"https:\/\/www.notibras.com\/site\/wp-json\/wp\/v2\/categories?post=17104"},{"taxonomy":"post_tag","embeddable":true,"href":"https:\/\/www.notibras.com\/site\/wp-json\/wp\/v2\/tags?post=17104"}],"curies":[{"name":"wp","href":"https:\/\/api.w.org\/{rel}","templated":true}]}}