{"id":17118,"date":"2014-07-22T22:23:39","date_gmt":"2014-07-23T01:23:39","guid":{"rendered":"http:\/\/www.notibras.com\/site\/?p=17118"},"modified":"2014-07-22T22:23:39","modified_gmt":"2014-07-23T01:23:39","slug":"cldf-prorroga-periodo-de-inscricao-para-concurso-de-escultura","status":"publish","type":"post","link":"https:\/\/www.notibras.com\/site\/cldf-prorroga-periodo-de-inscricao-para-concurso-de-escultura\/","title":{"rendered":"CLDF prorroga per\u00edodo de inscri\u00e7\u00e3o para concurso de escultura"},"content":{"rendered":"<p>A C\u00e2mara Legislativa do Distrito Federal realiza concurso p\u00fablico de \u00e2mbito nacional para selecionar um projeto de cria\u00e7\u00e3o e confec\u00e7\u00e3o de escultura com o tema &#8220;Democracia Representativa e Participativa&#8221;. A obra &#8211; de altura m\u00ednima de 2,80 m &#8211; ser\u00e1 instalada na entrada do edif\u00edcio sede do Legislativo local. As <a href=\"http:\/\/www.cl.df.gov.br\/documents\/5665546\/9112855\/Edital+de+Concurso?version=1.3\" target=\"_blank\">inscri\u00e7\u00f5es<\/a> foram prorrogadas at\u00e9 o dia 15 de agosto.<\/p>\n<blockquote><p>O concurso \u00e9 aberto a cidad\u00e3os brasileiros e estrangeiros domiciliados no Pa\u00eds. O projeto vencedor ser\u00e1 escolhido por uma comiss\u00e3o julgadora composta por cinco especialistas no tema, incluindo representante do Instituto Hist\u00f3rico e Art\u00edstico Nacional (IPHAN). O vencedor receber\u00e1 R$ 80 mil para a realiza\u00e7\u00e3o da obra.<\/p><\/blockquote>\n<p>Realizado pelo Conselho Curador de Cultura da CLDF, o concurso foi criado com o objetivo de inserir a C\u00e2mara Legislativa no roteiro cultural do Distrito Federal, al\u00e9m de fomentar a arte e o conhecimento.<\/p>\n","protected":false},"excerpt":{"rendered":"<p>A C\u00e2mara Legislativa do Distrito Federal realiza concurso p\u00fablico de \u00e2mbito nacional para selecionar um projeto de cria\u00e7\u00e3o e confec\u00e7\u00e3o de escultura com o tema &#8220;Democracia Representativa e Participativa&#8221;. A obra &#8211; de altura m\u00ednima de 2,80 m &#8211; ser\u00e1 instalada na entrada do edif\u00edcio sede do Legislativo local. As inscri\u00e7\u00f5es foram prorrogadas at\u00e9 o [&hellip;]<\/p>\n","protected":false},"author":1,"featured_media":17119,"comment_status":"open","ping_status":"closed","sticky":false,"template":"","format":"standard","meta":{"_acf_changed":false,"footnotes":""},"categories":[1],"tags":[],"class_list":["post-17118","post","type-post","status-publish","format-standard","has-post-thumbnail","hentry","category-brasilia"],"acf":[],"_links":{"self":[{"href":"https:\/\/www.notibras.com\/site\/wp-json\/wp\/v2\/posts\/17118","targetHints":{"allow":["GET"]}}],"collection":[{"href":"https:\/\/www.notibras.com\/site\/wp-json\/wp\/v2\/posts"}],"about":[{"href":"https:\/\/www.notibras.com\/site\/wp-json\/wp\/v2\/types\/post"}],"author":[{"embeddable":true,"href":"https:\/\/www.notibras.com\/site\/wp-json\/wp\/v2\/users\/1"}],"replies":[{"embeddable":true,"href":"https:\/\/www.notibras.com\/site\/wp-json\/wp\/v2\/comments?post=17118"}],"version-history":[{"count":0,"href":"https:\/\/www.notibras.com\/site\/wp-json\/wp\/v2\/posts\/17118\/revisions"}],"wp:featuredmedia":[{"embeddable":true,"href":"https:\/\/www.notibras.com\/site\/wp-json\/wp\/v2\/media\/17119"}],"wp:attachment":[{"href":"https:\/\/www.notibras.com\/site\/wp-json\/wp\/v2\/media?parent=17118"}],"wp:term":[{"taxonomy":"category","embeddable":true,"href":"https:\/\/www.notibras.com\/site\/wp-json\/wp\/v2\/categories?post=17118"},{"taxonomy":"post_tag","embeddable":true,"href":"https:\/\/www.notibras.com\/site\/wp-json\/wp\/v2\/tags?post=17118"}],"curies":[{"name":"wp","href":"https:\/\/api.w.org\/{rel}","templated":true}]}}