{"id":17135,"date":"2014-07-23T07:51:47","date_gmt":"2014-07-23T10:51:47","guid":{"rendered":"http:\/\/www.notibras.com\/site\/?p=17135"},"modified":"2014-07-23T07:51:47","modified_gmt":"2014-07-23T10:51:47","slug":"reparos-da-ceb-deixam-tres-regioes-do-df-sem-luz-nesta-quarta","status":"publish","type":"post","link":"https:\/\/www.notibras.com\/site\/reparos-da-ceb-deixam-tres-regioes-do-df-sem-luz-nesta-quarta\/","title":{"rendered":"Reparos da CEB deixam tr\u00eas regi\u00f5es do DF sem luz nesta quarta"},"content":{"rendered":"<p>A Companhia Energ\u00e9tica de Bras\u00edlia vai suspender o fornecimento de luz em tr\u00eas regi\u00f5es administrativas nesta quarta-feira (23) para realizar manuten\u00e7\u00e3o preventiva. Entre as atividades previstas est\u00e3o instala\u00e7\u00e3o de transformadores e substitui\u00e7\u00e3o de postes.<\/p>\n<p>O corte ocorre paralemamente em quadras de Sobradinho, Parano\u00e1 e Taguatinga. Os primeiros t\u00e9cnicos chegam \u00e0s 8h para dar in\u00edcio aos reparos.<\/p>\n<p>A previs\u00e3o da empresa \u00e9 que tudo esteja finalizado \u00e0s 15h. A interrup\u00e7\u00e3o no servi\u00e7o acontece para garantir a seguran\u00e7a dos profissionais envolvidos na opera\u00e7\u00e3o e dos moradores das regi\u00f5es afetadas.<\/p>\n<blockquote><p><strong>Veja locais e hor\u00e1rios:<\/strong><\/p>\n<p><strong>Parano\u00e1<br \/>\n<\/strong>Das 8h \u00e0s 12h<br \/>\nCondom\u00ednio Itapo\u00e3, Quadras 06, 07, 152, 372, Av. Comercial; Del Lago, Quadras 37, 43.<\/p>\n<p><strong>Taguatinga<br \/>\n<\/strong>Das 8h \u00e0s 12h<br \/>\nCol\u00f4nia Agr\u00edcola Vicente Pires, Chs. 32, 32-A, 32-B.<\/p>\n<p>Das 9h \u00e0s 14h<br \/>\nCol\u00f4nia Agr\u00edcola Vereda da Cruz, Chs. 02, 11, 13, 17, 18, 26 a 36, 426, 445, 449, 451, 463, 471, 472, 477, 478, 478-A, 488, 490, 491, 499, 513, 515, 525, 536 a 539, 486, 487.<\/p>\n<p><strong>Sobradinho<br \/>\n<\/strong>Das 9h \u00e0s 15h<br \/>\nQR 19, total.<\/p><\/blockquote>\n","protected":false},"excerpt":{"rendered":"<p>A Companhia Energ\u00e9tica de Bras\u00edlia vai suspender o fornecimento de luz em tr\u00eas regi\u00f5es administrativas nesta quarta-feira (23) para realizar manuten\u00e7\u00e3o preventiva. Entre as atividades previstas est\u00e3o instala\u00e7\u00e3o de transformadores e substitui\u00e7\u00e3o de postes. O corte ocorre paralemamente em quadras de Sobradinho, Parano\u00e1 e Taguatinga. Os primeiros t\u00e9cnicos chegam \u00e0s 8h para dar in\u00edcio aos [&hellip;]<\/p>\n","protected":false},"author":1,"featured_media":17137,"comment_status":"open","ping_status":"closed","sticky":false,"template":"","format":"standard","meta":{"_acf_changed":false,"footnotes":""},"categories":[1],"tags":[],"class_list":["post-17135","post","type-post","status-publish","format-standard","has-post-thumbnail","hentry","category-brasilia"],"acf":[],"_links":{"self":[{"href":"https:\/\/www.notibras.com\/site\/wp-json\/wp\/v2\/posts\/17135","targetHints":{"allow":["GET"]}}],"collection":[{"href":"https:\/\/www.notibras.com\/site\/wp-json\/wp\/v2\/posts"}],"about":[{"href":"https:\/\/www.notibras.com\/site\/wp-json\/wp\/v2\/types\/post"}],"author":[{"embeddable":true,"href":"https:\/\/www.notibras.com\/site\/wp-json\/wp\/v2\/users\/1"}],"replies":[{"embeddable":true,"href":"https:\/\/www.notibras.com\/site\/wp-json\/wp\/v2\/comments?post=17135"}],"version-history":[{"count":0,"href":"https:\/\/www.notibras.com\/site\/wp-json\/wp\/v2\/posts\/17135\/revisions"}],"wp:featuredmedia":[{"embeddable":true,"href":"https:\/\/www.notibras.com\/site\/wp-json\/wp\/v2\/media\/17137"}],"wp:attachment":[{"href":"https:\/\/www.notibras.com\/site\/wp-json\/wp\/v2\/media?parent=17135"}],"wp:term":[{"taxonomy":"category","embeddable":true,"href":"https:\/\/www.notibras.com\/site\/wp-json\/wp\/v2\/categories?post=17135"},{"taxonomy":"post_tag","embeddable":true,"href":"https:\/\/www.notibras.com\/site\/wp-json\/wp\/v2\/tags?post=17135"}],"curies":[{"name":"wp","href":"https:\/\/api.w.org\/{rel}","templated":true}]}}