{"id":17192,"date":"2014-07-23T14:04:55","date_gmt":"2014-07-23T17:04:55","guid":{"rendered":"http:\/\/www.notibras.com\/site\/?p=17192"},"modified":"2014-07-24T09:40:12","modified_gmt":"2014-07-24T12:40:12","slug":"fuga-de-dolares-soma-no-meio-do-ano-mais-de-4-bilhoes","status":"publish","type":"post","link":"https:\/\/www.notibras.com\/site\/fuga-de-dolares-soma-no-meio-do-ano-mais-de-4-bilhoes\/","title":{"rendered":"Economia treme e fuga de d\u00f3lares soma mais de 4 bi"},"content":{"rendered":"<p>As sa\u00eddas de d\u00f3lares do pa\u00eds superaram as entradas em US$ 4,039 bilh\u00f5es, neste m\u00eas, at\u00e9 o \u00faltimo dia 18, de acordo com dados do Banco Central (BC) divulgados hoje (23). Na semana passada, o saldo positivo em US$ 1,388 bilh\u00e3o n\u00e3o foi suficiente para mudar o resultado negativo parcial do m\u00eas.<\/p>\n<p>A maior parte do saldo negativo de julho, at\u00e9 o dia 18, veio do segmento financeiro (investimentos em t\u00edtulos, remessas de lucros e dividendos ao exterior e investimentos estrangeiros diretos, entre outras opera\u00e7\u00f5es), com registro de US$ 3,617 bilh\u00f5es. J\u00e1 o fluxo comercial (opera\u00e7\u00f5es de c\u00e2mbio relacionadas a exporta\u00e7\u00f5es e importa\u00e7\u00f5es) apresentou saldo negativo de US$ 422 milh\u00f5es.<\/p>\n<blockquote><p>De janeiro at\u00e9 a semana passada, o fluxo cambial est\u00e1 positivo em US$ 108 milh\u00f5es. Nesse per\u00edodo, o fluxo financeiro registrou saldo negativo de US$ 2,361 bilh\u00f5es, e o comercial, positivo em US$ 2,468 bilh\u00f5es.<\/p><\/blockquote>\n<div class=\"node-info\"><strong>Kelly Oliveira, ABr<\/strong><strong><br \/>\n<\/strong><\/div>\n","protected":false},"excerpt":{"rendered":"<p>As sa\u00eddas de d\u00f3lares do pa\u00eds superaram as entradas em US$ 4,039 bilh\u00f5es, neste m\u00eas, at\u00e9 o \u00faltimo dia 18, de acordo com dados do Banco Central (BC) divulgados hoje (23). Na semana passada, o saldo positivo em US$ 1,388 bilh\u00e3o n\u00e3o foi suficiente para mudar o resultado negativo parcial do m\u00eas. A maior parte [&hellip;]<\/p>\n","protected":false},"author":2,"featured_media":17193,"comment_status":"open","ping_status":"closed","sticky":false,"template":"","format":"standard","meta":{"_acf_changed":false,"footnotes":""},"categories":[16],"tags":[],"class_list":["post-17192","post","type-post","status-publish","format-standard","has-post-thumbnail","hentry","category-brasil"],"acf":[],"_links":{"self":[{"href":"https:\/\/www.notibras.com\/site\/wp-json\/wp\/v2\/posts\/17192","targetHints":{"allow":["GET"]}}],"collection":[{"href":"https:\/\/www.notibras.com\/site\/wp-json\/wp\/v2\/posts"}],"about":[{"href":"https:\/\/www.notibras.com\/site\/wp-json\/wp\/v2\/types\/post"}],"author":[{"embeddable":true,"href":"https:\/\/www.notibras.com\/site\/wp-json\/wp\/v2\/users\/2"}],"replies":[{"embeddable":true,"href":"https:\/\/www.notibras.com\/site\/wp-json\/wp\/v2\/comments?post=17192"}],"version-history":[{"count":0,"href":"https:\/\/www.notibras.com\/site\/wp-json\/wp\/v2\/posts\/17192\/revisions"}],"wp:featuredmedia":[{"embeddable":true,"href":"https:\/\/www.notibras.com\/site\/wp-json\/wp\/v2\/media\/17193"}],"wp:attachment":[{"href":"https:\/\/www.notibras.com\/site\/wp-json\/wp\/v2\/media?parent=17192"}],"wp:term":[{"taxonomy":"category","embeddable":true,"href":"https:\/\/www.notibras.com\/site\/wp-json\/wp\/v2\/categories?post=17192"},{"taxonomy":"post_tag","embeddable":true,"href":"https:\/\/www.notibras.com\/site\/wp-json\/wp\/v2\/tags?post=17192"}],"curies":[{"name":"wp","href":"https:\/\/api.w.org\/{rel}","templated":true}]}}