{"id":17198,"date":"2014-07-23T13:07:26","date_gmt":"2014-07-23T16:07:26","guid":{"rendered":"http:\/\/www.notibras.com\/site\/?p=17198"},"modified":"2014-07-23T14:09:24","modified_gmt":"2014-07-23T17:09:24","slug":"oi-e-multada-em-35-milhoes-por-violacao-de-direitos","status":"publish","type":"post","link":"https:\/\/www.notibras.com\/site\/oi-e-multada-em-35-milhoes-por-violacao-de-direitos\/","title":{"rendered":"Oi \u00e9 multada em 3,5 milh\u00f5es por viola\u00e7\u00e3o de direitos"},"content":{"rendered":"<p>A empresa de telefonia Oi foi multada em R$ 3,5 milh\u00f5es pelo Departamento de Prote\u00e7\u00e3o e Defesa do Consumidor (DPDC) por viola\u00e7\u00e3o ao direito \u00e0 informa\u00e7\u00e3o, \u00e0 prote\u00e7\u00e3o contra a publicidade enganosa, al\u00e9m do direito \u00e0 privacidade e intimidade.<\/p>\n<p>De acordo com o DPDC, \u00f3rg\u00e3o vinculado ao Minist\u00e9rio da Justi\u00e7a, o servi\u00e7o Navegador, disponibilizado aos consumidores do Velox, servi\u00e7o de banda larga da Oi, mapeava dados de usu\u00e1rios para compor um perfil de navega\u00e7\u00e3o. Segundo as investiga\u00e7\u00f5es, esses perfis eram comercializados com anunciantes, ag\u00eancias de publicidade e portais da <em>web<\/em>, para oferecer publicidade e conte\u00fado personalizados.<\/p>\n<blockquote><p>Em nota, o departamento informou que houve \u201cviola\u00e7\u00e3o aos princ\u00edpios da boa-f\u00e9 e transpar\u00eancia, al\u00e9m de publicidade enganosa\u201d. O documento informa ainda que a Oi, \u201ccom o pretexto de melhorar a experi\u00eancia de navega\u00e7\u00e3o, omitiu do consumidor informa\u00e7\u00f5es essenciais sobre o servi\u00e7o e suas implic\u00e2ncias para a privacidade e seguran\u00e7a de dados pessoais.\u201d<\/p><\/blockquote>\n<p>De acordo com o DPDC, o servi\u00e7o da Oi violou tamb\u00e9m princ\u00edpios fundamentais definidos pelo Comit\u00ea Gestor da Internet no Brasil, como a neutralidade da rede e o princ\u00edpio da padroniza\u00e7\u00e3o e interoperabilidade. \u201cA tecnologia do Navegador redireciona o tr\u00e1fego do consumidor na internet e filtra seus dados, de modo a compor seu perfil de navega\u00e7\u00e3o, contrariando padr\u00f5es da rede\u201d, diz nota do departamento.<\/p>\n<p>O valor da multa foi calculado, de acordo com o departamento, considerando crit\u00e9rios do C\u00f3digo de Defesa do Consumidor, como a \u201cvantagem econ\u00f4mica auferida, a condi\u00e7\u00e3o da empresa e a gravidade da conduta\u201d.<\/p>\n<p>O valor dever\u00e1 ser depositado no Fundo de Defesa de Direitos Difusos (FDD) e ser\u00e1 revertido para a\u00e7\u00f5es de prote\u00e7\u00e3o do meio ambiente, do patrim\u00f4nio p\u00fablico e da defesa dos consumidores.<\/p>\n<div class=\"node-info\"><strong>Ivan Richard, ABr<\/strong><strong><br \/>\n<\/strong><\/div>\n","protected":false},"excerpt":{"rendered":"<p>A empresa de telefonia Oi foi multada em R$ 3,5 milh\u00f5es pelo Departamento de Prote\u00e7\u00e3o e Defesa do Consumidor (DPDC) por viola\u00e7\u00e3o ao direito \u00e0 informa\u00e7\u00e3o, \u00e0 prote\u00e7\u00e3o contra a publicidade enganosa, al\u00e9m do direito \u00e0 privacidade e intimidade. De acordo com o DPDC, \u00f3rg\u00e3o vinculado ao Minist\u00e9rio da Justi\u00e7a, o servi\u00e7o Navegador, disponibilizado aos [&hellip;]<\/p>\n","protected":false},"author":2,"featured_media":17199,"comment_status":"open","ping_status":"closed","sticky":false,"template":"","format":"standard","meta":{"_acf_changed":false,"footnotes":""},"categories":[16],"tags":[],"class_list":["post-17198","post","type-post","status-publish","format-standard","has-post-thumbnail","hentry","category-brasil"],"acf":[],"_links":{"self":[{"href":"https:\/\/www.notibras.com\/site\/wp-json\/wp\/v2\/posts\/17198","targetHints":{"allow":["GET"]}}],"collection":[{"href":"https:\/\/www.notibras.com\/site\/wp-json\/wp\/v2\/posts"}],"about":[{"href":"https:\/\/www.notibras.com\/site\/wp-json\/wp\/v2\/types\/post"}],"author":[{"embeddable":true,"href":"https:\/\/www.notibras.com\/site\/wp-json\/wp\/v2\/users\/2"}],"replies":[{"embeddable":true,"href":"https:\/\/www.notibras.com\/site\/wp-json\/wp\/v2\/comments?post=17198"}],"version-history":[{"count":0,"href":"https:\/\/www.notibras.com\/site\/wp-json\/wp\/v2\/posts\/17198\/revisions"}],"wp:featuredmedia":[{"embeddable":true,"href":"https:\/\/www.notibras.com\/site\/wp-json\/wp\/v2\/media\/17199"}],"wp:attachment":[{"href":"https:\/\/www.notibras.com\/site\/wp-json\/wp\/v2\/media?parent=17198"}],"wp:term":[{"taxonomy":"category","embeddable":true,"href":"https:\/\/www.notibras.com\/site\/wp-json\/wp\/v2\/categories?post=17198"},{"taxonomy":"post_tag","embeddable":true,"href":"https:\/\/www.notibras.com\/site\/wp-json\/wp\/v2\/tags?post=17198"}],"curies":[{"name":"wp","href":"https:\/\/api.w.org\/{rel}","templated":true}]}}