{"id":17206,"date":"2014-07-23T18:24:08","date_gmt":"2014-07-23T21:24:08","guid":{"rendered":"http:\/\/www.notibras.com\/site\/?p=17206"},"modified":"2014-07-24T09:42:04","modified_gmt":"2014-07-24T12:42:04","slug":"ariano-suassuna-87-vai-ler-a-pedra-do-reino-para-joao-ubaldo-mendes","status":"publish","type":"post","link":"https:\/\/www.notibras.com\/site\/ariano-suassuna-87-vai-ler-a-pedra-do-reino-para-joao-ubaldo-mendes\/","title":{"rendered":"Ariano Suassuna vai ler o romance A Pedra do Reino para Jo\u00e3o Ubaldo e Rubem"},"content":{"rendered":"<p>O escritor Ariano Suassuna morreu na tarde desta quarta-feira 23 no Recife. Ele passou mal em casa, na noite de segunda-feira (21), e foi levado ao hospital por volta das 20h, ap\u00f3s sofrer um acidente vascular cerebral (AVC) do tipo hemorr\u00e1gico.<\/p>\n<p>\u00c0s 23h do mesmo dia, terminou a cirurgia de emerg\u00eancia para a coloca\u00e7\u00e3o de dois drenos, com o objetivo de controlar a press\u00e3o intracraniana provocada pelo AVC. Ele entrou em coma e n\u00e3o resistiu, morrendo v\u00edtima de fal\u00eancia m\u00faltipla dos \u00f3rg\u00e3os.<\/p>\n<p class=\"text\">Nos \u00faltimos 10 dias o Brasil perdeu outros dois grandes escritores: o baiano Jo\u00e3o Ubaldo Ribeiro e o paulista Rubem Alves.<\/p>\n<p class=\"text\">No ano passado, Suassuna sofreu um infarto, e dois dias depois de receber alta, deu entrada novamente no hospital por causa de um aneurisma cerebral.<\/p>\n<p class=\"text\">Ariano Vilar Suassuna nasceu em Jo\u00e3o Pessoa, na Para\u00edba, no dia 16 de junho de 1927. Dramaturgo, romancista e poeta, escreveu obras que se popularizaram ao serem adaptadas para o cinema e a televis\u00e3o, como <em>O Auto da Compadecida<\/em>\u00a0e <em>Romance d\u2019a Pedra do Reino e O Pr\u00edncipe do Sangue do Vai-e-Volta<\/em>.<\/p>\n<p class=\"text\">Cresceu no sert\u00e3o paraibano e, em 1942, mudou-se com a fam\u00edlia para o Recife, onde concluiu os estudos secund\u00e1rios. Em 1946, iniciou a Faculdade de Direito e conheceu Hermilio Borba Filho, seu parceiro na cria\u00e7\u00e3o do Teatro do Estudante de Pernambuco e do Teatro Popular do Nordeste.<\/p>\n<blockquote>\n<p class=\"text\">Suas primeiras pe\u00e7as foram <em>Uma Mulher Vestida de Sol, Cantam as Harpas de Si\u00e3o, Os Homens de Barro, Torturas de um Cora\u00e7\u00e3o, O Castigo da Soberba<\/em> e<em> O Rico Avarento<\/em>. Ap\u00f3s conciliar a carreira de escritor com a advocacia, resolveu abandonar esta \u00faltima para se tornar professor na Universidade Federal de Pernambuco.<\/p>\n<\/blockquote>\n<p class=\"text\">Idealizou o Movimento Armorial, que prop\u00f4s a cria\u00e7\u00e3o de arte erudita a partir de elementos da cultura popular nordestina, e teve obras traduzidas para ingl\u00eas, franc\u00eas, espanhol, alem\u00e3o, holand\u00eas, italiano e polon\u00eas.<\/p>\n<p class=\"text\">Ocupa cadeiras na Academia Pernambucana de Letras, na Academia Brasileira de Letras e na Academia Paraibana de Letras.<\/p>\n<p class=\"text\"><strong>Lista de obras de Ariano Suassuna<\/strong><\/p>\n<p class=\"text\"><strong>Teatro<\/strong><br \/>\n<em>Uma mulher vestida de Sol <\/em>(1947)<br \/>\n<em>Cantam as harpas de Si\u00e3o ou O desertor de Princesa<\/em> (1948)<br \/>\n<em>Os homens de barro<\/em> (1949)<br \/>\n<em>Auto de Jo\u00e3o da Cruz <\/em>(1950)<br \/>\n<em>Torturas de um cora\u00e7\u00e3o<\/em> (1951)<br \/>\n<em>O arco desolado<\/em> (1952)<br \/>\n<em>O castigo da soberba<\/em> (1953)<br \/>\n<em>O rico avarento<\/em> (1954)<br \/>\n<em>Auto da compadecida <\/em>(1955)<br \/>\n<em>O casamento suspeitoso<\/em> (1957)<br \/>\n<em>O santo e a porca<\/em> (1957)<br \/>\n<em>O homem da vaca e o poder da fortuna<\/em> (1958)<br \/>\n<em>A pena e a lei <\/em>(1959)<br \/>\n<em>Farsa da boa pregui\u00e7a<\/em> (1960)<br \/>\n<em>A Caseira e a Catarina<\/em> (1962)<br \/>\n<em>As conchambran\u00e7as de Quaderna<\/em> (1987)<br \/>\n<em>Fernando e Isaura<\/em> (1956)<\/p>\n<p class=\"text\"><b>Romance<\/b><br \/>\n<em>A Hist\u00f3ria de amor de Fernando e Isaura<\/em> (1956)<br \/>\n<em>O Romance d&#8217;A Pedra do Reino e o Pr\u00edncipe do Sangue do Vai-e-Volta<\/em> (1971)<br \/>\n<em>Hist\u00f3ria d&#8217;O Rei Degolado nas caatingas do sert\u00e3o \/ Ao sol da On\u00e7a Caetana<\/em> (1976)<\/p>\n<p class=\"text\"><strong>Poesia<\/strong><br \/>\n<em>O pasto incendiado<\/em> (1945-1970)<br \/>\n<em>Ode<\/em> (1955)<br \/>\n<em>Sonetos com mote alheio<\/em> (1980)<br \/>\n<em>Sonetos de Albano Cervonegro<\/em> (1985)<br \/>\n<em>Poemas <\/em>(antologia) (1999)<\/p>\n","protected":false},"excerpt":{"rendered":"<p>O escritor Ariano Suassuna morreu na tarde desta quarta-feira 23 no Recife. Ele passou mal em casa, na noite de segunda-feira (21), e foi levado ao hospital por volta das 20h, ap\u00f3s sofrer um acidente vascular cerebral (AVC) do tipo hemorr\u00e1gico. \u00c0s 23h do mesmo dia, terminou a cirurgia de emerg\u00eancia para a coloca\u00e7\u00e3o de [&hellip;]<\/p>\n","protected":false},"author":2,"featured_media":17207,"comment_status":"open","ping_status":"closed","sticky":false,"template":"","format":"standard","meta":{"_acf_changed":false,"footnotes":""},"categories":[16],"tags":[],"class_list":["post-17206","post","type-post","status-publish","format-standard","has-post-thumbnail","hentry","category-brasil"],"acf":[],"_links":{"self":[{"href":"https:\/\/www.notibras.com\/site\/wp-json\/wp\/v2\/posts\/17206","targetHints":{"allow":["GET"]}}],"collection":[{"href":"https:\/\/www.notibras.com\/site\/wp-json\/wp\/v2\/posts"}],"about":[{"href":"https:\/\/www.notibras.com\/site\/wp-json\/wp\/v2\/types\/post"}],"author":[{"embeddable":true,"href":"https:\/\/www.notibras.com\/site\/wp-json\/wp\/v2\/users\/2"}],"replies":[{"embeddable":true,"href":"https:\/\/www.notibras.com\/site\/wp-json\/wp\/v2\/comments?post=17206"}],"version-history":[{"count":0,"href":"https:\/\/www.notibras.com\/site\/wp-json\/wp\/v2\/posts\/17206\/revisions"}],"wp:featuredmedia":[{"embeddable":true,"href":"https:\/\/www.notibras.com\/site\/wp-json\/wp\/v2\/media\/17207"}],"wp:attachment":[{"href":"https:\/\/www.notibras.com\/site\/wp-json\/wp\/v2\/media?parent=17206"}],"wp:term":[{"taxonomy":"category","embeddable":true,"href":"https:\/\/www.notibras.com\/site\/wp-json\/wp\/v2\/categories?post=17206"},{"taxonomy":"post_tag","embeddable":true,"href":"https:\/\/www.notibras.com\/site\/wp-json\/wp\/v2\/tags?post=17206"}],"curies":[{"name":"wp","href":"https:\/\/api.w.org\/{rel}","templated":true}]}}