{"id":17257,"date":"2014-07-24T00:18:00","date_gmt":"2014-07-24T03:18:00","guid":{"rendered":"http:\/\/www.notibras.com\/site\/?p=17257"},"modified":"2014-07-24T08:19:23","modified_gmt":"2014-07-24T11:19:23","slug":"fla-demite-ney-e-chama-luxemburgo-para-salvar-a-patria","status":"publish","type":"post","link":"https:\/\/www.notibras.com\/site\/fla-demite-ney-e-chama-luxemburgo-para-salvar-a-patria\/","title":{"rendered":"Fla demite Ney e chama Luxemburgo para salvar a p\u00e1tria"},"content":{"rendered":"<p>Ap\u00f3s apenas sete jogos \u00e0 frente do Flamengo, Ney Franco n\u00e3o \u00e9 mais o t\u00e9cnico do clube rubro-negro. O treinador foi demitido nesta quarta-feira, e dar\u00e1 lugar a Vanderlei Luxemburgo, desempregado desde novembro do ano passado.<\/p>\n<p>Ney deixa a equipe carioca com um retrospecto de quatro derrotas e tr\u00eas empates. O \u00faltimo rev\u00e9s aconteceu no domingo, com os 4 a 0 sofridos para o Internacional no Est\u00e1dio Beira-Rio, que mantiveram o time da G\u00e1vea na lanterna do Campeonato Brasileiro.<\/p>\n<blockquote>\n<p class=\"text\">A volta de Luxemburgo, que j\u00e1 treinou o Flamengo em outras tr\u00eas oportunidades &#8211; 1991, 1995 e 2010\/12 -, pode tamb\u00e9m ser ind\u00edcio de um retorno\u00a0do \u00eddolo\u00a0Zico para assumir algum cargo executivo no clube nos pr\u00f3ximos dias. O contrato do treinador com a equipe rubro-negra vai at\u00e9 dezembro de 2015, e ele j\u00e1 dirige o time no cl\u00e1ssico contra o Botafogo, neste domingo, no Maracan\u00e3, pelo Campeonato Brasileiro.<\/p>\n<\/blockquote>\n<p class=\"text\">Tamb\u00e9m deixam o clube o auxiliar \u00c9der Bastos e o preparador f\u00edsico Alexandre Lopes, que ser\u00e3o substitu\u00eddos, respectivamente, pelo ex-atacante Deivid e por Ant\u00f4nio Mello. De acordo com nota divulgada no site oficial do Flamengo, Ney Franco &#8220;agradeceu a oportunidade de comandar o clube de maior torcida do mundo&#8221; e afirmou &#8220;confiar na recupera\u00e7\u00e3o do time&#8221;.<\/p>\n","protected":false},"excerpt":{"rendered":"<p>Ap\u00f3s apenas sete jogos \u00e0 frente do Flamengo, Ney Franco n\u00e3o \u00e9 mais o t\u00e9cnico do clube rubro-negro. O treinador foi demitido nesta quarta-feira, e dar\u00e1 lugar a Vanderlei Luxemburgo, desempregado desde novembro do ano passado. Ney deixa a equipe carioca com um retrospecto de quatro derrotas e tr\u00eas empates. O \u00faltimo rev\u00e9s aconteceu no [&hellip;]<\/p>\n","protected":false},"author":2,"featured_media":17259,"comment_status":"open","ping_status":"closed","sticky":false,"template":"","format":"standard","meta":{"_acf_changed":false,"footnotes":""},"categories":[19,29],"tags":[],"class_list":["post-17257","post","type-post","status-publish","format-standard","has-post-thumbnail","hentry","category-esportes","category-futebol"],"acf":[],"yoast_head":"<!-- This site is optimized with the Yoast SEO plugin v27.2 - https:\/\/yoast.com\/product\/yoast-seo-wordpress\/ -->\n<title>Fla demite Ney e chama Luxemburgo para salvar a p\u00e1tria - Notibras<\/title>\n<meta name=\"robots\" content=\"index, follow, max-snippet:-1, max-image-preview:large, max-video-preview:-1\" \/>\n<link rel=\"canonical\" href=\"https:\/\/www.notibras.com\/site\/fla-demite-ney-e-chama-luxemburgo-para-salvar-a-patria\/\" \/>\n<meta property=\"og:locale\" content=\"pt_BR\" \/>\n<meta property=\"og:type\" content=\"article\" \/>\n<meta property=\"og:title\" content=\"Fla demite Ney e chama Luxemburgo para salvar a p\u00e1tria - Notibras\" \/>\n<meta property=\"og:description\" content=\"Ap\u00f3s apenas sete jogos \u00e0 frente do Flamengo, Ney Franco n\u00e3o \u00e9 mais o t\u00e9cnico do clube rubro-negro. O treinador foi demitido nesta quarta-feira, e dar\u00e1 lugar a Vanderlei Luxemburgo, desempregado desde novembro do ano passado. Ney deixa a equipe carioca com um retrospecto de quatro derrotas e tr\u00eas empates. O \u00faltimo rev\u00e9s aconteceu no [&hellip;]\" \/>\n<meta property=\"og:url\" content=\"https:\/\/www.notibras.com\/site\/fla-demite-ney-e-chama-luxemburgo-para-salvar-a-patria\/\" \/>\n<meta property=\"og:site_name\" content=\"Notibras\" \/>\n<meta property=\"article:publisher\" content=\"https:\/\/www.facebook.com\/notibras\/\" \/>\n<meta property=\"article:published_time\" content=\"2014-07-24T03:18:00+00:00\" \/>\n<meta property=\"article:modified_time\" content=\"2014-07-24T11:19:23+00:00\" \/>\n<meta property=\"og:image\" content=\"https:\/\/www.notibras.com\/site\/wp-content\/uploads\/2014\/07\/03luxemburgoalexandreloureirogetty.jpg\" \/>\n\t<meta property=\"og:image:width\" content=\"460\" \/>\n\t<meta property=\"og:image:height\" content=\"340\" \/>\n\t<meta property=\"og:image:type\" content=\"image\/jpeg\" \/>\n<meta name=\"author\" content=\"Reda\u00e7\u00e3o\" \/>\n<meta name=\"twitter:card\" content=\"summary_large_image\" \/>\n<meta name=\"twitter:creator\" content=\"@Notibras\" \/>\n<meta name=\"twitter:site\" content=\"@Notibras\" \/>\n<meta name=\"twitter:label1\" content=\"Escrito por\" \/>\n\t<meta name=\"twitter:data1\" content=\"Reda\u00e7\u00e3o\" \/>\n\t<meta name=\"twitter:label2\" content=\"Est. tempo de leitura\" \/>\n\t<meta name=\"twitter:data2\" content=\"1 minuto\" \/>\n<script type=\"application\/ld+json\" class=\"yoast-schema-graph\">{\"@context\":\"https:\/\/schema.org\",\"@graph\":[{\"@type\":\"Article\",\"@id\":\"https:\/\/www.notibras.com\/site\/fla-demite-ney-e-chama-luxemburgo-para-salvar-a-patria\/#article\",\"isPartOf\":{\"@id\":\"https:\/\/www.notibras.com\/site\/fla-demite-ney-e-chama-luxemburgo-para-salvar-a-patria\/\"},\"author\":{\"name\":\"Reda\u00e7\u00e3o\",\"@id\":\"https:\/\/www.notibras.com\/site\/#\/schema\/person\/36ab0979449956132d3e5b517ea76ac8\"},\"headline\":\"Fla demite Ney e chama Luxemburgo para salvar a p\u00e1tria\",\"datePublished\":\"2014-07-24T03:18:00+00:00\",\"dateModified\":\"2014-07-24T11:19:23+00:00\",\"mainEntityOfPage\":{\"@id\":\"https:\/\/www.notibras.com\/site\/fla-demite-ney-e-chama-luxemburgo-para-salvar-a-patria\/\"},\"wordCount\":226,\"commentCount\":0,\"publisher\":{\"@id\":\"https:\/\/www.notibras.com\/site\/#organization\"},\"image\":{\"@id\":\"https:\/\/www.notibras.com\/site\/fla-demite-ney-e-chama-luxemburgo-para-salvar-a-patria\/#primaryimage\"},\"thumbnailUrl\":\"https:\/\/www.notibras.com\/site\/wp-content\/uploads\/2014\/07\/03luxemburgoalexandreloureirogetty.jpg\",\"articleSection\":[\"Esportes\",\"Futebol\"],\"inLanguage\":\"pt-BR\",\"potentialAction\":[{\"@type\":\"CommentAction\",\"name\":\"Comment\",\"target\":[\"https:\/\/www.notibras.com\/site\/fla-demite-ney-e-chama-luxemburgo-para-salvar-a-patria\/#respond\"]}]},{\"@type\":\"WebPage\",\"@id\":\"https:\/\/www.notibras.com\/site\/fla-demite-ney-e-chama-luxemburgo-para-salvar-a-patria\/\",\"url\":\"https:\/\/www.notibras.com\/site\/fla-demite-ney-e-chama-luxemburgo-para-salvar-a-patria\/\",\"name\":\"Fla demite Ney e chama Luxemburgo para salvar a p\u00e1tria - Notibras\",\"isPartOf\":{\"@id\":\"https:\/\/www.notibras.com\/site\/#website\"},\"primaryImageOfPage\":{\"@id\":\"https:\/\/www.notibras.com\/site\/fla-demite-ney-e-chama-luxemburgo-para-salvar-a-patria\/#primaryimage\"},\"image\":{\"@id\":\"https:\/\/www.notibras.com\/site\/fla-demite-ney-e-chama-luxemburgo-para-salvar-a-patria\/#primaryimage\"},\"thumbnailUrl\":\"https:\/\/www.notibras.com\/site\/wp-content\/uploads\/2014\/07\/03luxemburgoalexandreloureirogetty.jpg\",\"datePublished\":\"2014-07-24T03:18:00+00:00\",\"dateModified\":\"2014-07-24T11:19:23+00:00\",\"breadcrumb\":{\"@id\":\"https:\/\/www.notibras.com\/site\/fla-demite-ney-e-chama-luxemburgo-para-salvar-a-patria\/#breadcrumb\"},\"inLanguage\":\"pt-BR\",\"potentialAction\":[{\"@type\":\"ReadAction\",\"target\":[\"https:\/\/www.notibras.com\/site\/fla-demite-ney-e-chama-luxemburgo-para-salvar-a-patria\/\"]}]},{\"@type\":\"ImageObject\",\"inLanguage\":\"pt-BR\",\"@id\":\"https:\/\/www.notibras.com\/site\/fla-demite-ney-e-chama-luxemburgo-para-salvar-a-patria\/#primaryimage\",\"url\":\"https:\/\/www.notibras.com\/site\/wp-content\/uploads\/2014\/07\/03luxemburgoalexandreloureirogetty.jpg\",\"contentUrl\":\"https:\/\/www.notibras.com\/site\/wp-content\/uploads\/2014\/07\/03luxemburgoalexandreloureirogetty.jpg\",\"width\":460,\"height\":340},{\"@type\":\"BreadcrumbList\",\"@id\":\"https:\/\/www.notibras.com\/site\/fla-demite-ney-e-chama-luxemburgo-para-salvar-a-patria\/#breadcrumb\",\"itemListElement\":[{\"@type\":\"ListItem\",\"position\":1,\"name\":\"In\u00edcio\",\"item\":\"https:\/\/www.notibras.com\/site\/\"},{\"@type\":\"ListItem\",\"position\":2,\"name\":\"Fla demite Ney e chama Luxemburgo para salvar a p\u00e1tria\"}]},{\"@type\":\"WebSite\",\"@id\":\"https:\/\/www.notibras.com\/site\/#website\",\"url\":\"https:\/\/www.notibras.com\/site\/\",\"name\":\"Notibras\",\"description\":\"Not\u00edcias de Bras\u00edlia, do Brasil e do Mundo\",\"publisher\":{\"@id\":\"https:\/\/www.notibras.com\/site\/#organization\"},\"potentialAction\":[{\"@type\":\"SearchAction\",\"target\":{\"@type\":\"EntryPoint\",\"urlTemplate\":\"https:\/\/www.notibras.com\/site\/?s={search_term_string}\"},\"query-input\":{\"@type\":\"PropertyValueSpecification\",\"valueRequired\":true,\"valueName\":\"search_term_string\"}}],\"inLanguage\":\"pt-BR\"},{\"@type\":\"Organization\",\"@id\":\"https:\/\/www.notibras.com\/site\/#organization\",\"name\":\"Grupo Notibras de Comunica\u00e7\u00e3o\",\"url\":\"https:\/\/www.notibras.com\/site\/\",\"logo\":{\"@type\":\"ImageObject\",\"inLanguage\":\"pt-BR\",\"@id\":\"https:\/\/www.notibras.com\/site\/#\/schema\/logo\/image\/\",\"url\":\"https:\/\/www.notibras.com\/site\/wp-content\/uploads\/2023\/01\/notibras23.png\",\"contentUrl\":\"https:\/\/www.notibras.com\/site\/wp-content\/uploads\/2023\/01\/notibras23.png\",\"width\":350,\"height\":87,\"caption\":\"Grupo Notibras de Comunica\u00e7\u00e3o\"},\"image\":{\"@id\":\"https:\/\/www.notibras.com\/site\/#\/schema\/logo\/image\/\"},\"sameAs\":[\"https:\/\/www.facebook.com\/notibras\/\",\"https:\/\/x.com\/Notibras\",\"https:\/\/www.instagram.com\/notibras\/\"]},{\"@type\":\"Person\",\"@id\":\"https:\/\/www.notibras.com\/site\/#\/schema\/person\/36ab0979449956132d3e5b517ea76ac8\",\"name\":\"Reda\u00e7\u00e3o\",\"image\":{\"@type\":\"ImageObject\",\"inLanguage\":\"pt-BR\",\"@id\":\"https:\/\/secure.gravatar.com\/avatar\/e0a867bdedb85fd243eadf09663511f96fc81e0720a4a42581f334ad4303aa6b?s=96&d=mm&r=g\",\"url\":\"https:\/\/secure.gravatar.com\/avatar\/e0a867bdedb85fd243eadf09663511f96fc81e0720a4a42581f334ad4303aa6b?s=96&d=mm&r=g\",\"contentUrl\":\"https:\/\/secure.gravatar.com\/avatar\/e0a867bdedb85fd243eadf09663511f96fc81e0720a4a42581f334ad4303aa6b?s=96&d=mm&r=g\",\"caption\":\"Reda\u00e7\u00e3o\"}}]}<\/script>\n<!-- \/ Yoast SEO plugin. -->","yoast_head_json":{"title":"Fla demite Ney e chama Luxemburgo para salvar a p\u00e1tria - Notibras","robots":{"index":"index","follow":"follow","max-snippet":"max-snippet:-1","max-image-preview":"max-image-preview:large","max-video-preview":"max-video-preview:-1"},"canonical":"https:\/\/www.notibras.com\/site\/fla-demite-ney-e-chama-luxemburgo-para-salvar-a-patria\/","og_locale":"pt_BR","og_type":"article","og_title":"Fla demite Ney e chama Luxemburgo para salvar a p\u00e1tria - Notibras","og_description":"Ap\u00f3s apenas sete jogos \u00e0 frente do Flamengo, Ney Franco n\u00e3o \u00e9 mais o t\u00e9cnico do clube rubro-negro. O treinador foi demitido nesta quarta-feira, e dar\u00e1 lugar a Vanderlei Luxemburgo, desempregado desde novembro do ano passado. Ney deixa a equipe carioca com um retrospecto de quatro derrotas e tr\u00eas empates. O \u00faltimo rev\u00e9s aconteceu no [&hellip;]","og_url":"https:\/\/www.notibras.com\/site\/fla-demite-ney-e-chama-luxemburgo-para-salvar-a-patria\/","og_site_name":"Notibras","article_publisher":"https:\/\/www.facebook.com\/notibras\/","article_published_time":"2014-07-24T03:18:00+00:00","article_modified_time":"2014-07-24T11:19:23+00:00","og_image":[{"width":460,"height":340,"url":"https:\/\/www.notibras.com\/site\/wp-content\/uploads\/2014\/07\/03luxemburgoalexandreloureirogetty.jpg","type":"image\/jpeg"}],"author":"Reda\u00e7\u00e3o","twitter_card":"summary_large_image","twitter_creator":"@Notibras","twitter_site":"@Notibras","twitter_misc":{"Escrito por":"Reda\u00e7\u00e3o","Est. tempo de leitura":"1 minuto"},"schema":{"@context":"https:\/\/schema.org","@graph":[{"@type":"Article","@id":"https:\/\/www.notibras.com\/site\/fla-demite-ney-e-chama-luxemburgo-para-salvar-a-patria\/#article","isPartOf":{"@id":"https:\/\/www.notibras.com\/site\/fla-demite-ney-e-chama-luxemburgo-para-salvar-a-patria\/"},"author":{"name":"Reda\u00e7\u00e3o","@id":"https:\/\/www.notibras.com\/site\/#\/schema\/person\/36ab0979449956132d3e5b517ea76ac8"},"headline":"Fla demite Ney e chama Luxemburgo para salvar a p\u00e1tria","datePublished":"2014-07-24T03:18:00+00:00","dateModified":"2014-07-24T11:19:23+00:00","mainEntityOfPage":{"@id":"https:\/\/www.notibras.com\/site\/fla-demite-ney-e-chama-luxemburgo-para-salvar-a-patria\/"},"wordCount":226,"commentCount":0,"publisher":{"@id":"https:\/\/www.notibras.com\/site\/#organization"},"image":{"@id":"https:\/\/www.notibras.com\/site\/fla-demite-ney-e-chama-luxemburgo-para-salvar-a-patria\/#primaryimage"},"thumbnailUrl":"https:\/\/www.notibras.com\/site\/wp-content\/uploads\/2014\/07\/03luxemburgoalexandreloureirogetty.jpg","articleSection":["Esportes","Futebol"],"inLanguage":"pt-BR","potentialAction":[{"@type":"CommentAction","name":"Comment","target":["https:\/\/www.notibras.com\/site\/fla-demite-ney-e-chama-luxemburgo-para-salvar-a-patria\/#respond"]}]},{"@type":"WebPage","@id":"https:\/\/www.notibras.com\/site\/fla-demite-ney-e-chama-luxemburgo-para-salvar-a-patria\/","url":"https:\/\/www.notibras.com\/site\/fla-demite-ney-e-chama-luxemburgo-para-salvar-a-patria\/","name":"Fla demite Ney e chama Luxemburgo para salvar a p\u00e1tria - Notibras","isPartOf":{"@id":"https:\/\/www.notibras.com\/site\/#website"},"primaryImageOfPage":{"@id":"https:\/\/www.notibras.com\/site\/fla-demite-ney-e-chama-luxemburgo-para-salvar-a-patria\/#primaryimage"},"image":{"@id":"https:\/\/www.notibras.com\/site\/fla-demite-ney-e-chama-luxemburgo-para-salvar-a-patria\/#primaryimage"},"thumbnailUrl":"https:\/\/www.notibras.com\/site\/wp-content\/uploads\/2014\/07\/03luxemburgoalexandreloureirogetty.jpg","datePublished":"2014-07-24T03:18:00+00:00","dateModified":"2014-07-24T11:19:23+00:00","breadcrumb":{"@id":"https:\/\/www.notibras.com\/site\/fla-demite-ney-e-chama-luxemburgo-para-salvar-a-patria\/#breadcrumb"},"inLanguage":"pt-BR","potentialAction":[{"@type":"ReadAction","target":["https:\/\/www.notibras.com\/site\/fla-demite-ney-e-chama-luxemburgo-para-salvar-a-patria\/"]}]},{"@type":"ImageObject","inLanguage":"pt-BR","@id":"https:\/\/www.notibras.com\/site\/fla-demite-ney-e-chama-luxemburgo-para-salvar-a-patria\/#primaryimage","url":"https:\/\/www.notibras.com\/site\/wp-content\/uploads\/2014\/07\/03luxemburgoalexandreloureirogetty.jpg","contentUrl":"https:\/\/www.notibras.com\/site\/wp-content\/uploads\/2014\/07\/03luxemburgoalexandreloureirogetty.jpg","width":460,"height":340},{"@type":"BreadcrumbList","@id":"https:\/\/www.notibras.com\/site\/fla-demite-ney-e-chama-luxemburgo-para-salvar-a-patria\/#breadcrumb","itemListElement":[{"@type":"ListItem","position":1,"name":"In\u00edcio","item":"https:\/\/www.notibras.com\/site\/"},{"@type":"ListItem","position":2,"name":"Fla demite Ney e chama Luxemburgo para salvar a p\u00e1tria"}]},{"@type":"WebSite","@id":"https:\/\/www.notibras.com\/site\/#website","url":"https:\/\/www.notibras.com\/site\/","name":"Notibras","description":"Not\u00edcias de Bras\u00edlia, do Brasil e do Mundo","publisher":{"@id":"https:\/\/www.notibras.com\/site\/#organization"},"potentialAction":[{"@type":"SearchAction","target":{"@type":"EntryPoint","urlTemplate":"https:\/\/www.notibras.com\/site\/?s={search_term_string}"},"query-input":{"@type":"PropertyValueSpecification","valueRequired":true,"valueName":"search_term_string"}}],"inLanguage":"pt-BR"},{"@type":"Organization","@id":"https:\/\/www.notibras.com\/site\/#organization","name":"Grupo Notibras de Comunica\u00e7\u00e3o","url":"https:\/\/www.notibras.com\/site\/","logo":{"@type":"ImageObject","inLanguage":"pt-BR","@id":"https:\/\/www.notibras.com\/site\/#\/schema\/logo\/image\/","url":"https:\/\/www.notibras.com\/site\/wp-content\/uploads\/2023\/01\/notibras23.png","contentUrl":"https:\/\/www.notibras.com\/site\/wp-content\/uploads\/2023\/01\/notibras23.png","width":350,"height":87,"caption":"Grupo Notibras de Comunica\u00e7\u00e3o"},"image":{"@id":"https:\/\/www.notibras.com\/site\/#\/schema\/logo\/image\/"},"sameAs":["https:\/\/www.facebook.com\/notibras\/","https:\/\/x.com\/Notibras","https:\/\/www.instagram.com\/notibras\/"]},{"@type":"Person","@id":"https:\/\/www.notibras.com\/site\/#\/schema\/person\/36ab0979449956132d3e5b517ea76ac8","name":"Reda\u00e7\u00e3o","image":{"@type":"ImageObject","inLanguage":"pt-BR","@id":"https:\/\/secure.gravatar.com\/avatar\/e0a867bdedb85fd243eadf09663511f96fc81e0720a4a42581f334ad4303aa6b?s=96&d=mm&r=g","url":"https:\/\/secure.gravatar.com\/avatar\/e0a867bdedb85fd243eadf09663511f96fc81e0720a4a42581f334ad4303aa6b?s=96&d=mm&r=g","contentUrl":"https:\/\/secure.gravatar.com\/avatar\/e0a867bdedb85fd243eadf09663511f96fc81e0720a4a42581f334ad4303aa6b?s=96&d=mm&r=g","caption":"Reda\u00e7\u00e3o"}}]}},"amp_enabled":true,"_links":{"self":[{"href":"https:\/\/www.notibras.com\/site\/wp-json\/wp\/v2\/posts\/17257","targetHints":{"allow":["GET"]}}],"collection":[{"href":"https:\/\/www.notibras.com\/site\/wp-json\/wp\/v2\/posts"}],"about":[{"href":"https:\/\/www.notibras.com\/site\/wp-json\/wp\/v2\/types\/post"}],"author":[{"embeddable":true,"href":"https:\/\/www.notibras.com\/site\/wp-json\/wp\/v2\/users\/2"}],"replies":[{"embeddable":true,"href":"https:\/\/www.notibras.com\/site\/wp-json\/wp\/v2\/comments?post=17257"}],"version-history":[{"count":0,"href":"https:\/\/www.notibras.com\/site\/wp-json\/wp\/v2\/posts\/17257\/revisions"}],"wp:featuredmedia":[{"embeddable":true,"href":"https:\/\/www.notibras.com\/site\/wp-json\/wp\/v2\/media\/17259"}],"wp:attachment":[{"href":"https:\/\/www.notibras.com\/site\/wp-json\/wp\/v2\/media?parent=17257"}],"wp:term":[{"taxonomy":"category","embeddable":true,"href":"https:\/\/www.notibras.com\/site\/wp-json\/wp\/v2\/categories?post=17257"},{"taxonomy":"post_tag","embeddable":true,"href":"https:\/\/www.notibras.com\/site\/wp-json\/wp\/v2\/tags?post=17257"}],"curies":[{"name":"wp","href":"https:\/\/api.w.org\/{rel}","templated":true}]}}