{"id":17270,"date":"2014-07-24T08:54:10","date_gmt":"2014-07-24T11:54:10","guid":{"rendered":"http:\/\/www.notibras.com\/site\/?p=17270"},"modified":"2014-07-24T08:54:10","modified_gmt":"2014-07-24T11:54:10","slug":"rollemberg-ve-da-tribuna-de-honra-a-briga-entre-gladiadores","status":"publish","type":"post","link":"https:\/\/www.notibras.com\/site\/rollemberg-ve-da-tribuna-de-honra-a-briga-entre-gladiadores\/","title":{"rendered":"Rollemberg v\u00ea da tribuna de honra a briga entre gladiadores"},"content":{"rendered":"<p>O socialista Rodrigo Rollemberg marcha firme em dire\u00e7\u00e3o ao Pal\u00e1cio dio Buriti. Avesso ao jogo baixo comumente observado em campanhas eleitorais, ele prefere que os advers\u00e1rios transformem os palanques em arena e que sangrem entre si. N\u00e3o vai entrar na troca de agress\u00f5es, de den\u00fancias. Vai cobrar os erros, claros. Mas, como seu projeto \u00e9 propositivo, acaba ganhando um espa\u00e7o generoso na cabe\u00e7a do eleitor.<\/p>\n","protected":false},"excerpt":{"rendered":"<p>O socialista Rodrigo Rollemberg marcha firme em dire\u00e7\u00e3o ao Pal\u00e1cio dio Buriti. Avesso ao jogo baixo comumente observado em campanhas eleitorais, ele prefere que os advers\u00e1rios transformem os palanques em arena e que sangrem entre si. N\u00e3o vai entrar na troca de agress\u00f5es, de den\u00fancias. Vai cobrar os erros, claros. Mas, como seu projeto \u00e9 [&hellip;]<\/p>\n","protected":false},"author":2,"featured_media":17271,"comment_status":"open","ping_status":"closed","sticky":false,"template":"","format":"standard","meta":{"_acf_changed":false,"footnotes":""},"categories":[26],"tags":[],"class_list":["post-17270","post","type-post","status-publish","format-standard","has-post-thumbnail","hentry","category-eleicoes-2022"],"acf":[],"_links":{"self":[{"href":"https:\/\/www.notibras.com\/site\/wp-json\/wp\/v2\/posts\/17270","targetHints":{"allow":["GET"]}}],"collection":[{"href":"https:\/\/www.notibras.com\/site\/wp-json\/wp\/v2\/posts"}],"about":[{"href":"https:\/\/www.notibras.com\/site\/wp-json\/wp\/v2\/types\/post"}],"author":[{"embeddable":true,"href":"https:\/\/www.notibras.com\/site\/wp-json\/wp\/v2\/users\/2"}],"replies":[{"embeddable":true,"href":"https:\/\/www.notibras.com\/site\/wp-json\/wp\/v2\/comments?post=17270"}],"version-history":[{"count":0,"href":"https:\/\/www.notibras.com\/site\/wp-json\/wp\/v2\/posts\/17270\/revisions"}],"wp:featuredmedia":[{"embeddable":true,"href":"https:\/\/www.notibras.com\/site\/wp-json\/wp\/v2\/media\/17271"}],"wp:attachment":[{"href":"https:\/\/www.notibras.com\/site\/wp-json\/wp\/v2\/media?parent=17270"}],"wp:term":[{"taxonomy":"category","embeddable":true,"href":"https:\/\/www.notibras.com\/site\/wp-json\/wp\/v2\/categories?post=17270"},{"taxonomy":"post_tag","embeddable":true,"href":"https:\/\/www.notibras.com\/site\/wp-json\/wp\/v2\/tags?post=17270"}],"curies":[{"name":"wp","href":"https:\/\/api.w.org\/{rel}","templated":true}]}}