{"id":17279,"date":"2014-07-24T09:01:58","date_gmt":"2014-07-24T12:01:58","guid":{"rendered":"http:\/\/www.notibras.com\/site\/?p=17279"},"modified":"2014-07-24T09:07:01","modified_gmt":"2014-07-24T12:07:01","slug":"pinoquio-desembarca-em-brasilia-pela-boca-de-agnelo","status":"publish","type":"post","link":"https:\/\/www.notibras.com\/site\/pinoquio-desembarca-em-brasilia-pela-boca-de-agnelo\/","title":{"rendered":"Pin\u00f3quio desembarca em Bras\u00edlia pela boca de Agnelo"},"content":{"rendered":"<p>Agnelo Queiroz continua sonhando com os olhos acordados. E o povo, v\u00edtima de uma administra\u00e7\u00e3o que levou o Distrito Federal ao caos, vive em meio a pesadelos. O governador petista promete por prometer. N\u00e3o tem um projeto s\u00e9rio que saia do papel. E apronta mais uma: disse em Sobradinho que vai levar o BRT para aquela cidade. Ladeira a baixo, os \u00f4nibus v\u00e3o quebrar ladeira a cima, como acontece hoje no trecho Gama-Plano Piloto.<\/p>\n","protected":false},"excerpt":{"rendered":"<p>Agnelo Queiroz continua sonhando com os olhos acordados. E o povo, v\u00edtima de uma administra\u00e7\u00e3o que levou o Distrito Federal ao caos, vive em meio a pesadelos. O governador petista promete por prometer. N\u00e3o tem um projeto s\u00e9rio que saia do papel. E apronta mais uma: disse em Sobradinho que vai levar o BRT para [&hellip;]<\/p>\n","protected":false},"author":2,"featured_media":17280,"comment_status":"open","ping_status":"closed","sticky":false,"template":"","format":"standard","meta":{"_acf_changed":false,"footnotes":""},"categories":[26],"tags":[],"class_list":["post-17279","post","type-post","status-publish","format-standard","has-post-thumbnail","hentry","category-eleicoes-2022"],"acf":[],"_links":{"self":[{"href":"https:\/\/www.notibras.com\/site\/wp-json\/wp\/v2\/posts\/17279","targetHints":{"allow":["GET"]}}],"collection":[{"href":"https:\/\/www.notibras.com\/site\/wp-json\/wp\/v2\/posts"}],"about":[{"href":"https:\/\/www.notibras.com\/site\/wp-json\/wp\/v2\/types\/post"}],"author":[{"embeddable":true,"href":"https:\/\/www.notibras.com\/site\/wp-json\/wp\/v2\/users\/2"}],"replies":[{"embeddable":true,"href":"https:\/\/www.notibras.com\/site\/wp-json\/wp\/v2\/comments?post=17279"}],"version-history":[{"count":0,"href":"https:\/\/www.notibras.com\/site\/wp-json\/wp\/v2\/posts\/17279\/revisions"}],"wp:featuredmedia":[{"embeddable":true,"href":"https:\/\/www.notibras.com\/site\/wp-json\/wp\/v2\/media\/17280"}],"wp:attachment":[{"href":"https:\/\/www.notibras.com\/site\/wp-json\/wp\/v2\/media?parent=17279"}],"wp:term":[{"taxonomy":"category","embeddable":true,"href":"https:\/\/www.notibras.com\/site\/wp-json\/wp\/v2\/categories?post=17279"},{"taxonomy":"post_tag","embeddable":true,"href":"https:\/\/www.notibras.com\/site\/wp-json\/wp\/v2\/tags?post=17279"}],"curies":[{"name":"wp","href":"https:\/\/api.w.org\/{rel}","templated":true}]}}