{"id":17282,"date":"2014-07-24T09:08:16","date_gmt":"2014-07-24T12:08:16","guid":{"rendered":"http:\/\/www.notibras.com\/site\/?p=17282"},"modified":"2014-07-24T09:09:08","modified_gmt":"2014-07-24T12:09:08","slug":"sao-paulo-sem-agua-nos-reservatorios-ficara-com-torneiras-secas","status":"publish","type":"post","link":"https:\/\/www.notibras.com\/site\/sao-paulo-sem-agua-nos-reservatorios-ficara-com-torneiras-secas\/","title":{"rendered":"S\u00e3o Paulo sem \u00e1gua na reserva ficar\u00e1 com as torneiras secas"},"content":{"rendered":"<p>O Brasil \u00e9 &#8211; ou era &#8211; conhecido como o pa\u00eds do futebol. Muita gente n\u00e3o sabe, mas o Brasil \u00e9 tamb\u00e9m conhecido no mundo como o pa\u00eds das \u00e1guas.<\/p>\n<p>O resultado da partida contra o organizado e disciplinado time alem\u00e3o surpreendeu o pa\u00eds e o mundo. Da mesma forma, todos est\u00e3o surpresos hoje com a crise da \u00e1gua que vivemos no pa\u00eds &#8211; de escassez em alguns Estados e excesso em outros.<\/p>\n<p>A popula\u00e7\u00e3o se questiona o porqu\u00ea de a Regi\u00e3o Metropolitana de S\u00e3o Paulo chegar ao atual n\u00edvel de risco de desabastecimento de \u00e1gua. Como uma regi\u00e3o respons\u00e1vel por 12% do PIB do pa\u00eds e com uma popula\u00e7\u00e3o de cerca de 20 milh\u00f5es de habitantes tem o seu principal sistema de reservat\u00f3rios utilizando o seu volume morto, com capacidade de ofertar \u00e1gua por mais tr\u00eas meses somente?<\/p>\n<p>A resposta a essas quest\u00f5es tem semelhan\u00e7a \u00e0 resposta de &#8220;por que uma sele\u00e7\u00e3o de futebol pentacampe\u00e3 sofre um vexame como uma derrota por 7 a 1?&#8221;. Temos que jogar com a \u00e1gua de forma conservadora, como no futebol de hoje.<\/p>\n<p>Se o tema da \u00e1gua estivesse na agenda pol\u00edtica dos governos estaduais e do governo federal, e se a atitude fosse mais conservadora no sentido de n\u00e3o contar com precipita\u00e7\u00f5es abundantes em \u00e9poca de seca, talvez n\u00e3o estiv\u00e9ssemos em situa\u00e7\u00e3o t\u00e3o cr\u00edtica quanto a da atualidade.<\/p>\n<p>Assim como a queda de um avi\u00e3o n\u00e3o acontece em fun\u00e7\u00e3o de um \u00fanico defeito, a crise da \u00e1gua vivida em S\u00e3o Paulo tem outros fatores que v\u00e3o al\u00e9m da falta de prioridade por parte das autoridades governamentais ao tema da \u00e1gua.<\/p>\n<p>Basicamente, a crise atual pode ser explicada por tr\u00eas fatores principais: uma situa\u00e7\u00e3o climatol\u00f3gica absolutamente anormal, um padr\u00e3o de consumo de \u00e1gua incompat\u00edvel com a oferta e obras de infraestrutura h\u00eddrica que n\u00e3o foram implementadas tempestivamente.<\/p>\n<p>A m\u00e9dia das vaz\u00f5es afluentes aos reservat\u00f3rios do sistema Cantareira observadas desde 1930 no per\u00edodo de chuvas (outubro a mar\u00e7o) foi de aproximadamente 50 m<sup>3<\/sup>\/s.<\/p>\n<p>O per\u00edodo mais seco observado antes do per\u00edodo de 2013-2014 foi o de 1962-1963, com uma aflu\u00eancia m\u00e9dia de 26 m<sup>3<\/sup>\/s. Ou seja, quase metade da m\u00e9dia observada em 84 anos de dados.<\/p>\n<blockquote><p>J\u00e1 na presente crise foi observada uma aflu\u00eancia m\u00e9dia de 16 m<sup>3<\/sup>\/s. Equivale a dizer que a aflu\u00eancia m\u00e9dia na atualmente foi 68% menor do que a m\u00e9dia do per\u00edodo de 84 anos, e perto de 40% da m\u00ednima observada nos registros hist\u00f3ricos.<\/p><\/blockquote>\n<p>Trata-se, portanto, de uma situa\u00e7\u00e3o absolutamente an\u00f4mala. Era de se esperar que o sistema seria estressado em fun\u00e7\u00e3o do fato de que n\u00e3o se utiliza situa\u00e7\u00e3o t\u00e3o improv\u00e1vel como essa\u00a0no dimensionamento dos reservat\u00f3rios.<\/p>\n<p>A popula\u00e7\u00e3o da Regi\u00e3o Metropolitana, em fun\u00e7\u00e3o de nunca ter sido exposta \u00e0 escassez de \u00e1gua, tem um padr\u00e3o de consumo de quase 200 litros por habitante por dia. Esse \u00edndice nos coloca entre os 12 maiores consumos per capita do mundo, ao lado de Estados Unidos, Jap\u00e3o e Alemanha.<\/p>\n<p>Acontece que nos pa\u00edses desenvolvidos a infraestrutura existente traz uma oferta de \u00e1gua que permite consumos t\u00e3o expressivos. Isso n\u00e3o significa que eles n\u00e3o devam ser mais eficientes e parcimoniosos no uso da \u00e1gua.<\/p>\n<p>A situa\u00e7\u00e3o cr\u00edtica na Calif\u00f3rnia, por exemplo, levou o poder p\u00fablico a impor limites de consumo com pesadas multas a quem passar do limite. Isso tem reduzido significativamente o consumo per capita naquele Estado americano.<\/p>\n<p>Nos planos de recursos h\u00eddricos para a regi\u00e3o dos anos de 1967 (Hibrace), 1995 (Hidroplan) e 2013 (Macrometr\u00f3pole), um conjunto de obras foi previsto para aumentar a oferta de \u00e1gua. Entre elas, obras de pequeno porte, como as transposi\u00e7\u00f5es do rio Juqui\u00e1, na vertente mar\u00edtima da Serra do Mar (4,7 m<span style=\"font-size: 10px;\">3<\/span>\/s), e do rio Jaguari, afluente do Para\u00edba do Sul (5,0 m<span style=\"font-size: 10px;\">3<\/span>\/s).<\/p>\n<p>A primeira ainda est\u00e1 em desenvolvimento, com previs\u00e3o de entrega al\u00e9m de 2018, e a segunda ainda est\u00e1 no papel e em conflito de natureza pol\u00edtica entre os Estados de S\u00e3o Paulo e Rio de Janeiro.<\/p>\n<p>Obras de maior porte, que poderiam resolver de forma sustent\u00e1vel a oferta de \u00e1gua na regi\u00e3o, como a transposi\u00e7\u00e3o do rio S\u00e3o Lourencinho ou do reservat\u00f3rio de Jurumirim no rio Paranapanema, n\u00e3o parecem estar na agenda.<\/p>\n<p>\u00c9 importante observar que, mesmo com a implanta\u00e7\u00e3o de toda a infraestrutura h\u00eddrica prevista nos planos, a situa\u00e7\u00e3o de oferta de \u00e1gua na atual crise n\u00e3o seria normal. Os crit\u00e9rios de dimensionamento dos reservat\u00f3rios n\u00e3o levam em conta eventos t\u00e3o extremos. Caso levassem, o custo das obras seria al\u00e9m da capacidade de pagamento de qualquer empresa ou governo.<\/p>\n<blockquote><p>O internauta poder\u00e1 se perguntar: ser\u00e1 que a pr\u00f3xima esta\u00e7\u00e3o chuvosa ter\u00e1 precipita\u00e7\u00f5es perto dos valores m\u00e9dios observados no passado? A resposta a essa pergunta n\u00e3o pode ser dada com certeza. A climatologia \u00e9 uma ci\u00eancia que ainda n\u00e3o tem condi\u00e7\u00f5es de prever a t\u00e3o longo prazo com a seguran\u00e7a que a popula\u00e7\u00e3o gostaria de ter.<\/p><\/blockquote>\n<p>Portanto, qual a solu\u00e7\u00e3o para a crise da \u00e1gua a curto prazo? Infelizmente, neste momento s\u00f3 podemos atuar na redu\u00e7\u00e3o da demanda. Ou seja, assim como no futebol sempre sobra para o torcedor, no caso da \u00e1gua vai sobrar para o consumidor.<\/p>\n<p><strong>Benedito Braga<\/strong><\/p>\n","protected":false},"excerpt":{"rendered":"<p>O Brasil \u00e9 &#8211; ou era &#8211; conhecido como o pa\u00eds do futebol. Muita gente n\u00e3o sabe, mas o Brasil \u00e9 tamb\u00e9m conhecido no mundo como o pa\u00eds das \u00e1guas. O resultado da partida contra o organizado e disciplinado time alem\u00e3o surpreendeu o pa\u00eds e o mundo. Da mesma forma, todos est\u00e3o surpresos hoje com [&hellip;]<\/p>\n","protected":false},"author":2,"featured_media":17284,"comment_status":"open","ping_status":"closed","sticky":false,"template":"","format":"standard","meta":{"_acf_changed":false,"footnotes":""},"categories":[25],"tags":[],"class_list":["post-17282","post","type-post","status-publish","format-standard","has-post-thumbnail","hentry","category-opina-ai"],"acf":[],"yoast_head":"<!-- This site is optimized with the Yoast SEO plugin v27.5 - https:\/\/yoast.com\/product\/yoast-seo-wordpress\/ -->\n<title>S\u00e3o Paulo sem \u00e1gua na reserva ficar\u00e1 com as torneiras secas - Notibras<\/title>\n<meta name=\"robots\" content=\"index, follow, max-snippet:-1, max-image-preview:large, max-video-preview:-1\" \/>\n<link rel=\"canonical\" href=\"https:\/\/www.notibras.com\/site\/sao-paulo-sem-agua-nos-reservatorios-ficara-com-torneiras-secas\/\" \/>\n<meta property=\"og:locale\" content=\"pt_BR\" \/>\n<meta property=\"og:type\" content=\"article\" \/>\n<meta property=\"og:title\" content=\"S\u00e3o Paulo sem \u00e1gua na reserva ficar\u00e1 com as torneiras secas - Notibras\" \/>\n<meta property=\"og:description\" content=\"O Brasil \u00e9 &#8211; ou era &#8211; conhecido como o pa\u00eds do futebol. Muita gente n\u00e3o sabe, mas o Brasil \u00e9 tamb\u00e9m conhecido no mundo como o pa\u00eds das \u00e1guas. O resultado da partida contra o organizado e disciplinado time alem\u00e3o surpreendeu o pa\u00eds e o mundo. Da mesma forma, todos est\u00e3o surpresos hoje com [&hellip;]\" \/>\n<meta property=\"og:url\" content=\"https:\/\/www.notibras.com\/site\/sao-paulo-sem-agua-nos-reservatorios-ficara-com-torneiras-secas\/\" \/>\n<meta property=\"og:site_name\" content=\"Notibras\" \/>\n<meta property=\"article:publisher\" content=\"https:\/\/www.facebook.com\/notibras\/\" \/>\n<meta property=\"article:published_time\" content=\"2014-07-24T12:08:16+00:00\" \/>\n<meta property=\"article:modified_time\" content=\"2014-07-24T12:09:08+00:00\" \/>\n<meta property=\"og:image\" content=\"https:\/\/www.notibras.com\/site\/wp-content\/uploads\/2014\/07\/14030725.jpeg\" \/>\n\t<meta property=\"og:image:width\" content=\"635\" \/>\n\t<meta property=\"og:image:height\" content=\"423\" \/>\n\t<meta property=\"og:image:type\" content=\"image\/jpeg\" \/>\n<meta name=\"author\" content=\"Reda\u00e7\u00e3o\" \/>\n<meta name=\"twitter:card\" content=\"summary_large_image\" \/>\n<meta name=\"twitter:creator\" content=\"@Notibras\" \/>\n<meta name=\"twitter:site\" content=\"@Notibras\" \/>\n<meta name=\"twitter:label1\" content=\"Escrito por\" \/>\n\t<meta name=\"twitter:data1\" content=\"Reda\u00e7\u00e3o\" \/>\n\t<meta name=\"twitter:label2\" content=\"Est. tempo de leitura\" \/>\n\t<meta name=\"twitter:data2\" content=\"5 minutos\" \/>\n<script type=\"application\/ld+json\" class=\"yoast-schema-graph\">{\"@context\":\"https:\\\/\\\/schema.org\",\"@graph\":[{\"@type\":\"Article\",\"@id\":\"https:\\\/\\\/www.notibras.com\\\/site\\\/sao-paulo-sem-agua-nos-reservatorios-ficara-com-torneiras-secas\\\/#article\",\"isPartOf\":{\"@id\":\"https:\\\/\\\/www.notibras.com\\\/site\\\/sao-paulo-sem-agua-nos-reservatorios-ficara-com-torneiras-secas\\\/\"},\"author\":{\"name\":\"Reda\u00e7\u00e3o\",\"@id\":\"https:\\\/\\\/www.notibras.com\\\/site\\\/#\\\/schema\\\/person\\\/36ab0979449956132d3e5b517ea76ac8\"},\"headline\":\"S\u00e3o Paulo sem \u00e1gua na reserva ficar\u00e1 com as torneiras secas\",\"datePublished\":\"2014-07-24T12:08:16+00:00\",\"dateModified\":\"2014-07-24T12:09:08+00:00\",\"mainEntityOfPage\":{\"@id\":\"https:\\\/\\\/www.notibras.com\\\/site\\\/sao-paulo-sem-agua-nos-reservatorios-ficara-com-torneiras-secas\\\/\"},\"wordCount\":961,\"commentCount\":0,\"publisher\":{\"@id\":\"https:\\\/\\\/www.notibras.com\\\/site\\\/#organization\"},\"image\":{\"@id\":\"https:\\\/\\\/www.notibras.com\\\/site\\\/sao-paulo-sem-agua-nos-reservatorios-ficara-com-torneiras-secas\\\/#primaryimage\"},\"thumbnailUrl\":\"https:\\\/\\\/www.notibras.com\\\/site\\\/wp-content\\\/uploads\\\/2014\\\/07\\\/14030725.jpeg\",\"articleSection\":[\"Opina a\u00ed\"],\"inLanguage\":\"pt-BR\",\"potentialAction\":[{\"@type\":\"CommentAction\",\"name\":\"Comment\",\"target\":[\"https:\\\/\\\/www.notibras.com\\\/site\\\/sao-paulo-sem-agua-nos-reservatorios-ficara-com-torneiras-secas\\\/#respond\"]}]},{\"@type\":\"WebPage\",\"@id\":\"https:\\\/\\\/www.notibras.com\\\/site\\\/sao-paulo-sem-agua-nos-reservatorios-ficara-com-torneiras-secas\\\/\",\"url\":\"https:\\\/\\\/www.notibras.com\\\/site\\\/sao-paulo-sem-agua-nos-reservatorios-ficara-com-torneiras-secas\\\/\",\"name\":\"S\u00e3o Paulo sem \u00e1gua na reserva ficar\u00e1 com as torneiras secas - Notibras\",\"isPartOf\":{\"@id\":\"https:\\\/\\\/www.notibras.com\\\/site\\\/#website\"},\"primaryImageOfPage\":{\"@id\":\"https:\\\/\\\/www.notibras.com\\\/site\\\/sao-paulo-sem-agua-nos-reservatorios-ficara-com-torneiras-secas\\\/#primaryimage\"},\"image\":{\"@id\":\"https:\\\/\\\/www.notibras.com\\\/site\\\/sao-paulo-sem-agua-nos-reservatorios-ficara-com-torneiras-secas\\\/#primaryimage\"},\"thumbnailUrl\":\"https:\\\/\\\/www.notibras.com\\\/site\\\/wp-content\\\/uploads\\\/2014\\\/07\\\/14030725.jpeg\",\"datePublished\":\"2014-07-24T12:08:16+00:00\",\"dateModified\":\"2014-07-24T12:09:08+00:00\",\"breadcrumb\":{\"@id\":\"https:\\\/\\\/www.notibras.com\\\/site\\\/sao-paulo-sem-agua-nos-reservatorios-ficara-com-torneiras-secas\\\/#breadcrumb\"},\"inLanguage\":\"pt-BR\",\"potentialAction\":[{\"@type\":\"ReadAction\",\"target\":[\"https:\\\/\\\/www.notibras.com\\\/site\\\/sao-paulo-sem-agua-nos-reservatorios-ficara-com-torneiras-secas\\\/\"]}]},{\"@type\":\"ImageObject\",\"inLanguage\":\"pt-BR\",\"@id\":\"https:\\\/\\\/www.notibras.com\\\/site\\\/sao-paulo-sem-agua-nos-reservatorios-ficara-com-torneiras-secas\\\/#primaryimage\",\"url\":\"https:\\\/\\\/www.notibras.com\\\/site\\\/wp-content\\\/uploads\\\/2014\\\/07\\\/14030725.jpeg\",\"contentUrl\":\"https:\\\/\\\/www.notibras.com\\\/site\\\/wp-content\\\/uploads\\\/2014\\\/07\\\/14030725.jpeg\",\"width\":635,\"height\":423},{\"@type\":\"BreadcrumbList\",\"@id\":\"https:\\\/\\\/www.notibras.com\\\/site\\\/sao-paulo-sem-agua-nos-reservatorios-ficara-com-torneiras-secas\\\/#breadcrumb\",\"itemListElement\":[{\"@type\":\"ListItem\",\"position\":1,\"name\":\"In\u00edcio\",\"item\":\"https:\\\/\\\/www.notibras.com\\\/site\\\/\"},{\"@type\":\"ListItem\",\"position\":2,\"name\":\"S\u00e3o Paulo sem \u00e1gua na reserva ficar\u00e1 com as torneiras secas\"}]},{\"@type\":\"WebSite\",\"@id\":\"https:\\\/\\\/www.notibras.com\\\/site\\\/#website\",\"url\":\"https:\\\/\\\/www.notibras.com\\\/site\\\/\",\"name\":\"Notibras\",\"description\":\"Not\u00edcias de Bras\u00edlia, do Brasil e do Mundo\",\"publisher\":{\"@id\":\"https:\\\/\\\/www.notibras.com\\\/site\\\/#organization\"},\"potentialAction\":[{\"@type\":\"SearchAction\",\"target\":{\"@type\":\"EntryPoint\",\"urlTemplate\":\"https:\\\/\\\/www.notibras.com\\\/site\\\/?s={search_term_string}\"},\"query-input\":{\"@type\":\"PropertyValueSpecification\",\"valueRequired\":true,\"valueName\":\"search_term_string\"}}],\"inLanguage\":\"pt-BR\"},{\"@type\":\"Organization\",\"@id\":\"https:\\\/\\\/www.notibras.com\\\/site\\\/#organization\",\"name\":\"Grupo Notibras de Comunica\u00e7\u00e3o\",\"url\":\"https:\\\/\\\/www.notibras.com\\\/site\\\/\",\"logo\":{\"@type\":\"ImageObject\",\"inLanguage\":\"pt-BR\",\"@id\":\"https:\\\/\\\/www.notibras.com\\\/site\\\/#\\\/schema\\\/logo\\\/image\\\/\",\"url\":\"https:\\\/\\\/www.notibras.com\\\/site\\\/wp-content\\\/uploads\\\/2023\\\/01\\\/notibras23.png\",\"contentUrl\":\"https:\\\/\\\/www.notibras.com\\\/site\\\/wp-content\\\/uploads\\\/2023\\\/01\\\/notibras23.png\",\"width\":350,\"height\":87,\"caption\":\"Grupo Notibras de Comunica\u00e7\u00e3o\"},\"image\":{\"@id\":\"https:\\\/\\\/www.notibras.com\\\/site\\\/#\\\/schema\\\/logo\\\/image\\\/\"},\"sameAs\":[\"https:\\\/\\\/www.facebook.com\\\/notibras\\\/\",\"https:\\\/\\\/x.com\\\/Notibras\",\"https:\\\/\\\/www.instagram.com\\\/notibras\\\/\"]},{\"@type\":\"Person\",\"@id\":\"https:\\\/\\\/www.notibras.com\\\/site\\\/#\\\/schema\\\/person\\\/36ab0979449956132d3e5b517ea76ac8\",\"name\":\"Reda\u00e7\u00e3o\",\"image\":{\"@type\":\"ImageObject\",\"inLanguage\":\"pt-BR\",\"@id\":\"https:\\\/\\\/secure.gravatar.com\\\/avatar\\\/e0a867bdedb85fd243eadf09663511f96fc81e0720a4a42581f334ad4303aa6b?s=96&d=mm&r=g\",\"url\":\"https:\\\/\\\/secure.gravatar.com\\\/avatar\\\/e0a867bdedb85fd243eadf09663511f96fc81e0720a4a42581f334ad4303aa6b?s=96&d=mm&r=g\",\"contentUrl\":\"https:\\\/\\\/secure.gravatar.com\\\/avatar\\\/e0a867bdedb85fd243eadf09663511f96fc81e0720a4a42581f334ad4303aa6b?s=96&d=mm&r=g\",\"caption\":\"Reda\u00e7\u00e3o\"}}]}<\/script>\n<!-- \/ Yoast SEO plugin. -->","yoast_head_json":{"title":"S\u00e3o Paulo sem \u00e1gua na reserva ficar\u00e1 com as torneiras secas - Notibras","robots":{"index":"index","follow":"follow","max-snippet":"max-snippet:-1","max-image-preview":"max-image-preview:large","max-video-preview":"max-video-preview:-1"},"canonical":"https:\/\/www.notibras.com\/site\/sao-paulo-sem-agua-nos-reservatorios-ficara-com-torneiras-secas\/","og_locale":"pt_BR","og_type":"article","og_title":"S\u00e3o Paulo sem \u00e1gua na reserva ficar\u00e1 com as torneiras secas - Notibras","og_description":"O Brasil \u00e9 &#8211; ou era &#8211; conhecido como o pa\u00eds do futebol. Muita gente n\u00e3o sabe, mas o Brasil \u00e9 tamb\u00e9m conhecido no mundo como o pa\u00eds das \u00e1guas. O resultado da partida contra o organizado e disciplinado time alem\u00e3o surpreendeu o pa\u00eds e o mundo. Da mesma forma, todos est\u00e3o surpresos hoje com [&hellip;]","og_url":"https:\/\/www.notibras.com\/site\/sao-paulo-sem-agua-nos-reservatorios-ficara-com-torneiras-secas\/","og_site_name":"Notibras","article_publisher":"https:\/\/www.facebook.com\/notibras\/","article_published_time":"2014-07-24T12:08:16+00:00","article_modified_time":"2014-07-24T12:09:08+00:00","og_image":[{"width":635,"height":423,"url":"https:\/\/www.notibras.com\/site\/wp-content\/uploads\/2014\/07\/14030725.jpeg","type":"image\/jpeg"}],"author":"Reda\u00e7\u00e3o","twitter_card":"summary_large_image","twitter_creator":"@Notibras","twitter_site":"@Notibras","twitter_misc":{"Escrito por":"Reda\u00e7\u00e3o","Est. tempo de leitura":"5 minutos"},"schema":{"@context":"https:\/\/schema.org","@graph":[{"@type":"Article","@id":"https:\/\/www.notibras.com\/site\/sao-paulo-sem-agua-nos-reservatorios-ficara-com-torneiras-secas\/#article","isPartOf":{"@id":"https:\/\/www.notibras.com\/site\/sao-paulo-sem-agua-nos-reservatorios-ficara-com-torneiras-secas\/"},"author":{"name":"Reda\u00e7\u00e3o","@id":"https:\/\/www.notibras.com\/site\/#\/schema\/person\/36ab0979449956132d3e5b517ea76ac8"},"headline":"S\u00e3o Paulo sem \u00e1gua na reserva ficar\u00e1 com as torneiras secas","datePublished":"2014-07-24T12:08:16+00:00","dateModified":"2014-07-24T12:09:08+00:00","mainEntityOfPage":{"@id":"https:\/\/www.notibras.com\/site\/sao-paulo-sem-agua-nos-reservatorios-ficara-com-torneiras-secas\/"},"wordCount":961,"commentCount":0,"publisher":{"@id":"https:\/\/www.notibras.com\/site\/#organization"},"image":{"@id":"https:\/\/www.notibras.com\/site\/sao-paulo-sem-agua-nos-reservatorios-ficara-com-torneiras-secas\/#primaryimage"},"thumbnailUrl":"https:\/\/www.notibras.com\/site\/wp-content\/uploads\/2014\/07\/14030725.jpeg","articleSection":["Opina a\u00ed"],"inLanguage":"pt-BR","potentialAction":[{"@type":"CommentAction","name":"Comment","target":["https:\/\/www.notibras.com\/site\/sao-paulo-sem-agua-nos-reservatorios-ficara-com-torneiras-secas\/#respond"]}]},{"@type":"WebPage","@id":"https:\/\/www.notibras.com\/site\/sao-paulo-sem-agua-nos-reservatorios-ficara-com-torneiras-secas\/","url":"https:\/\/www.notibras.com\/site\/sao-paulo-sem-agua-nos-reservatorios-ficara-com-torneiras-secas\/","name":"S\u00e3o Paulo sem \u00e1gua na reserva ficar\u00e1 com as torneiras secas - Notibras","isPartOf":{"@id":"https:\/\/www.notibras.com\/site\/#website"},"primaryImageOfPage":{"@id":"https:\/\/www.notibras.com\/site\/sao-paulo-sem-agua-nos-reservatorios-ficara-com-torneiras-secas\/#primaryimage"},"image":{"@id":"https:\/\/www.notibras.com\/site\/sao-paulo-sem-agua-nos-reservatorios-ficara-com-torneiras-secas\/#primaryimage"},"thumbnailUrl":"https:\/\/www.notibras.com\/site\/wp-content\/uploads\/2014\/07\/14030725.jpeg","datePublished":"2014-07-24T12:08:16+00:00","dateModified":"2014-07-24T12:09:08+00:00","breadcrumb":{"@id":"https:\/\/www.notibras.com\/site\/sao-paulo-sem-agua-nos-reservatorios-ficara-com-torneiras-secas\/#breadcrumb"},"inLanguage":"pt-BR","potentialAction":[{"@type":"ReadAction","target":["https:\/\/www.notibras.com\/site\/sao-paulo-sem-agua-nos-reservatorios-ficara-com-torneiras-secas\/"]}]},{"@type":"ImageObject","inLanguage":"pt-BR","@id":"https:\/\/www.notibras.com\/site\/sao-paulo-sem-agua-nos-reservatorios-ficara-com-torneiras-secas\/#primaryimage","url":"https:\/\/www.notibras.com\/site\/wp-content\/uploads\/2014\/07\/14030725.jpeg","contentUrl":"https:\/\/www.notibras.com\/site\/wp-content\/uploads\/2014\/07\/14030725.jpeg","width":635,"height":423},{"@type":"BreadcrumbList","@id":"https:\/\/www.notibras.com\/site\/sao-paulo-sem-agua-nos-reservatorios-ficara-com-torneiras-secas\/#breadcrumb","itemListElement":[{"@type":"ListItem","position":1,"name":"In\u00edcio","item":"https:\/\/www.notibras.com\/site\/"},{"@type":"ListItem","position":2,"name":"S\u00e3o Paulo sem \u00e1gua na reserva ficar\u00e1 com as torneiras secas"}]},{"@type":"WebSite","@id":"https:\/\/www.notibras.com\/site\/#website","url":"https:\/\/www.notibras.com\/site\/","name":"Notibras","description":"Not\u00edcias de Bras\u00edlia, do Brasil e do Mundo","publisher":{"@id":"https:\/\/www.notibras.com\/site\/#organization"},"potentialAction":[{"@type":"SearchAction","target":{"@type":"EntryPoint","urlTemplate":"https:\/\/www.notibras.com\/site\/?s={search_term_string}"},"query-input":{"@type":"PropertyValueSpecification","valueRequired":true,"valueName":"search_term_string"}}],"inLanguage":"pt-BR"},{"@type":"Organization","@id":"https:\/\/www.notibras.com\/site\/#organization","name":"Grupo Notibras de Comunica\u00e7\u00e3o","url":"https:\/\/www.notibras.com\/site\/","logo":{"@type":"ImageObject","inLanguage":"pt-BR","@id":"https:\/\/www.notibras.com\/site\/#\/schema\/logo\/image\/","url":"https:\/\/www.notibras.com\/site\/wp-content\/uploads\/2023\/01\/notibras23.png","contentUrl":"https:\/\/www.notibras.com\/site\/wp-content\/uploads\/2023\/01\/notibras23.png","width":350,"height":87,"caption":"Grupo Notibras de Comunica\u00e7\u00e3o"},"image":{"@id":"https:\/\/www.notibras.com\/site\/#\/schema\/logo\/image\/"},"sameAs":["https:\/\/www.facebook.com\/notibras\/","https:\/\/x.com\/Notibras","https:\/\/www.instagram.com\/notibras\/"]},{"@type":"Person","@id":"https:\/\/www.notibras.com\/site\/#\/schema\/person\/36ab0979449956132d3e5b517ea76ac8","name":"Reda\u00e7\u00e3o","image":{"@type":"ImageObject","inLanguage":"pt-BR","@id":"https:\/\/secure.gravatar.com\/avatar\/e0a867bdedb85fd243eadf09663511f96fc81e0720a4a42581f334ad4303aa6b?s=96&d=mm&r=g","url":"https:\/\/secure.gravatar.com\/avatar\/e0a867bdedb85fd243eadf09663511f96fc81e0720a4a42581f334ad4303aa6b?s=96&d=mm&r=g","contentUrl":"https:\/\/secure.gravatar.com\/avatar\/e0a867bdedb85fd243eadf09663511f96fc81e0720a4a42581f334ad4303aa6b?s=96&d=mm&r=g","caption":"Reda\u00e7\u00e3o"}}]}},"amp_enabled":true,"_links":{"self":[{"href":"https:\/\/www.notibras.com\/site\/wp-json\/wp\/v2\/posts\/17282","targetHints":{"allow":["GET"]}}],"collection":[{"href":"https:\/\/www.notibras.com\/site\/wp-json\/wp\/v2\/posts"}],"about":[{"href":"https:\/\/www.notibras.com\/site\/wp-json\/wp\/v2\/types\/post"}],"author":[{"embeddable":true,"href":"https:\/\/www.notibras.com\/site\/wp-json\/wp\/v2\/users\/2"}],"replies":[{"embeddable":true,"href":"https:\/\/www.notibras.com\/site\/wp-json\/wp\/v2\/comments?post=17282"}],"version-history":[{"count":0,"href":"https:\/\/www.notibras.com\/site\/wp-json\/wp\/v2\/posts\/17282\/revisions"}],"wp:featuredmedia":[{"embeddable":true,"href":"https:\/\/www.notibras.com\/site\/wp-json\/wp\/v2\/media\/17284"}],"wp:attachment":[{"href":"https:\/\/www.notibras.com\/site\/wp-json\/wp\/v2\/media?parent=17282"}],"wp:term":[{"taxonomy":"category","embeddable":true,"href":"https:\/\/www.notibras.com\/site\/wp-json\/wp\/v2\/categories?post=17282"},{"taxonomy":"post_tag","embeddable":true,"href":"https:\/\/www.notibras.com\/site\/wp-json\/wp\/v2\/tags?post=17282"}],"curies":[{"name":"wp","href":"https:\/\/api.w.org\/{rel}","templated":true}]}}