{"id":17316,"date":"2014-07-24T11:14:18","date_gmt":"2014-07-24T14:14:18","guid":{"rendered":"http:\/\/www.notibras.com\/site\/?p=17316"},"modified":"2014-07-24T11:14:18","modified_gmt":"2014-07-24T14:14:18","slug":"mexico-vai-ter-de-volta-o-circo-da-formula-1-apos-23-anos","status":"publish","type":"post","link":"https:\/\/www.notibras.com\/site\/mexico-vai-ter-de-volta-o-circo-da-formula-1-apos-23-anos\/","title":{"rendered":"M\u00e9xico vai ter de volta o circo da F\u00f3rmula 1 ap\u00f3s 23 anos"},"content":{"rendered":"<p>O M\u00e9xico voltar\u00e1 a receber o Mundial de F\u00f3rmula 1. A dire\u00e7\u00e3o da categoria anunciou\u00a0nesta quarta-feira que o pa\u00eds ter\u00e1 corridas ao menos at\u00e9 2019. Em breve, as datas ser\u00e3o divulgadas no calend\u00e1rio oficial.<\/p>\n<p class=\"text\">&#8220;Depois de 23 anos de aus\u00eancia, fico muito feliz em anunciar a volta do M\u00e9xico ao calend\u00e1rio da F1. Penso que este \u00e9 o momento correto para o retorno do M\u00e9xico e o benef\u00edcio ser\u00e1 para ambos e por muitos anos. Estou ansioso para a corrida do ano que vem&#8221;, afirmou o chefe da F\u00f3rmula 1, o ingl\u00eas Bernie Ecclestone, em nota oficial.<\/p>\n<blockquote>\n<p class=\"text\">O empres\u00e1rio e dono da Telmex, Carlos Slim, que tamb\u00e9m patrocina os pilotos mexicanos Sergio P\u00e9rez e Esteb\u00e9n Guti\u00e9rrez, foi o grande catalisador do projeto. Assim como o presidente do M\u00e9xico, Felipe Calder\u00f3n, que \u00e9 f\u00e3 da principal categoria do automobilismo mundial.<\/p>\n<\/blockquote>\n<p class=\"text\">Sergio P\u00e9rez, da Force India, por meio de sua conta no Twitter, comemorou o fato de poder correr em seu pa\u00eds: &#8220;Teremos GP no M\u00e9xico!\u00a0Sem d\u00favida um dos dias mais especiais da minha vida. Obrigado&#8221;.<\/p>\n<p class=\"text\">O mexicano ainda falou que o GP em terras mexicanas aumentar\u00e1 sua responsabilidade em um bom desempenho: &#8220;Confesso que correr em casa me faz sentir um grande compromisso com meu pa\u00eds. Espero que todos os mexicanos aproveitem muito e que sejamos os melhores anfitri\u00f5es&#8221;.<\/p>\n","protected":false},"excerpt":{"rendered":"<p>O M\u00e9xico voltar\u00e1 a receber o Mundial de F\u00f3rmula 1. A dire\u00e7\u00e3o da categoria anunciou\u00a0nesta quarta-feira que o pa\u00eds ter\u00e1 corridas ao menos at\u00e9 2019. Em breve, as datas ser\u00e3o divulgadas no calend\u00e1rio oficial. &#8220;Depois de 23 anos de aus\u00eancia, fico muito feliz em anunciar a volta do M\u00e9xico ao calend\u00e1rio da F1. Penso que [&hellip;]<\/p>\n","protected":false},"author":2,"featured_media":17317,"comment_status":"open","ping_status":"closed","sticky":false,"template":"","format":"standard","meta":{"_acf_changed":false,"footnotes":""},"categories":[27,19],"tags":[],"class_list":["post-17316","post","type-post","status-publish","format-standard","has-post-thumbnail","hentry","category-automobilismo","category-esportes"],"acf":[],"_links":{"self":[{"href":"https:\/\/www.notibras.com\/site\/wp-json\/wp\/v2\/posts\/17316","targetHints":{"allow":["GET"]}}],"collection":[{"href":"https:\/\/www.notibras.com\/site\/wp-json\/wp\/v2\/posts"}],"about":[{"href":"https:\/\/www.notibras.com\/site\/wp-json\/wp\/v2\/types\/post"}],"author":[{"embeddable":true,"href":"https:\/\/www.notibras.com\/site\/wp-json\/wp\/v2\/users\/2"}],"replies":[{"embeddable":true,"href":"https:\/\/www.notibras.com\/site\/wp-json\/wp\/v2\/comments?post=17316"}],"version-history":[{"count":0,"href":"https:\/\/www.notibras.com\/site\/wp-json\/wp\/v2\/posts\/17316\/revisions"}],"wp:featuredmedia":[{"embeddable":true,"href":"https:\/\/www.notibras.com\/site\/wp-json\/wp\/v2\/media\/17317"}],"wp:attachment":[{"href":"https:\/\/www.notibras.com\/site\/wp-json\/wp\/v2\/media?parent=17316"}],"wp:term":[{"taxonomy":"category","embeddable":true,"href":"https:\/\/www.notibras.com\/site\/wp-json\/wp\/v2\/categories?post=17316"},{"taxonomy":"post_tag","embeddable":true,"href":"https:\/\/www.notibras.com\/site\/wp-json\/wp\/v2\/tags?post=17316"}],"curies":[{"name":"wp","href":"https:\/\/api.w.org\/{rel}","templated":true}]}}