{"id":17322,"date":"2014-07-24T16:17:49","date_gmt":"2014-07-24T19:17:49","guid":{"rendered":"http:\/\/www.notibras.com\/site\/?p=17322"},"modified":"2014-07-24T20:45:06","modified_gmt":"2014-07-24T23:45:06","slug":"primo-de-bruno-diz-que-sabe-onde-esta-o-corpo-de-eliza-samudio","status":"publish","type":"post","link":"https:\/\/www.notibras.com\/site\/primo-de-bruno-diz-que-sabe-onde-esta-o-corpo-de-eliza-samudio\/","title":{"rendered":"Primo de Bruno diz que sabe onde est\u00e1 o corpo de Eliza"},"content":{"rendered":"<p>O primo do goleiro Bruno, condenado pela morte da ex-modelo Eliza Samudio, revelou que o corpo da v\u00edtima est\u00e1 enterrado perto do Aeroporto de Confins, perto de Belo Horizonte. A informa\u00e7\u00e3o foi dada por Jorge Rosa Sales, em entrevista exclusiva \u00e0 R\u00e1dio Tupi, exibida nesta quinta-feira (24). Eliza foi morta em 2010. Bruno foi condenado a 22 anos e 3 meses de pris\u00e3o por ter tramado a morte da ex-amante para n\u00e3o pagar pens\u00e3o aliment\u00edcia ao filho rec\u00e9m-nascido \u2013 hoje com quatro anos.<\/p>\n<blockquote><p>&#8220;Ela est\u00e1 enterrada num sitiozinho em BH pr\u00f3ximo ao Aeroporto de Confins. Antes de chegar no aeroporto. \u00c9 uma estrada de ch\u00e3o abstante deserta, n\u00e3o tem muito movimento, praticamente abandonada. Eu identifico com um p\u00e9 de coqueiro que \u00e9 meio curvado. Sou muito observador, eu sei ver o local, sei chegar. Eu s\u00f3 estou dando essa reportagem aqui porque eu quero que a minha mente fica tranquila. Acabar com isso logo para a m\u00e3e dela poder enterrar a filha dela&#8221;, disse.<\/p><\/blockquote>\n<p>De acordo com Jorge Rosa Sales, que era menor na \u00e9poca do crime, Eliza foi asfixiada na casa do ex-policial civil Marcos Aparecido dos Santos, o Bola, em Vespasiano, tamb\u00e9m em Minas Gerais. Luiz Henrique Rom\u00e3o, o Macarr\u00e3o, secret\u00e1rio pessoal de Bruno, teria amarrado as m\u00e3os de Eliza. Ap\u00f3s a morte, ela teria sido enrolada num len\u00e7ol e colocada em um saco lacrado antes de ser enterrada em um buraco profundo, feito por uma retroescavadeira, para dificultar a localiza\u00e7\u00e3o.<\/p>\n<blockquote><p>&#8220;Ela n\u00e3o foi esquartejada. S\u00f3 cortaram a m\u00e3o dela. O corpo est\u00e1 inteiro&#8221;, disse, acrescentando que o corpo foi transportado no porta-malas de um Ford EcoSport.<\/p><\/blockquote>\n<p>O primo do goleiro contou que segurou o beb\u00ea enquanto Eliza era assassinada. &#8220;N\u00e3o sabia que aquilo iria acontecer. Eu n\u00e3o conhecia aquele lugar. Como eu ia sair para pedir ajuda? Como eu ia sair do local correndo? N\u00e3o pude fazer nada porque o Bola \u00e9 um psicopata, mata f\u00e1cil. Fiquei com medo de sair para pedir ajuda&#8221;,\u00a0 afirmou.<\/p>\n<p>Tamb\u00e9m em entrevista \u00e0 Tupi, o advogado que defende Bruno, N\u00e9lio Machado, preferiu cautela. &#8220;Agora a gente tem que ter um pouquinho de paci\u00eancia porque obviamente [Jorge] est\u00e1 euf\u00f3rico, querendo colaborar, no sentido de tirar isso de sua cabe\u00e7a. O objetivo dele \u00e9 dizer onde ajudou a enterrar tamb\u00e9m a Eliza Samudio&#8221;, disse o advogado.<\/p>\n","protected":false},"excerpt":{"rendered":"<p>O primo do goleiro Bruno, condenado pela morte da ex-modelo Eliza Samudio, revelou que o corpo da v\u00edtima est\u00e1 enterrado perto do Aeroporto de Confins, perto de Belo Horizonte. A informa\u00e7\u00e3o foi dada por Jorge Rosa Sales, em entrevista exclusiva \u00e0 R\u00e1dio Tupi, exibida nesta quinta-feira (24). Eliza foi morta em 2010. Bruno foi condenado [&hellip;]<\/p>\n","protected":false},"author":1,"featured_media":17323,"comment_status":"open","ping_status":"closed","sticky":false,"template":"","format":"standard","meta":{"_acf_changed":false,"footnotes":""},"categories":[16],"tags":[],"class_list":["post-17322","post","type-post","status-publish","format-standard","has-post-thumbnail","hentry","category-brasil"],"acf":[],"_links":{"self":[{"href":"https:\/\/www.notibras.com\/site\/wp-json\/wp\/v2\/posts\/17322","targetHints":{"allow":["GET"]}}],"collection":[{"href":"https:\/\/www.notibras.com\/site\/wp-json\/wp\/v2\/posts"}],"about":[{"href":"https:\/\/www.notibras.com\/site\/wp-json\/wp\/v2\/types\/post"}],"author":[{"embeddable":true,"href":"https:\/\/www.notibras.com\/site\/wp-json\/wp\/v2\/users\/1"}],"replies":[{"embeddable":true,"href":"https:\/\/www.notibras.com\/site\/wp-json\/wp\/v2\/comments?post=17322"}],"version-history":[{"count":0,"href":"https:\/\/www.notibras.com\/site\/wp-json\/wp\/v2\/posts\/17322\/revisions"}],"wp:featuredmedia":[{"embeddable":true,"href":"https:\/\/www.notibras.com\/site\/wp-json\/wp\/v2\/media\/17323"}],"wp:attachment":[{"href":"https:\/\/www.notibras.com\/site\/wp-json\/wp\/v2\/media?parent=17322"}],"wp:term":[{"taxonomy":"category","embeddable":true,"href":"https:\/\/www.notibras.com\/site\/wp-json\/wp\/v2\/categories?post=17322"},{"taxonomy":"post_tag","embeddable":true,"href":"https:\/\/www.notibras.com\/site\/wp-json\/wp\/v2\/tags?post=17322"}],"curies":[{"name":"wp","href":"https:\/\/api.w.org\/{rel}","templated":true}]}}