{"id":17346,"date":"2014-07-24T15:20:51","date_gmt":"2014-07-24T18:20:51","guid":{"rendered":"http:\/\/www.notibras.com\/site\/?p=17346"},"modified":"2014-07-24T17:17:08","modified_gmt":"2014-07-24T20:17:08","slug":"justica-impede-leilao-de-edificio-sede-da-vasp-em-sao-paulo","status":"publish","type":"post","link":"https:\/\/www.notibras.com\/site\/justica-impede-leilao-de-edificio-sede-da-vasp-em-sao-paulo\/","title":{"rendered":"Justi\u00e7a impede leil\u00e3o da sede da Vasp na capital paulista"},"content":{"rendered":"<p class=\"text\">A Justi\u00e7a Federal em S\u00e3o Paulo determinou que o im\u00f3vel onde funcionava o edif\u00edcio-sede da Vasp (Via\u00e7\u00e3o A\u00e9rea de S\u00e3o Paulo) n\u00e3o pode ser leiloado. A matr\u00edcula do im\u00f3vel foi bloqueada e a posse do edif\u00edcio concedida \u00e0 Uni\u00e3o, por interm\u00e9dio da Empresa Brasileira de Infraestrutura Aeroportu\u00e1ria (Infraero).<\/p>\n<blockquote>\n<p class=\"text\">A decis\u00e3o da ju\u00edza federal Regilena Emy Fukui Bolognesi, titular da 11\u00aa Vara C\u00edvel em S\u00e3o Paulo, acontece ap\u00f3s a Uni\u00e3o ter ajuizado a\u00e7\u00e3o contra a Vasp, entendendo ter o dom\u00ednio sobre o im\u00f3vel de cerca de 15 mil metros quadrados, localizado no per\u00edmetro do aeroporto de\u00a0Congonhas, na capital paulista. A Vasp, que teve fal\u00eancia decretada h\u00e1 alguns anos, alega ser dona do pr\u00e9dio, pois o edif\u00edcio foi concedido \u00e0 a\u00e9rea pelo governo estadual paulista na d\u00e9cada de 1980.<\/p>\n<\/blockquote>\n<p class=\"text\">Para instalar o aeroporto de Congonhas em S\u00e3o Paulo, o governo estadual desapropriou terras no local e assinou com a Uni\u00e3o um contrato de concess\u00e3o para a manuten\u00e7\u00e3o, aparelhamento e explora\u00e7\u00e3o do aeroporto. O contrato previa que, ao fim\u00a0do prazo de 25 anos, as edifica\u00e7\u00f5es passariam para o patrim\u00f4nio da Uni\u00e3o.<\/p>\n<p class=\"text\">Com o fim do contrato de concess\u00e3o, a Uni\u00e3o assumiu o servi\u00e7o aeroportu\u00e1rio por meio da Infraero. O im\u00f3vel doado \u00e0 Vasp, no entanto, n\u00e3o tinha sido passado para o controle da Uni\u00e3o.<\/p>\n<p class=\"text\">No processo, a ju\u00edza entendeu que a posse do im\u00f3vel sempre foi da Uni\u00e3o e, consequentemente, n\u00e3o pode ser leiloado pela a\u00e9rea.<\/p>\n","protected":false},"excerpt":{"rendered":"<p>A Justi\u00e7a Federal em S\u00e3o Paulo determinou que o im\u00f3vel onde funcionava o edif\u00edcio-sede da Vasp (Via\u00e7\u00e3o A\u00e9rea de S\u00e3o Paulo) n\u00e3o pode ser leiloado. A matr\u00edcula do im\u00f3vel foi bloqueada e a posse do edif\u00edcio concedida \u00e0 Uni\u00e3o, por interm\u00e9dio da Empresa Brasileira de Infraestrutura Aeroportu\u00e1ria (Infraero). A decis\u00e3o da ju\u00edza federal Regilena Emy [&hellip;]<\/p>\n","protected":false},"author":1,"featured_media":17347,"comment_status":"open","ping_status":"closed","sticky":false,"template":"","format":"standard","meta":{"_acf_changed":false,"footnotes":""},"categories":[16],"tags":[],"class_list":["post-17346","post","type-post","status-publish","format-standard","has-post-thumbnail","hentry","category-brasil"],"acf":[],"yoast_head":"<!-- This site is optimized with the Yoast SEO plugin v27.2 - https:\/\/yoast.com\/product\/yoast-seo-wordpress\/ -->\n<title>Justi\u00e7a impede leil\u00e3o da sede da Vasp na capital paulista - Notibras<\/title>\n<meta name=\"robots\" content=\"index, follow, max-snippet:-1, max-image-preview:large, max-video-preview:-1\" \/>\n<link rel=\"canonical\" href=\"https:\/\/www.notibras.com\/site\/justica-impede-leilao-de-edificio-sede-da-vasp-em-sao-paulo\/\" \/>\n<meta property=\"og:locale\" content=\"pt_BR\" \/>\n<meta property=\"og:type\" content=\"article\" \/>\n<meta property=\"og:title\" content=\"Justi\u00e7a impede leil\u00e3o da sede da Vasp na capital paulista - Notibras\" \/>\n<meta property=\"og:description\" content=\"A Justi\u00e7a Federal em S\u00e3o Paulo determinou que o im\u00f3vel onde funcionava o edif\u00edcio-sede da Vasp (Via\u00e7\u00e3o A\u00e9rea de S\u00e3o Paulo) n\u00e3o pode ser leiloado. A matr\u00edcula do im\u00f3vel foi bloqueada e a posse do edif\u00edcio concedida \u00e0 Uni\u00e3o, por interm\u00e9dio da Empresa Brasileira de Infraestrutura Aeroportu\u00e1ria (Infraero). A decis\u00e3o da ju\u00edza federal Regilena Emy [&hellip;]\" \/>\n<meta property=\"og:url\" content=\"https:\/\/www.notibras.com\/site\/justica-impede-leilao-de-edificio-sede-da-vasp-em-sao-paulo\/\" \/>\n<meta property=\"og:site_name\" content=\"Notibras\" \/>\n<meta property=\"article:publisher\" content=\"https:\/\/www.facebook.com\/notibras\/\" \/>\n<meta property=\"article:published_time\" content=\"2014-07-24T18:20:51+00:00\" \/>\n<meta property=\"article:modified_time\" content=\"2014-07-24T20:17:08+00:00\" \/>\n<meta property=\"og:image\" content=\"https:\/\/www.notibras.com\/site\/wp-content\/uploads\/2014\/07\/Sem-t\u00edtulo-127.jpg\" \/>\n\t<meta property=\"og:image:width\" content=\"460\" \/>\n\t<meta property=\"og:image:height\" content=\"340\" \/>\n\t<meta property=\"og:image:type\" content=\"image\/jpeg\" \/>\n<meta name=\"author\" content=\"Reda\u00e7\u00e3o\" \/>\n<meta name=\"twitter:card\" content=\"summary_large_image\" \/>\n<meta name=\"twitter:creator\" content=\"@Notibras\" \/>\n<meta name=\"twitter:site\" content=\"@Notibras\" \/>\n<meta name=\"twitter:label1\" content=\"Escrito por\" \/>\n\t<meta name=\"twitter:data1\" content=\"Reda\u00e7\u00e3o\" \/>\n\t<meta name=\"twitter:label2\" content=\"Est. tempo de leitura\" \/>\n\t<meta name=\"twitter:data2\" content=\"1 minuto\" \/>\n<script type=\"application\/ld+json\" class=\"yoast-schema-graph\">{\"@context\":\"https:\/\/schema.org\",\"@graph\":[{\"@type\":\"Article\",\"@id\":\"https:\/\/www.notibras.com\/site\/justica-impede-leilao-de-edificio-sede-da-vasp-em-sao-paulo\/#article\",\"isPartOf\":{\"@id\":\"https:\/\/www.notibras.com\/site\/justica-impede-leilao-de-edificio-sede-da-vasp-em-sao-paulo\/\"},\"author\":{\"name\":\"Reda\u00e7\u00e3o\",\"@id\":\"https:\/\/www.notibras.com\/site\/#\/schema\/person\/00b8e1aa08f9ef6563e878c5159d01cf\"},\"headline\":\"Justi\u00e7a impede leil\u00e3o da sede da Vasp na capital paulista\",\"datePublished\":\"2014-07-24T18:20:51+00:00\",\"dateModified\":\"2014-07-24T20:17:08+00:00\",\"mainEntityOfPage\":{\"@id\":\"https:\/\/www.notibras.com\/site\/justica-impede-leilao-de-edificio-sede-da-vasp-em-sao-paulo\/\"},\"wordCount\":289,\"commentCount\":0,\"publisher\":{\"@id\":\"https:\/\/www.notibras.com\/site\/#organization\"},\"image\":{\"@id\":\"https:\/\/www.notibras.com\/site\/justica-impede-leilao-de-edificio-sede-da-vasp-em-sao-paulo\/#primaryimage\"},\"thumbnailUrl\":\"https:\/\/www.notibras.com\/site\/wp-content\/uploads\/2014\/07\/Sem-t\u00edtulo-127.jpg\",\"articleSection\":[\"Brasil\"],\"inLanguage\":\"pt-BR\",\"potentialAction\":[{\"@type\":\"CommentAction\",\"name\":\"Comment\",\"target\":[\"https:\/\/www.notibras.com\/site\/justica-impede-leilao-de-edificio-sede-da-vasp-em-sao-paulo\/#respond\"]}]},{\"@type\":\"WebPage\",\"@id\":\"https:\/\/www.notibras.com\/site\/justica-impede-leilao-de-edificio-sede-da-vasp-em-sao-paulo\/\",\"url\":\"https:\/\/www.notibras.com\/site\/justica-impede-leilao-de-edificio-sede-da-vasp-em-sao-paulo\/\",\"name\":\"Justi\u00e7a impede leil\u00e3o da sede da Vasp na capital paulista - Notibras\",\"isPartOf\":{\"@id\":\"https:\/\/www.notibras.com\/site\/#website\"},\"primaryImageOfPage\":{\"@id\":\"https:\/\/www.notibras.com\/site\/justica-impede-leilao-de-edificio-sede-da-vasp-em-sao-paulo\/#primaryimage\"},\"image\":{\"@id\":\"https:\/\/www.notibras.com\/site\/justica-impede-leilao-de-edificio-sede-da-vasp-em-sao-paulo\/#primaryimage\"},\"thumbnailUrl\":\"https:\/\/www.notibras.com\/site\/wp-content\/uploads\/2014\/07\/Sem-t\u00edtulo-127.jpg\",\"datePublished\":\"2014-07-24T18:20:51+00:00\",\"dateModified\":\"2014-07-24T20:17:08+00:00\",\"breadcrumb\":{\"@id\":\"https:\/\/www.notibras.com\/site\/justica-impede-leilao-de-edificio-sede-da-vasp-em-sao-paulo\/#breadcrumb\"},\"inLanguage\":\"pt-BR\",\"potentialAction\":[{\"@type\":\"ReadAction\",\"target\":[\"https:\/\/www.notibras.com\/site\/justica-impede-leilao-de-edificio-sede-da-vasp-em-sao-paulo\/\"]}]},{\"@type\":\"ImageObject\",\"inLanguage\":\"pt-BR\",\"@id\":\"https:\/\/www.notibras.com\/site\/justica-impede-leilao-de-edificio-sede-da-vasp-em-sao-paulo\/#primaryimage\",\"url\":\"https:\/\/www.notibras.com\/site\/wp-content\/uploads\/2014\/07\/Sem-t\u00edtulo-127.jpg\",\"contentUrl\":\"https:\/\/www.notibras.com\/site\/wp-content\/uploads\/2014\/07\/Sem-t\u00edtulo-127.jpg\",\"width\":460,\"height\":340},{\"@type\":\"BreadcrumbList\",\"@id\":\"https:\/\/www.notibras.com\/site\/justica-impede-leilao-de-edificio-sede-da-vasp-em-sao-paulo\/#breadcrumb\",\"itemListElement\":[{\"@type\":\"ListItem\",\"position\":1,\"name\":\"In\u00edcio\",\"item\":\"https:\/\/www.notibras.com\/site\/\"},{\"@type\":\"ListItem\",\"position\":2,\"name\":\"Justi\u00e7a impede leil\u00e3o da sede da Vasp na capital paulista\"}]},{\"@type\":\"WebSite\",\"@id\":\"https:\/\/www.notibras.com\/site\/#website\",\"url\":\"https:\/\/www.notibras.com\/site\/\",\"name\":\"Notibras\",\"description\":\"Not\u00edcias de Bras\u00edlia, do Brasil e do Mundo\",\"publisher\":{\"@id\":\"https:\/\/www.notibras.com\/site\/#organization\"},\"potentialAction\":[{\"@type\":\"SearchAction\",\"target\":{\"@type\":\"EntryPoint\",\"urlTemplate\":\"https:\/\/www.notibras.com\/site\/?s={search_term_string}\"},\"query-input\":{\"@type\":\"PropertyValueSpecification\",\"valueRequired\":true,\"valueName\":\"search_term_string\"}}],\"inLanguage\":\"pt-BR\"},{\"@type\":\"Organization\",\"@id\":\"https:\/\/www.notibras.com\/site\/#organization\",\"name\":\"Grupo Notibras de Comunica\u00e7\u00e3o\",\"url\":\"https:\/\/www.notibras.com\/site\/\",\"logo\":{\"@type\":\"ImageObject\",\"inLanguage\":\"pt-BR\",\"@id\":\"https:\/\/www.notibras.com\/site\/#\/schema\/logo\/image\/\",\"url\":\"https:\/\/www.notibras.com\/site\/wp-content\/uploads\/2023\/01\/notibras23.png\",\"contentUrl\":\"https:\/\/www.notibras.com\/site\/wp-content\/uploads\/2023\/01\/notibras23.png\",\"width\":350,\"height\":87,\"caption\":\"Grupo Notibras de Comunica\u00e7\u00e3o\"},\"image\":{\"@id\":\"https:\/\/www.notibras.com\/site\/#\/schema\/logo\/image\/\"},\"sameAs\":[\"https:\/\/www.facebook.com\/notibras\/\",\"https:\/\/x.com\/Notibras\",\"https:\/\/www.instagram.com\/notibras\/\"]},{\"@type\":\"Person\",\"@id\":\"https:\/\/www.notibras.com\/site\/#\/schema\/person\/00b8e1aa08f9ef6563e878c5159d01cf\",\"name\":\"Reda\u00e7\u00e3o\",\"image\":{\"@type\":\"ImageObject\",\"inLanguage\":\"pt-BR\",\"@id\":\"https:\/\/secure.gravatar.com\/avatar\/ac5a707d5b47784a5ed426c6e213e201423c750890f64e4c379114dade67dfb9?s=96&d=mm&r=g\",\"url\":\"https:\/\/secure.gravatar.com\/avatar\/ac5a707d5b47784a5ed426c6e213e201423c750890f64e4c379114dade67dfb9?s=96&d=mm&r=g\",\"contentUrl\":\"https:\/\/secure.gravatar.com\/avatar\/ac5a707d5b47784a5ed426c6e213e201423c750890f64e4c379114dade67dfb9?s=96&d=mm&r=g\",\"caption\":\"Reda\u00e7\u00e3o\"}}]}<\/script>\n<!-- \/ Yoast SEO plugin. -->","yoast_head_json":{"title":"Justi\u00e7a impede leil\u00e3o da sede da Vasp na capital paulista - Notibras","robots":{"index":"index","follow":"follow","max-snippet":"max-snippet:-1","max-image-preview":"max-image-preview:large","max-video-preview":"max-video-preview:-1"},"canonical":"https:\/\/www.notibras.com\/site\/justica-impede-leilao-de-edificio-sede-da-vasp-em-sao-paulo\/","og_locale":"pt_BR","og_type":"article","og_title":"Justi\u00e7a impede leil\u00e3o da sede da Vasp na capital paulista - Notibras","og_description":"A Justi\u00e7a Federal em S\u00e3o Paulo determinou que o im\u00f3vel onde funcionava o edif\u00edcio-sede da Vasp (Via\u00e7\u00e3o A\u00e9rea de S\u00e3o Paulo) n\u00e3o pode ser leiloado. A matr\u00edcula do im\u00f3vel foi bloqueada e a posse do edif\u00edcio concedida \u00e0 Uni\u00e3o, por interm\u00e9dio da Empresa Brasileira de Infraestrutura Aeroportu\u00e1ria (Infraero). A decis\u00e3o da ju\u00edza federal Regilena Emy [&hellip;]","og_url":"https:\/\/www.notibras.com\/site\/justica-impede-leilao-de-edificio-sede-da-vasp-em-sao-paulo\/","og_site_name":"Notibras","article_publisher":"https:\/\/www.facebook.com\/notibras\/","article_published_time":"2014-07-24T18:20:51+00:00","article_modified_time":"2014-07-24T20:17:08+00:00","og_image":[{"width":460,"height":340,"url":"https:\/\/www.notibras.com\/site\/wp-content\/uploads\/2014\/07\/Sem-t\u00edtulo-127.jpg","type":"image\/jpeg"}],"author":"Reda\u00e7\u00e3o","twitter_card":"summary_large_image","twitter_creator":"@Notibras","twitter_site":"@Notibras","twitter_misc":{"Escrito por":"Reda\u00e7\u00e3o","Est. tempo de leitura":"1 minuto"},"schema":{"@context":"https:\/\/schema.org","@graph":[{"@type":"Article","@id":"https:\/\/www.notibras.com\/site\/justica-impede-leilao-de-edificio-sede-da-vasp-em-sao-paulo\/#article","isPartOf":{"@id":"https:\/\/www.notibras.com\/site\/justica-impede-leilao-de-edificio-sede-da-vasp-em-sao-paulo\/"},"author":{"name":"Reda\u00e7\u00e3o","@id":"https:\/\/www.notibras.com\/site\/#\/schema\/person\/00b8e1aa08f9ef6563e878c5159d01cf"},"headline":"Justi\u00e7a impede leil\u00e3o da sede da Vasp na capital paulista","datePublished":"2014-07-24T18:20:51+00:00","dateModified":"2014-07-24T20:17:08+00:00","mainEntityOfPage":{"@id":"https:\/\/www.notibras.com\/site\/justica-impede-leilao-de-edificio-sede-da-vasp-em-sao-paulo\/"},"wordCount":289,"commentCount":0,"publisher":{"@id":"https:\/\/www.notibras.com\/site\/#organization"},"image":{"@id":"https:\/\/www.notibras.com\/site\/justica-impede-leilao-de-edificio-sede-da-vasp-em-sao-paulo\/#primaryimage"},"thumbnailUrl":"https:\/\/www.notibras.com\/site\/wp-content\/uploads\/2014\/07\/Sem-t\u00edtulo-127.jpg","articleSection":["Brasil"],"inLanguage":"pt-BR","potentialAction":[{"@type":"CommentAction","name":"Comment","target":["https:\/\/www.notibras.com\/site\/justica-impede-leilao-de-edificio-sede-da-vasp-em-sao-paulo\/#respond"]}]},{"@type":"WebPage","@id":"https:\/\/www.notibras.com\/site\/justica-impede-leilao-de-edificio-sede-da-vasp-em-sao-paulo\/","url":"https:\/\/www.notibras.com\/site\/justica-impede-leilao-de-edificio-sede-da-vasp-em-sao-paulo\/","name":"Justi\u00e7a impede leil\u00e3o da sede da Vasp na capital paulista - Notibras","isPartOf":{"@id":"https:\/\/www.notibras.com\/site\/#website"},"primaryImageOfPage":{"@id":"https:\/\/www.notibras.com\/site\/justica-impede-leilao-de-edificio-sede-da-vasp-em-sao-paulo\/#primaryimage"},"image":{"@id":"https:\/\/www.notibras.com\/site\/justica-impede-leilao-de-edificio-sede-da-vasp-em-sao-paulo\/#primaryimage"},"thumbnailUrl":"https:\/\/www.notibras.com\/site\/wp-content\/uploads\/2014\/07\/Sem-t\u00edtulo-127.jpg","datePublished":"2014-07-24T18:20:51+00:00","dateModified":"2014-07-24T20:17:08+00:00","breadcrumb":{"@id":"https:\/\/www.notibras.com\/site\/justica-impede-leilao-de-edificio-sede-da-vasp-em-sao-paulo\/#breadcrumb"},"inLanguage":"pt-BR","potentialAction":[{"@type":"ReadAction","target":["https:\/\/www.notibras.com\/site\/justica-impede-leilao-de-edificio-sede-da-vasp-em-sao-paulo\/"]}]},{"@type":"ImageObject","inLanguage":"pt-BR","@id":"https:\/\/www.notibras.com\/site\/justica-impede-leilao-de-edificio-sede-da-vasp-em-sao-paulo\/#primaryimage","url":"https:\/\/www.notibras.com\/site\/wp-content\/uploads\/2014\/07\/Sem-t\u00edtulo-127.jpg","contentUrl":"https:\/\/www.notibras.com\/site\/wp-content\/uploads\/2014\/07\/Sem-t\u00edtulo-127.jpg","width":460,"height":340},{"@type":"BreadcrumbList","@id":"https:\/\/www.notibras.com\/site\/justica-impede-leilao-de-edificio-sede-da-vasp-em-sao-paulo\/#breadcrumb","itemListElement":[{"@type":"ListItem","position":1,"name":"In\u00edcio","item":"https:\/\/www.notibras.com\/site\/"},{"@type":"ListItem","position":2,"name":"Justi\u00e7a impede leil\u00e3o da sede da Vasp na capital paulista"}]},{"@type":"WebSite","@id":"https:\/\/www.notibras.com\/site\/#website","url":"https:\/\/www.notibras.com\/site\/","name":"Notibras","description":"Not\u00edcias de Bras\u00edlia, do Brasil e do Mundo","publisher":{"@id":"https:\/\/www.notibras.com\/site\/#organization"},"potentialAction":[{"@type":"SearchAction","target":{"@type":"EntryPoint","urlTemplate":"https:\/\/www.notibras.com\/site\/?s={search_term_string}"},"query-input":{"@type":"PropertyValueSpecification","valueRequired":true,"valueName":"search_term_string"}}],"inLanguage":"pt-BR"},{"@type":"Organization","@id":"https:\/\/www.notibras.com\/site\/#organization","name":"Grupo Notibras de Comunica\u00e7\u00e3o","url":"https:\/\/www.notibras.com\/site\/","logo":{"@type":"ImageObject","inLanguage":"pt-BR","@id":"https:\/\/www.notibras.com\/site\/#\/schema\/logo\/image\/","url":"https:\/\/www.notibras.com\/site\/wp-content\/uploads\/2023\/01\/notibras23.png","contentUrl":"https:\/\/www.notibras.com\/site\/wp-content\/uploads\/2023\/01\/notibras23.png","width":350,"height":87,"caption":"Grupo Notibras de Comunica\u00e7\u00e3o"},"image":{"@id":"https:\/\/www.notibras.com\/site\/#\/schema\/logo\/image\/"},"sameAs":["https:\/\/www.facebook.com\/notibras\/","https:\/\/x.com\/Notibras","https:\/\/www.instagram.com\/notibras\/"]},{"@type":"Person","@id":"https:\/\/www.notibras.com\/site\/#\/schema\/person\/00b8e1aa08f9ef6563e878c5159d01cf","name":"Reda\u00e7\u00e3o","image":{"@type":"ImageObject","inLanguage":"pt-BR","@id":"https:\/\/secure.gravatar.com\/avatar\/ac5a707d5b47784a5ed426c6e213e201423c750890f64e4c379114dade67dfb9?s=96&d=mm&r=g","url":"https:\/\/secure.gravatar.com\/avatar\/ac5a707d5b47784a5ed426c6e213e201423c750890f64e4c379114dade67dfb9?s=96&d=mm&r=g","contentUrl":"https:\/\/secure.gravatar.com\/avatar\/ac5a707d5b47784a5ed426c6e213e201423c750890f64e4c379114dade67dfb9?s=96&d=mm&r=g","caption":"Reda\u00e7\u00e3o"}}]}},"amp_enabled":true,"_links":{"self":[{"href":"https:\/\/www.notibras.com\/site\/wp-json\/wp\/v2\/posts\/17346","targetHints":{"allow":["GET"]}}],"collection":[{"href":"https:\/\/www.notibras.com\/site\/wp-json\/wp\/v2\/posts"}],"about":[{"href":"https:\/\/www.notibras.com\/site\/wp-json\/wp\/v2\/types\/post"}],"author":[{"embeddable":true,"href":"https:\/\/www.notibras.com\/site\/wp-json\/wp\/v2\/users\/1"}],"replies":[{"embeddable":true,"href":"https:\/\/www.notibras.com\/site\/wp-json\/wp\/v2\/comments?post=17346"}],"version-history":[{"count":0,"href":"https:\/\/www.notibras.com\/site\/wp-json\/wp\/v2\/posts\/17346\/revisions"}],"wp:featuredmedia":[{"embeddable":true,"href":"https:\/\/www.notibras.com\/site\/wp-json\/wp\/v2\/media\/17347"}],"wp:attachment":[{"href":"https:\/\/www.notibras.com\/site\/wp-json\/wp\/v2\/media?parent=17346"}],"wp:term":[{"taxonomy":"category","embeddable":true,"href":"https:\/\/www.notibras.com\/site\/wp-json\/wp\/v2\/categories?post=17346"},{"taxonomy":"post_tag","embeddable":true,"href":"https:\/\/www.notibras.com\/site\/wp-json\/wp\/v2\/tags?post=17346"}],"curies":[{"name":"wp","href":"https:\/\/api.w.org\/{rel}","templated":true}]}}