{"id":17378,"date":"2014-07-24T22:24:56","date_gmt":"2014-07-25T01:24:56","guid":{"rendered":"http:\/\/www.notibras.com\/site\/?p=17378"},"modified":"2014-07-24T22:24:56","modified_gmt":"2014-07-25T01:24:56","slug":"sport-faz-3-leva-2-e-e-eliminado-pelo-paysandu-da-copa-do-brasil","status":"publish","type":"post","link":"https:\/\/www.notibras.com\/site\/sport-faz-3-leva-2-e-e-eliminado-pelo-paysandu-da-copa-do-brasil\/","title":{"rendered":"Sport faz 3, leva 2 e \u00e9 eliminado pelo Paysandu da Copa do Brasil"},"content":{"rendered":"<p>A vit\u00f3ria sobre o Paysandu, nesta quinta-feira, n\u00e3o foi suficiente para fazer o Sport avan\u00e7ar \u00e0 terceira fase da Copa do Brasil. Jogando na Ilha do Retiro, em Pernambuco, os donos da casa venceram por 3 a 2, mas como perderam o jogo de ida por 2 a 1, antes da Copa do Mundo, acabaram eliminados pelo crit\u00e9rio de desempate do\u00a0gol fora de casa.<\/p>\n<p class=\"text\">Ap\u00f3s a conquista da Copa do Nordeste, que credenciou o Sport a disputar a Copa Sul-Americana, os dirigentes do clube deixaram entender que o clube priorizaria a competi\u00e7\u00e3o internacional e que, para isso, teriam que abrir m\u00e3o da Copa do Brasil. No entanto, a promessa n\u00e3o se concretizou. A equipe pernambucana\u00a0lutou at\u00e9 o \u00faltimo minuto para avan\u00e7ar na competi\u00e7\u00e3o nacional.<\/p>\n<p class=\"text\">Ariano Suassuna, torcedor fan\u00e1tico do Sport, que morreu nesta quarta-feira, foi homenageado antes da bola rolar. Os jogadores entraram com uma faixa, enquanto as crian\u00e7as vestiam\u00a0m\u00e1scaras do escritor.<\/p>\n<p class=\"text\">O Sport come\u00e7ou muito bem a partida e dava a enteder que teria facilidade para superar o Paysandu e avan\u00e7ar para a terceira fase da Copa do Brasil. Aos 2min, o cruzamento de Patric encontrou Ananias, que mergulhou de &#8220;peixinho&#8221; para abrir o placar. Aos 14min, os donos da casa aumentaram a vantagem. O lateral direito acertou outro belo lan\u00e7amento e Danilo, de cabe\u00e7a, fez 2 a 0.<\/p>\n<blockquote>\n<p class=\"text\">Quando tudo parecia f\u00e1cil, um erro acabou custando caro ao Sport. Aos 17min, o zagueiro Oswaldo desviou de cabe\u00e7a contra a pr\u00f3pria meta, anotando um gol contra. O clube rubro-negro n\u00e3o se abalou e aos 40min Ananias voltou a balan\u00e7ar as redes. Em nova jogada de Patric, a bola acabou novamente na cabe\u00e7a do atacante, que acertou por baixo das pernas do goleiro Douglas.<\/p>\n<\/blockquote>\n<p class=\"text\">Por\u00e9m, uma falha da zaga voltou a atrapalhar o Sport. Ap\u00f3s dois minutos, a bola sobrou para Marcos Paran\u00e1, que deslocou o goleiro e diminuiu a vantagem para o Paysandu.<\/p>\n<p class=\"text\">Com o placar desfavor\u00e1vel, o Sport pressionou no segundo tempo, criou v\u00e1rias oportunidades para\u00a0empatar e at\u00e9 mesmo virar a partida, mas n\u00e3o foi efetivo nas finaliza\u00e7\u00f5es, esbarrando nas defesas milagrosas\u00a0do goleiro Douglas.<\/p>\n<p class=\"text\">O Paysandu agora encara o Coritiba na terceira fase da Copa do Brasil. A equipe paranaense se classificou ao superar a Caldense por 2 a 0 e eliminar a partida de volta ainda no m\u00eas de abril. A partida ainda n\u00e3o tem data para acontecer.<\/p>\n","protected":false},"excerpt":{"rendered":"<p>A vit\u00f3ria sobre o Paysandu, nesta quinta-feira, n\u00e3o foi suficiente para fazer o Sport avan\u00e7ar \u00e0 terceira fase da Copa do Brasil. Jogando na Ilha do Retiro, em Pernambuco, os donos da casa venceram por 3 a 2, mas como perderam o jogo de ida por 2 a 1, antes da Copa do Mundo, acabaram [&hellip;]<\/p>\n","protected":false},"author":2,"featured_media":17379,"comment_status":"open","ping_status":"closed","sticky":false,"template":"","format":"standard","meta":{"_acf_changed":false,"footnotes":""},"categories":[19,29],"tags":[],"class_list":["post-17378","post","type-post","status-publish","format-standard","has-post-thumbnail","hentry","category-esportes","category-futebol"],"acf":[],"yoast_head":"<!-- This site is optimized with the Yoast SEO plugin v27.2 - https:\/\/yoast.com\/product\/yoast-seo-wordpress\/ -->\n<title>Sport faz 3, leva 2 e \u00e9 eliminado pelo Paysandu da Copa do Brasil - Notibras<\/title>\n<meta name=\"robots\" content=\"index, follow, max-snippet:-1, max-image-preview:large, max-video-preview:-1\" \/>\n<link rel=\"canonical\" href=\"https:\/\/www.notibras.com\/site\/sport-faz-3-leva-2-e-e-eliminado-pelo-paysandu-da-copa-do-brasil\/\" \/>\n<meta property=\"og:locale\" content=\"pt_BR\" \/>\n<meta property=\"og:type\" content=\"article\" \/>\n<meta property=\"og:title\" content=\"Sport faz 3, leva 2 e \u00e9 eliminado pelo Paysandu da Copa do Brasil - Notibras\" \/>\n<meta property=\"og:description\" content=\"A vit\u00f3ria sobre o Paysandu, nesta quinta-feira, n\u00e3o foi suficiente para fazer o Sport avan\u00e7ar \u00e0 terceira fase da Copa do Brasil. Jogando na Ilha do Retiro, em Pernambuco, os donos da casa venceram por 3 a 2, mas como perderam o jogo de ida por 2 a 1, antes da Copa do Mundo, acabaram [&hellip;]\" \/>\n<meta property=\"og:url\" content=\"https:\/\/www.notibras.com\/site\/sport-faz-3-leva-2-e-e-eliminado-pelo-paysandu-da-copa-do-brasil\/\" \/>\n<meta property=\"og:site_name\" content=\"Notibras\" \/>\n<meta property=\"article:publisher\" content=\"https:\/\/www.facebook.com\/notibras\/\" \/>\n<meta property=\"article:published_time\" content=\"2014-07-25T01:24:56+00:00\" \/>\n<meta property=\"og:image\" content=\"https:\/\/www.notibras.com\/site\/wp-content\/uploads\/2014\/07\/2012_Sport_1x4_Paysandu_1.jpg\" \/>\n\t<meta property=\"og:image:width\" content=\"560\" \/>\n\t<meta property=\"og:image:height\" content=\"380\" \/>\n\t<meta property=\"og:image:type\" content=\"image\/jpeg\" \/>\n<meta name=\"author\" content=\"Reda\u00e7\u00e3o\" \/>\n<meta name=\"twitter:card\" content=\"summary_large_image\" \/>\n<meta name=\"twitter:creator\" content=\"@Notibras\" \/>\n<meta name=\"twitter:site\" content=\"@Notibras\" \/>\n<meta name=\"twitter:label1\" content=\"Escrito por\" \/>\n\t<meta name=\"twitter:data1\" content=\"Reda\u00e7\u00e3o\" \/>\n\t<meta name=\"twitter:label2\" content=\"Est. tempo de leitura\" \/>\n\t<meta name=\"twitter:data2\" content=\"2 minutos\" \/>\n<script type=\"application\/ld+json\" class=\"yoast-schema-graph\">{\"@context\":\"https:\/\/schema.org\",\"@graph\":[{\"@type\":\"Article\",\"@id\":\"https:\/\/www.notibras.com\/site\/sport-faz-3-leva-2-e-e-eliminado-pelo-paysandu-da-copa-do-brasil\/#article\",\"isPartOf\":{\"@id\":\"https:\/\/www.notibras.com\/site\/sport-faz-3-leva-2-e-e-eliminado-pelo-paysandu-da-copa-do-brasil\/\"},\"author\":{\"name\":\"Reda\u00e7\u00e3o\",\"@id\":\"https:\/\/www.notibras.com\/site\/#\/schema\/person\/36ab0979449956132d3e5b517ea76ac8\"},\"headline\":\"Sport faz 3, leva 2 e \u00e9 eliminado pelo Paysandu da Copa do Brasil\",\"datePublished\":\"2014-07-25T01:24:56+00:00\",\"mainEntityOfPage\":{\"@id\":\"https:\/\/www.notibras.com\/site\/sport-faz-3-leva-2-e-e-eliminado-pelo-paysandu-da-copa-do-brasil\/\"},\"wordCount\":429,\"commentCount\":0,\"publisher\":{\"@id\":\"https:\/\/www.notibras.com\/site\/#organization\"},\"image\":{\"@id\":\"https:\/\/www.notibras.com\/site\/sport-faz-3-leva-2-e-e-eliminado-pelo-paysandu-da-copa-do-brasil\/#primaryimage\"},\"thumbnailUrl\":\"https:\/\/www.notibras.com\/site\/wp-content\/uploads\/2014\/07\/2012_Sport_1x4_Paysandu_1.jpg\",\"articleSection\":[\"Esportes\",\"Futebol\"],\"inLanguage\":\"pt-BR\",\"potentialAction\":[{\"@type\":\"CommentAction\",\"name\":\"Comment\",\"target\":[\"https:\/\/www.notibras.com\/site\/sport-faz-3-leva-2-e-e-eliminado-pelo-paysandu-da-copa-do-brasil\/#respond\"]}]},{\"@type\":\"WebPage\",\"@id\":\"https:\/\/www.notibras.com\/site\/sport-faz-3-leva-2-e-e-eliminado-pelo-paysandu-da-copa-do-brasil\/\",\"url\":\"https:\/\/www.notibras.com\/site\/sport-faz-3-leva-2-e-e-eliminado-pelo-paysandu-da-copa-do-brasil\/\",\"name\":\"Sport faz 3, leva 2 e \u00e9 eliminado pelo Paysandu da Copa do Brasil - Notibras\",\"isPartOf\":{\"@id\":\"https:\/\/www.notibras.com\/site\/#website\"},\"primaryImageOfPage\":{\"@id\":\"https:\/\/www.notibras.com\/site\/sport-faz-3-leva-2-e-e-eliminado-pelo-paysandu-da-copa-do-brasil\/#primaryimage\"},\"image\":{\"@id\":\"https:\/\/www.notibras.com\/site\/sport-faz-3-leva-2-e-e-eliminado-pelo-paysandu-da-copa-do-brasil\/#primaryimage\"},\"thumbnailUrl\":\"https:\/\/www.notibras.com\/site\/wp-content\/uploads\/2014\/07\/2012_Sport_1x4_Paysandu_1.jpg\",\"datePublished\":\"2014-07-25T01:24:56+00:00\",\"breadcrumb\":{\"@id\":\"https:\/\/www.notibras.com\/site\/sport-faz-3-leva-2-e-e-eliminado-pelo-paysandu-da-copa-do-brasil\/#breadcrumb\"},\"inLanguage\":\"pt-BR\",\"potentialAction\":[{\"@type\":\"ReadAction\",\"target\":[\"https:\/\/www.notibras.com\/site\/sport-faz-3-leva-2-e-e-eliminado-pelo-paysandu-da-copa-do-brasil\/\"]}]},{\"@type\":\"ImageObject\",\"inLanguage\":\"pt-BR\",\"@id\":\"https:\/\/www.notibras.com\/site\/sport-faz-3-leva-2-e-e-eliminado-pelo-paysandu-da-copa-do-brasil\/#primaryimage\",\"url\":\"https:\/\/www.notibras.com\/site\/wp-content\/uploads\/2014\/07\/2012_Sport_1x4_Paysandu_1.jpg\",\"contentUrl\":\"https:\/\/www.notibras.com\/site\/wp-content\/uploads\/2014\/07\/2012_Sport_1x4_Paysandu_1.jpg\",\"width\":560,\"height\":380},{\"@type\":\"BreadcrumbList\",\"@id\":\"https:\/\/www.notibras.com\/site\/sport-faz-3-leva-2-e-e-eliminado-pelo-paysandu-da-copa-do-brasil\/#breadcrumb\",\"itemListElement\":[{\"@type\":\"ListItem\",\"position\":1,\"name\":\"In\u00edcio\",\"item\":\"https:\/\/www.notibras.com\/site\/\"},{\"@type\":\"ListItem\",\"position\":2,\"name\":\"Sport faz 3, leva 2 e \u00e9 eliminado pelo Paysandu da Copa do Brasil\"}]},{\"@type\":\"WebSite\",\"@id\":\"https:\/\/www.notibras.com\/site\/#website\",\"url\":\"https:\/\/www.notibras.com\/site\/\",\"name\":\"Notibras\",\"description\":\"Not\u00edcias de Bras\u00edlia, do Brasil e do Mundo\",\"publisher\":{\"@id\":\"https:\/\/www.notibras.com\/site\/#organization\"},\"potentialAction\":[{\"@type\":\"SearchAction\",\"target\":{\"@type\":\"EntryPoint\",\"urlTemplate\":\"https:\/\/www.notibras.com\/site\/?s={search_term_string}\"},\"query-input\":{\"@type\":\"PropertyValueSpecification\",\"valueRequired\":true,\"valueName\":\"search_term_string\"}}],\"inLanguage\":\"pt-BR\"},{\"@type\":\"Organization\",\"@id\":\"https:\/\/www.notibras.com\/site\/#organization\",\"name\":\"Grupo Notibras de Comunica\u00e7\u00e3o\",\"url\":\"https:\/\/www.notibras.com\/site\/\",\"logo\":{\"@type\":\"ImageObject\",\"inLanguage\":\"pt-BR\",\"@id\":\"https:\/\/www.notibras.com\/site\/#\/schema\/logo\/image\/\",\"url\":\"https:\/\/www.notibras.com\/site\/wp-content\/uploads\/2023\/01\/notibras23.png\",\"contentUrl\":\"https:\/\/www.notibras.com\/site\/wp-content\/uploads\/2023\/01\/notibras23.png\",\"width\":350,\"height\":87,\"caption\":\"Grupo Notibras de Comunica\u00e7\u00e3o\"},\"image\":{\"@id\":\"https:\/\/www.notibras.com\/site\/#\/schema\/logo\/image\/\"},\"sameAs\":[\"https:\/\/www.facebook.com\/notibras\/\",\"https:\/\/x.com\/Notibras\",\"https:\/\/www.instagram.com\/notibras\/\"]},{\"@type\":\"Person\",\"@id\":\"https:\/\/www.notibras.com\/site\/#\/schema\/person\/36ab0979449956132d3e5b517ea76ac8\",\"name\":\"Reda\u00e7\u00e3o\",\"image\":{\"@type\":\"ImageObject\",\"inLanguage\":\"pt-BR\",\"@id\":\"https:\/\/secure.gravatar.com\/avatar\/e0a867bdedb85fd243eadf09663511f96fc81e0720a4a42581f334ad4303aa6b?s=96&d=mm&r=g\",\"url\":\"https:\/\/secure.gravatar.com\/avatar\/e0a867bdedb85fd243eadf09663511f96fc81e0720a4a42581f334ad4303aa6b?s=96&d=mm&r=g\",\"contentUrl\":\"https:\/\/secure.gravatar.com\/avatar\/e0a867bdedb85fd243eadf09663511f96fc81e0720a4a42581f334ad4303aa6b?s=96&d=mm&r=g\",\"caption\":\"Reda\u00e7\u00e3o\"}}]}<\/script>\n<!-- \/ Yoast SEO plugin. -->","yoast_head_json":{"title":"Sport faz 3, leva 2 e \u00e9 eliminado pelo Paysandu da Copa do Brasil - Notibras","robots":{"index":"index","follow":"follow","max-snippet":"max-snippet:-1","max-image-preview":"max-image-preview:large","max-video-preview":"max-video-preview:-1"},"canonical":"https:\/\/www.notibras.com\/site\/sport-faz-3-leva-2-e-e-eliminado-pelo-paysandu-da-copa-do-brasil\/","og_locale":"pt_BR","og_type":"article","og_title":"Sport faz 3, leva 2 e \u00e9 eliminado pelo Paysandu da Copa do Brasil - Notibras","og_description":"A vit\u00f3ria sobre o Paysandu, nesta quinta-feira, n\u00e3o foi suficiente para fazer o Sport avan\u00e7ar \u00e0 terceira fase da Copa do Brasil. Jogando na Ilha do Retiro, em Pernambuco, os donos da casa venceram por 3 a 2, mas como perderam o jogo de ida por 2 a 1, antes da Copa do Mundo, acabaram [&hellip;]","og_url":"https:\/\/www.notibras.com\/site\/sport-faz-3-leva-2-e-e-eliminado-pelo-paysandu-da-copa-do-brasil\/","og_site_name":"Notibras","article_publisher":"https:\/\/www.facebook.com\/notibras\/","article_published_time":"2014-07-25T01:24:56+00:00","og_image":[{"width":560,"height":380,"url":"https:\/\/www.notibras.com\/site\/wp-content\/uploads\/2014\/07\/2012_Sport_1x4_Paysandu_1.jpg","type":"image\/jpeg"}],"author":"Reda\u00e7\u00e3o","twitter_card":"summary_large_image","twitter_creator":"@Notibras","twitter_site":"@Notibras","twitter_misc":{"Escrito por":"Reda\u00e7\u00e3o","Est. tempo de leitura":"2 minutos"},"schema":{"@context":"https:\/\/schema.org","@graph":[{"@type":"Article","@id":"https:\/\/www.notibras.com\/site\/sport-faz-3-leva-2-e-e-eliminado-pelo-paysandu-da-copa-do-brasil\/#article","isPartOf":{"@id":"https:\/\/www.notibras.com\/site\/sport-faz-3-leva-2-e-e-eliminado-pelo-paysandu-da-copa-do-brasil\/"},"author":{"name":"Reda\u00e7\u00e3o","@id":"https:\/\/www.notibras.com\/site\/#\/schema\/person\/36ab0979449956132d3e5b517ea76ac8"},"headline":"Sport faz 3, leva 2 e \u00e9 eliminado pelo Paysandu da Copa do Brasil","datePublished":"2014-07-25T01:24:56+00:00","mainEntityOfPage":{"@id":"https:\/\/www.notibras.com\/site\/sport-faz-3-leva-2-e-e-eliminado-pelo-paysandu-da-copa-do-brasil\/"},"wordCount":429,"commentCount":0,"publisher":{"@id":"https:\/\/www.notibras.com\/site\/#organization"},"image":{"@id":"https:\/\/www.notibras.com\/site\/sport-faz-3-leva-2-e-e-eliminado-pelo-paysandu-da-copa-do-brasil\/#primaryimage"},"thumbnailUrl":"https:\/\/www.notibras.com\/site\/wp-content\/uploads\/2014\/07\/2012_Sport_1x4_Paysandu_1.jpg","articleSection":["Esportes","Futebol"],"inLanguage":"pt-BR","potentialAction":[{"@type":"CommentAction","name":"Comment","target":["https:\/\/www.notibras.com\/site\/sport-faz-3-leva-2-e-e-eliminado-pelo-paysandu-da-copa-do-brasil\/#respond"]}]},{"@type":"WebPage","@id":"https:\/\/www.notibras.com\/site\/sport-faz-3-leva-2-e-e-eliminado-pelo-paysandu-da-copa-do-brasil\/","url":"https:\/\/www.notibras.com\/site\/sport-faz-3-leva-2-e-e-eliminado-pelo-paysandu-da-copa-do-brasil\/","name":"Sport faz 3, leva 2 e \u00e9 eliminado pelo Paysandu da Copa do Brasil - Notibras","isPartOf":{"@id":"https:\/\/www.notibras.com\/site\/#website"},"primaryImageOfPage":{"@id":"https:\/\/www.notibras.com\/site\/sport-faz-3-leva-2-e-e-eliminado-pelo-paysandu-da-copa-do-brasil\/#primaryimage"},"image":{"@id":"https:\/\/www.notibras.com\/site\/sport-faz-3-leva-2-e-e-eliminado-pelo-paysandu-da-copa-do-brasil\/#primaryimage"},"thumbnailUrl":"https:\/\/www.notibras.com\/site\/wp-content\/uploads\/2014\/07\/2012_Sport_1x4_Paysandu_1.jpg","datePublished":"2014-07-25T01:24:56+00:00","breadcrumb":{"@id":"https:\/\/www.notibras.com\/site\/sport-faz-3-leva-2-e-e-eliminado-pelo-paysandu-da-copa-do-brasil\/#breadcrumb"},"inLanguage":"pt-BR","potentialAction":[{"@type":"ReadAction","target":["https:\/\/www.notibras.com\/site\/sport-faz-3-leva-2-e-e-eliminado-pelo-paysandu-da-copa-do-brasil\/"]}]},{"@type":"ImageObject","inLanguage":"pt-BR","@id":"https:\/\/www.notibras.com\/site\/sport-faz-3-leva-2-e-e-eliminado-pelo-paysandu-da-copa-do-brasil\/#primaryimage","url":"https:\/\/www.notibras.com\/site\/wp-content\/uploads\/2014\/07\/2012_Sport_1x4_Paysandu_1.jpg","contentUrl":"https:\/\/www.notibras.com\/site\/wp-content\/uploads\/2014\/07\/2012_Sport_1x4_Paysandu_1.jpg","width":560,"height":380},{"@type":"BreadcrumbList","@id":"https:\/\/www.notibras.com\/site\/sport-faz-3-leva-2-e-e-eliminado-pelo-paysandu-da-copa-do-brasil\/#breadcrumb","itemListElement":[{"@type":"ListItem","position":1,"name":"In\u00edcio","item":"https:\/\/www.notibras.com\/site\/"},{"@type":"ListItem","position":2,"name":"Sport faz 3, leva 2 e \u00e9 eliminado pelo Paysandu da Copa do Brasil"}]},{"@type":"WebSite","@id":"https:\/\/www.notibras.com\/site\/#website","url":"https:\/\/www.notibras.com\/site\/","name":"Notibras","description":"Not\u00edcias de Bras\u00edlia, do Brasil e do Mundo","publisher":{"@id":"https:\/\/www.notibras.com\/site\/#organization"},"potentialAction":[{"@type":"SearchAction","target":{"@type":"EntryPoint","urlTemplate":"https:\/\/www.notibras.com\/site\/?s={search_term_string}"},"query-input":{"@type":"PropertyValueSpecification","valueRequired":true,"valueName":"search_term_string"}}],"inLanguage":"pt-BR"},{"@type":"Organization","@id":"https:\/\/www.notibras.com\/site\/#organization","name":"Grupo Notibras de Comunica\u00e7\u00e3o","url":"https:\/\/www.notibras.com\/site\/","logo":{"@type":"ImageObject","inLanguage":"pt-BR","@id":"https:\/\/www.notibras.com\/site\/#\/schema\/logo\/image\/","url":"https:\/\/www.notibras.com\/site\/wp-content\/uploads\/2023\/01\/notibras23.png","contentUrl":"https:\/\/www.notibras.com\/site\/wp-content\/uploads\/2023\/01\/notibras23.png","width":350,"height":87,"caption":"Grupo Notibras de Comunica\u00e7\u00e3o"},"image":{"@id":"https:\/\/www.notibras.com\/site\/#\/schema\/logo\/image\/"},"sameAs":["https:\/\/www.facebook.com\/notibras\/","https:\/\/x.com\/Notibras","https:\/\/www.instagram.com\/notibras\/"]},{"@type":"Person","@id":"https:\/\/www.notibras.com\/site\/#\/schema\/person\/36ab0979449956132d3e5b517ea76ac8","name":"Reda\u00e7\u00e3o","image":{"@type":"ImageObject","inLanguage":"pt-BR","@id":"https:\/\/secure.gravatar.com\/avatar\/e0a867bdedb85fd243eadf09663511f96fc81e0720a4a42581f334ad4303aa6b?s=96&d=mm&r=g","url":"https:\/\/secure.gravatar.com\/avatar\/e0a867bdedb85fd243eadf09663511f96fc81e0720a4a42581f334ad4303aa6b?s=96&d=mm&r=g","contentUrl":"https:\/\/secure.gravatar.com\/avatar\/e0a867bdedb85fd243eadf09663511f96fc81e0720a4a42581f334ad4303aa6b?s=96&d=mm&r=g","caption":"Reda\u00e7\u00e3o"}}]}},"amp_enabled":true,"_links":{"self":[{"href":"https:\/\/www.notibras.com\/site\/wp-json\/wp\/v2\/posts\/17378","targetHints":{"allow":["GET"]}}],"collection":[{"href":"https:\/\/www.notibras.com\/site\/wp-json\/wp\/v2\/posts"}],"about":[{"href":"https:\/\/www.notibras.com\/site\/wp-json\/wp\/v2\/types\/post"}],"author":[{"embeddable":true,"href":"https:\/\/www.notibras.com\/site\/wp-json\/wp\/v2\/users\/2"}],"replies":[{"embeddable":true,"href":"https:\/\/www.notibras.com\/site\/wp-json\/wp\/v2\/comments?post=17378"}],"version-history":[{"count":0,"href":"https:\/\/www.notibras.com\/site\/wp-json\/wp\/v2\/posts\/17378\/revisions"}],"wp:featuredmedia":[{"embeddable":true,"href":"https:\/\/www.notibras.com\/site\/wp-json\/wp\/v2\/media\/17379"}],"wp:attachment":[{"href":"https:\/\/www.notibras.com\/site\/wp-json\/wp\/v2\/media?parent=17378"}],"wp:term":[{"taxonomy":"category","embeddable":true,"href":"https:\/\/www.notibras.com\/site\/wp-json\/wp\/v2\/categories?post=17378"},{"taxonomy":"post_tag","embeddable":true,"href":"https:\/\/www.notibras.com\/site\/wp-json\/wp\/v2\/tags?post=17378"}],"curies":[{"name":"wp","href":"https:\/\/api.w.org\/{rel}","templated":true}]}}