{"id":17381,"date":"2014-07-25T05:23:11","date_gmt":"2014-07-25T08:23:11","guid":{"rendered":"http:\/\/www.notibras.com\/site\/?p=17381"},"modified":"2014-07-25T05:24:00","modified_gmt":"2014-07-25T08:24:00","slug":"israel-ironiza-brasil-sobre-ataques-a-gaza-desproporcional-e-levar-7-a-1","status":"publish","type":"post","link":"https:\/\/www.notibras.com\/site\/israel-ironiza-brasil-sobre-ataques-a-gaza-desproporcional-e-levar-7-a-1\/","title":{"rendered":"Israel ironiza Brasil sobre ataques a Gaza. Desproporcional \u00e9 7 a 1"},"content":{"rendered":"<p>O porta-voz do Minist\u00e9rio das Rela\u00e7\u00f5es Exteriores israelense, Yigal Palmor, condenou as cr\u00edticas feitas pelo governo brasileiro ao &#8220;uso deproporcional da for\u00e7a israelense&#8221; em entrevista ao Jornal Nacional e ironizou o termo empregado pelo Brasil ao lembrar da derrota sofrida pela sele\u00e7\u00e3o brasileira para a Alemanha na semifinal da Copa do Mundo.<\/p>\n<p class=\"text\">&#8220;A reposta de Israel \u00e9 perfeitamente proporcional, de acordo com a lei internacional. Isso n\u00e3o \u00e9 futebol. No futebol, quando um jogo termina em empate, voc\u00ea acha proporcional, e quando \u00e9 7 a 1 \u00e9 desproporcional&#8221;, declarou Palmor.<\/p>\n<p class=\"text\">O porta-voz de Isarel\u00a0tamb\u00e9m disse na entrevista, exibida nesta quinta-feira, que desproporcional &#8220;seria deixar centenas de pessoas mortas nas ruas de Israel&#8221;.<\/p>\n<blockquote>\n<p class=\"text\">A dura resposta israelense foi\u00a0dada depois de\u00a0o Brasil ter chamado para consultas o seu embaixador em Tel Aviv,\u00a0classificado\u00a0de &#8220;inaceit\u00e1vel a escalada da viol\u00eancia em Gaza&#8221; e condenado\u00a0&#8220;energicamente o uso desproporcional da for\u00e7a por Israel na Faixa de Gaza&#8221;.<\/p>\n<\/blockquote>\n<p class=\"text\">O governo israelense j\u00e1 havia criticado a postura do governo brasileiro\u00a0antes de Yigal Palmor falar ao Jornal\u00a0Nacional. O mesmo porta-voz israelense havia dito ao\u00a0jornal <em>Jerusalem Post<\/em> que o Brasil\u00a0\u00e9 um &#8220;an\u00e3o diplom\u00e1tico&#8221;.<\/p>\n<p class=\"text\">Em meio a troca de farpas, o\u00a0ministro das Rela\u00e7\u00f5es Exteriores brasileiro, Luiz\u00a0Alberto Figueiredo, rebateu dizendo\u00a0que &#8220;o Brasil \u00e9 um dos 11 pa\u00edses do mundo\u00a0que t\u00eam rela\u00e7\u00f5es diplom\u00e1ticas com todos os membros da ONU&#8221; e\u00a0&#8220;um\u00a0hist\u00f3rico de coopera\u00e7\u00e3o pela paz internacional\u201d.<\/p>\n<p class=\"text\">Mais de 750 palestinos j\u00e1 morreram desde o in\u00edcio da ofensiva israelense\u00a0em 8 de julho.<\/p>\n","protected":false},"excerpt":{"rendered":"<p>O porta-voz do Minist\u00e9rio das Rela\u00e7\u00f5es Exteriores israelense, Yigal Palmor, condenou as cr\u00edticas feitas pelo governo brasileiro ao &#8220;uso deproporcional da for\u00e7a israelense&#8221; em entrevista ao Jornal Nacional e ironizou o termo empregado pelo Brasil ao lembrar da derrota sofrida pela sele\u00e7\u00e3o brasileira para a Alemanha na semifinal da Copa do Mundo. &#8220;A reposta de [&hellip;]<\/p>\n","protected":false},"author":2,"featured_media":17382,"comment_status":"open","ping_status":"closed","sticky":false,"template":"","format":"standard","meta":{"_acf_changed":false,"footnotes":""},"categories":[16],"tags":[],"class_list":["post-17381","post","type-post","status-publish","format-standard","has-post-thumbnail","hentry","category-brasil"],"acf":[],"_links":{"self":[{"href":"https:\/\/www.notibras.com\/site\/wp-json\/wp\/v2\/posts\/17381","targetHints":{"allow":["GET"]}}],"collection":[{"href":"https:\/\/www.notibras.com\/site\/wp-json\/wp\/v2\/posts"}],"about":[{"href":"https:\/\/www.notibras.com\/site\/wp-json\/wp\/v2\/types\/post"}],"author":[{"embeddable":true,"href":"https:\/\/www.notibras.com\/site\/wp-json\/wp\/v2\/users\/2"}],"replies":[{"embeddable":true,"href":"https:\/\/www.notibras.com\/site\/wp-json\/wp\/v2\/comments?post=17381"}],"version-history":[{"count":0,"href":"https:\/\/www.notibras.com\/site\/wp-json\/wp\/v2\/posts\/17381\/revisions"}],"wp:featuredmedia":[{"embeddable":true,"href":"https:\/\/www.notibras.com\/site\/wp-json\/wp\/v2\/media\/17382"}],"wp:attachment":[{"href":"https:\/\/www.notibras.com\/site\/wp-json\/wp\/v2\/media?parent=17381"}],"wp:term":[{"taxonomy":"category","embeddable":true,"href":"https:\/\/www.notibras.com\/site\/wp-json\/wp\/v2\/categories?post=17381"},{"taxonomy":"post_tag","embeddable":true,"href":"https:\/\/www.notibras.com\/site\/wp-json\/wp\/v2\/tags?post=17381"}],"curies":[{"name":"wp","href":"https:\/\/api.w.org\/{rel}","templated":true}]}}