{"id":17390,"date":"2014-07-25T09:05:13","date_gmt":"2014-07-25T12:05:13","guid":{"rendered":"http:\/\/www.notibras.com\/site\/?p=17390"},"modified":"2014-07-25T09:05:56","modified_gmt":"2014-07-25T12:05:56","slug":"monobloco-abre-primeiro-dia-do-maior-sao-joao-do-cerrado","status":"publish","type":"post","link":"https:\/\/www.notibras.com\/site\/monobloco-abre-primeiro-dia-do-maior-sao-joao-do-cerrado\/","title":{"rendered":"Grupo Monobloco abre o primeiro dia do Maior S\u00e3o Jo\u00e3o do Cerrado"},"content":{"rendered":"<p>O grupo carioca Monobloco \u00e9 a principal atra\u00e7\u00e3o do primeiro dia da 8\u00aa edi\u00e7\u00e3o do Maior S\u00e3o Jo\u00e3o do Cerrado, no Distrito Federal, que acontece entre 6 e 10 de agosto no Forrob\u00f3dromo, em Ceil\u00e2ndia. A entrada \u00e9 franca.<\/p>\n<p>O evento ser\u00e1 ambientado numa estrutura com capacidade para receber at\u00e9 800 mil visitantes. A programa\u00e7\u00e3o prev\u00ea shows da banda Rastap\u00e9 e Magn\u00edficos, dos cantores Lenine, Alceu Valen\u00e7a, Michel Tel\u00f3, e da paraibana Elba Ramalho, que foi nomeada madrinha da festa.<\/p>\n<p>Artistas locais tamb\u00e9m ter\u00e3o espa\u00e7o no palco principal. Os grupos RAPadura, S\u00f3 pra Xamegar, Sotaque de Raiz, Nega Malluka e Boka de Sergipe prometem animar o p\u00fablico.<\/p>\n<p>Al\u00e9m dos shows de artistas nacionais e locais, haver\u00e1 a Vila Borborema, uma r\u00e9plica das vilas do interior do pa\u00eds com suas casas coloridas, e o S\u00edtio Seu Jo\u00e3o, onde os forrozeiros de plant\u00e3o poder\u00e3o dan\u00e7ar \u00e0 vontade.<\/p>\n<p>A 8\u00aa edi\u00e7\u00e3o do Maior S\u00e3o Jo\u00e3o do Cerrado dever\u00e1 movimentar R$ 11 milh\u00f5es na economia do DF, segundo estimativa da produtores respons\u00e1vel pela organiza\u00e7\u00e3o do evento.<\/p>\n<blockquote><p><strong><strong>Confira a programa\u00e7\u00e3o do palco principal:<\/strong><\/strong><\/p>\n<p><strong>6 de agosto &#8211; quarta-feira<\/strong><br \/>\n21h &#8211; Abertura Oficial<br \/>\n21h15 &#8211; Bal\u00e9 Flor do Cerrado<br \/>\n21h30 &#8211; Queima de Fogos<br \/>\n21h35 &#8211; Monobloco<br \/>\n23h30 &#8211; Bob Nickson<br \/>\n1h45 &#8211; Banda Magn\u00edficos<\/p>\n<p><strong>7 de agosto &#8211; quinta-feira<\/strong><br \/>\n20h45 &#8211; Nilson Freire<br \/>\n22h &#8211; Boka de Sergipe<br \/>\n23h15 &#8211; Bal\u00e9 Flor do Cerrado<br \/>\n23h45 &#8211; Michel Tel\u00f3<br \/>\n1h45 &#8211; Arreio de Ouro<\/p>\n<p><strong>8 de agosto &#8211; sexta-feira<\/strong><br \/>\n20h45 &#8211; Trio Sirid\u00f3<br \/>\n22h &#8211; Santanna &#8211; O Cantador<br \/>\n23h50 &#8211; Bal\u00e9 Flor do Cerrado<br \/>\n00h15 &#8211; Alceu Valen\u00e7a<br \/>\n2h15 &#8211; S\u00f3 Pra Xamegar<\/p>\n<p><strong>9 de agosto &#8211; s\u00e1bado<\/strong><br \/>\n20h &#8211; Flomulengo<br \/>\n21h &#8211; RAPadura<br \/>\n22h25 &#8211; Bal\u00e9 Flor do Cerrado<br \/>\n22h45 &#8211; Lenine<br \/>\n00h30 &#8211; Elba Ramalho<br \/>\n2h15 &#8211; Nega Malluka<\/p>\n<p><strong>10 de agosto &#8211; domingo<\/strong><br \/>\n20h &#8211; Rastap\u00e9<br \/>\n21h &#8211; Mala 100 Al\u00e7a<\/p>\n<p><strong>Servi\u00e7o<\/strong><br \/>\nLocal: Forrob\u00f3dromo &#8211; Ceil\u00e2ndia<br \/>\nData: 06 a 10 de agosto<br \/>\nHor\u00e1rio: a partir das 18 h<br \/>\nEntrada Franca<br \/>\nClassifica\u00e7\u00e3o indicativa: 16 anos<\/p><\/blockquote>\n","protected":false},"excerpt":{"rendered":"<p>O grupo carioca Monobloco \u00e9 a principal atra\u00e7\u00e3o do primeiro dia da 8\u00aa edi\u00e7\u00e3o do Maior S\u00e3o Jo\u00e3o do Cerrado, no Distrito Federal, que acontece entre 6 e 10 de agosto no Forrob\u00f3dromo, em Ceil\u00e2ndia. A entrada \u00e9 franca. O evento ser\u00e1 ambientado numa estrutura com capacidade para receber at\u00e9 800 mil visitantes. A programa\u00e7\u00e3o [&hellip;]<\/p>\n","protected":false},"author":1,"featured_media":17391,"comment_status":"open","ping_status":"closed","sticky":false,"template":"","format":"standard","meta":{"_acf_changed":false,"footnotes":""},"categories":[1],"tags":[],"class_list":["post-17390","post","type-post","status-publish","format-standard","has-post-thumbnail","hentry","category-brasilia"],"acf":[],"_links":{"self":[{"href":"https:\/\/www.notibras.com\/site\/wp-json\/wp\/v2\/posts\/17390","targetHints":{"allow":["GET"]}}],"collection":[{"href":"https:\/\/www.notibras.com\/site\/wp-json\/wp\/v2\/posts"}],"about":[{"href":"https:\/\/www.notibras.com\/site\/wp-json\/wp\/v2\/types\/post"}],"author":[{"embeddable":true,"href":"https:\/\/www.notibras.com\/site\/wp-json\/wp\/v2\/users\/1"}],"replies":[{"embeddable":true,"href":"https:\/\/www.notibras.com\/site\/wp-json\/wp\/v2\/comments?post=17390"}],"version-history":[{"count":0,"href":"https:\/\/www.notibras.com\/site\/wp-json\/wp\/v2\/posts\/17390\/revisions"}],"wp:featuredmedia":[{"embeddable":true,"href":"https:\/\/www.notibras.com\/site\/wp-json\/wp\/v2\/media\/17391"}],"wp:attachment":[{"href":"https:\/\/www.notibras.com\/site\/wp-json\/wp\/v2\/media?parent=17390"}],"wp:term":[{"taxonomy":"category","embeddable":true,"href":"https:\/\/www.notibras.com\/site\/wp-json\/wp\/v2\/categories?post=17390"},{"taxonomy":"post_tag","embeddable":true,"href":"https:\/\/www.notibras.com\/site\/wp-json\/wp\/v2\/tags?post=17390"}],"curies":[{"name":"wp","href":"https:\/\/api.w.org\/{rel}","templated":true}]}}