{"id":17512,"date":"2014-07-26T11:05:47","date_gmt":"2014-07-26T14:05:47","guid":{"rendered":"http:\/\/www.notibras.com\/site\/?p=17512"},"modified":"2014-07-28T14:42:56","modified_gmt":"2014-07-28T17:42:56","slug":"policia-aponta-rede-dos-black-blocs-que-atuam-no-rio-e-sao-paulo","status":"publish","type":"post","link":"https:\/\/www.notibras.com\/site\/policia-aponta-rede-dos-black-blocs-que-atuam-no-rio-e-sao-paulo\/","title":{"rendered":"Pol\u00edcia aponta rede dos black blocs que atuam no Rio e SP"},"content":{"rendered":"<p>O inqu\u00e9rito da Pol\u00edcia Civil do Rio que investigou ativistas e resultou na decreta\u00e7\u00e3o de pris\u00e3o preventiva de 23 pessoas &#8211; medida revogada na quinta-feira pelo desembargador Siro Darlan &#8211; tamb\u00e9m reuniu ind\u00edcios de que black blocs de S\u00e3o Paulo e do Rio trocam informa\u00e7\u00f5es frequentemente e atuam juntos em algumas manifesta\u00e7\u00f5es.<\/p>\n<p>Uma liga\u00e7\u00e3o telef\u00f4nica interceptada com autoriza\u00e7\u00e3o judicial \u00e0s 12h31 de 2 de julho indica que a ativista Camila Jourdan procurou uma pessoa de S\u00e3o Paulo chamada Priscila, pedindo informa\u00e7\u00f5es sobre &#8220;a vinda de pessoas de S\u00e3o Paulo para as manifesta\u00e7\u00f5es do dia 13 de julho, final da Copa no Rio&#8221;.<\/p>\n<p>Tamb\u00e9m \u00e9 citado um homem identificado apenas como Feij\u00e3o, at\u00e9 agora n\u00e3o identificado pela pol\u00edcia.<\/p>\n<p>No mesmo dia, \u00e0s 16h38, Camila pede a outro ativista, Igor D\u0092Icarahy, que confirme a exist\u00eancia de local para hospedar &#8220;as pessoas que v\u00eam de S\u00e3o Paulo&#8221;. A viagem de S\u00e3o Paulo foi descartada por causa da pris\u00e3o de ativistas, no dia 12 de julho.<\/p>\n<blockquote><p>Em depoimento, o ex-integrante da comiss\u00e3o de organiza\u00e7\u00e3o dos protestos violentos, o t\u00e9cnico qu\u00edmico Felipe Braz Ara\u00fajo, de 30 anos, detalhou \u00e0 Pol\u00edcia Civil quem s\u00e3o os l\u00edderes do movimento e como funcionava a estrat\u00e9gia de depreda\u00e7\u00f5es.<\/p><\/blockquote>\n<p>As reuni\u00f5es do grupo, segundo ele, ocorriam, geralmente, em pr\u00e9dios p\u00fablicos &#8211; ou no Instituto de Filosofia e Ci\u00eancias Sociais da Universidade Federal do Rio de Janeiro (UFRJ), no centro, ou na sede da Universidade do Estado do Rio de Janeiro (Uerj), na zona norte.<\/p>\n<p>O objetivo da comiss\u00e3o, de acordo com o depoimento dado \u00e0 Delegacia de Repress\u00e3o a Crimes de Inform\u00e1tica (DRCI) no \u00faltimo dia 3, era definir os temas que seriam explorados nos protestos, como a morte do pedreiro Amarildo de Souza, a desocupa\u00e7\u00e3o do acampamento Aldeia Maracan\u00e3 (montada no antigo Museu do \u00cdndio, no Maracan\u00e3, zona norte) e a desativa\u00e7\u00e3o do Hospital dos Servidores, na zona portu\u00e1ria.<\/p>\n<p>A partir da escolha das prioridades, marcava-se um ato e planejava-se o que o depoente chamou de &#8220;atos criminosos&#8221;. &#8220;Nas reuni\u00f5es eram planejados trajetos e atos criminosos, como incendiar \u00f4nibus, destrui\u00e7\u00e3o do patrim\u00f4nio p\u00fablico e privado, furto a caixas eletr\u00f4nicos de ag\u00eancias banc\u00e1rias&#8221;, afirmou Ara\u00fajo aos investigadores.<\/p>\n<p>O ex-integrante contou ter deixado o grupo por discordar das a\u00e7\u00f5es violentas, que estavam gerando rep\u00fadio veemente por parte da sociedade.<\/p>\n<p>&#8220;O declarante decidiu abandonar a comiss\u00e3o da FIP (Frente Independente Popular, formada a partir do pioneiro F\u00f3rum de Lutas, respons\u00e1vel pelas primeiras manifesta\u00e7\u00f5es) porque s\u00f3 existia o \u0091quebra-quebra\u0092 e n\u00e3o havia nenhum resultado&#8221;, diz o texto enviado \u00e0 Justi\u00e7a, em que a DRCI transcreve o teor do depoimento da testemunha.<\/p>\n<p>Para Ara\u00fajo, a prioridade do confronto com a Pol\u00edcia Militar nos protestos relegou &#8220;a ideia principal de mudar o Pa\u00eds&#8221; para segundo plano.<\/p>\n","protected":false},"excerpt":{"rendered":"<p>O inqu\u00e9rito da Pol\u00edcia Civil do Rio que investigou ativistas e resultou na decreta\u00e7\u00e3o de pris\u00e3o preventiva de 23 pessoas &#8211; medida revogada na quinta-feira pelo desembargador Siro Darlan &#8211; tamb\u00e9m reuniu ind\u00edcios de que black blocs de S\u00e3o Paulo e do Rio trocam informa\u00e7\u00f5es frequentemente e atuam juntos em algumas manifesta\u00e7\u00f5es. Uma liga\u00e7\u00e3o telef\u00f4nica [&hellip;]<\/p>\n","protected":false},"author":2,"featured_media":17513,"comment_status":"open","ping_status":"closed","sticky":false,"template":"","format":"standard","meta":{"_acf_changed":false,"footnotes":""},"categories":[16],"tags":[],"class_list":["post-17512","post","type-post","status-publish","format-standard","has-post-thumbnail","hentry","category-brasil"],"acf":[],"_links":{"self":[{"href":"https:\/\/www.notibras.com\/site\/wp-json\/wp\/v2\/posts\/17512","targetHints":{"allow":["GET"]}}],"collection":[{"href":"https:\/\/www.notibras.com\/site\/wp-json\/wp\/v2\/posts"}],"about":[{"href":"https:\/\/www.notibras.com\/site\/wp-json\/wp\/v2\/types\/post"}],"author":[{"embeddable":true,"href":"https:\/\/www.notibras.com\/site\/wp-json\/wp\/v2\/users\/2"}],"replies":[{"embeddable":true,"href":"https:\/\/www.notibras.com\/site\/wp-json\/wp\/v2\/comments?post=17512"}],"version-history":[{"count":0,"href":"https:\/\/www.notibras.com\/site\/wp-json\/wp\/v2\/posts\/17512\/revisions"}],"wp:featuredmedia":[{"embeddable":true,"href":"https:\/\/www.notibras.com\/site\/wp-json\/wp\/v2\/media\/17513"}],"wp:attachment":[{"href":"https:\/\/www.notibras.com\/site\/wp-json\/wp\/v2\/media?parent=17512"}],"wp:term":[{"taxonomy":"category","embeddable":true,"href":"https:\/\/www.notibras.com\/site\/wp-json\/wp\/v2\/categories?post=17512"},{"taxonomy":"post_tag","embeddable":true,"href":"https:\/\/www.notibras.com\/site\/wp-json\/wp\/v2\/tags?post=17512"}],"curies":[{"name":"wp","href":"https:\/\/api.w.org\/{rel}","templated":true}]}}