{"id":175183,"date":"2018-04-06T08:53:57","date_gmt":"2018-04-06T11:53:57","guid":{"rendered":"https:\/\/www.notibras.com\/site\/?p=175183"},"modified":"2018-04-06T08:53:57","modified_gmt":"2018-04-06T11:53:57","slug":"china-contra-ataca-guerra-comercial-iniciada-por-americanos","status":"publish","type":"post","link":"https:\/\/www.notibras.com\/site\/china-contra-ataca-guerra-comercial-iniciada-por-americanos\/","title":{"rendered":"China contra-ataca guerra comercial iniciada por americanos"},"content":{"rendered":"<p>A China advertiu, nesta sexta-feira (6), que vai &#8220;contra-atacar&#8221; contundentemente as medidas tarif\u00e1rias dos Estados Unidos (EUA). O governo disse que est\u00e1 preparado para pagar o pre\u00e7o de uma guerra comercial que, embora n\u00e3o deseje, n\u00e3o teme.<\/p>\n<p>&#8220;Se os Estados Unidos persistirem no seu comportamento de unilateralismo e protecionismo comercial, ignorando a oposi\u00e7\u00e3o chinesa e da comunidade internacional, a China vai continuar at\u00e9 o fim a qualquer pre\u00e7o e contra-atacar\u00e1 contundentemente&#8221;, garantiu o Minist\u00e9rio do Com\u00e9rcio em comunicado.<\/p>\n<p>As autoridades chinesas reagiram dessa forma \u00e0 decis\u00e3o do presidente americano Donald Trump, que ontem (5) anunciou que estuda impor US$ 100 bilh\u00f5es em tarifas sobre a China, adicionais aos US$ 50 bilh\u00f5es j\u00e1 anunciados a centenas de produtos chineses, em resposta \u00e0s tarifas com as quais Pequim castigou Washington esta semana.<\/p>\n<p>&#8220;N\u00e3o queremos uma guerra comercial, mas n\u00e3o a tememos&#8221;, reiterou o Minist\u00e9rio do Com\u00e9rcio, acrescentando que ser\u00e3o observadas as a\u00e7\u00f5es tomadas por Washington. &#8220;Sem d\u00favida alguma&#8221;, ser\u00e3o tomadas novas medidas &#8220;para defender com contund\u00eancia o interesse do pa\u00eds e do povo&#8221;, acrescentou.<\/p>\n<p>Ap\u00f3s criticar novamente o protecionismo adotado por Trump contra o livre-com\u00e9rcio, a China reafirmou que vai seguir com sua reforma e abertura, a prote\u00e7\u00e3o do sistema multilateral de com\u00e9rcio e a facilita\u00e7\u00e3o do investimento global.<\/p>\n<p>Como j\u00e1 tinha advertido, Pequim apresentou formalmente ontem \u00e0 Organiza\u00e7\u00e3o Mundial do Com\u00e9rcio (OMC) uma den\u00fancia contra os EUA pelas tarifas impostas aos produtos chineses, alegando que essas cargas excedem os juros consolidados por Washington e s\u00e3o incompat\u00edveis com o Acordo Geral sobre Tarifas e Com\u00e9rcio (Gaat).<\/p>\n<p>A crescente tens\u00e3o entre as duas pot\u00eancias econ\u00f4micas fez com que o secret\u00e1rio-geral daOrganiza\u00e7\u00e3o das Na\u00e7\u00f5es Unidas, Ant\u00f3nio Guterres, insistisse hoje na necessidade de di\u00e1logo, horas antes de viajar para a China, onde participar\u00e1 do F\u00f3rum de Boao, um encontro de l\u00edderes econ\u00f4micos e pol\u00edticos considerado o &#8220;Davos asi\u00e1tico&#8221;.<\/p>\n","protected":false},"excerpt":{"rendered":"<p>A China advertiu, nesta sexta-feira (6), que vai &#8220;contra-atacar&#8221; contundentemente as medidas tarif\u00e1rias dos Estados Unidos (EUA). O governo disse que est\u00e1 preparado para pagar o pre\u00e7o de uma guerra comercial que, embora n\u00e3o deseje, n\u00e3o teme. &#8220;Se os Estados Unidos persistirem no seu comportamento de unilateralismo e protecionismo comercial, ignorando a oposi\u00e7\u00e3o chinesa e [&hellip;]<\/p>\n","protected":false},"author":2,"featured_media":175184,"comment_status":"closed","ping_status":"closed","sticky":false,"template":"","format":"standard","meta":{"_acf_changed":false,"footnotes":""},"categories":[17],"tags":[],"class_list":["post-175183","post","type-post","status-publish","format-standard","has-post-thumbnail","hentry","category-mundo"],"acf":[],"yoast_head":"<!-- This site is optimized with the Yoast SEO plugin v27.2 - https:\/\/yoast.com\/product\/yoast-seo-wordpress\/ -->\n<title>China contra-ataca guerra comercial iniciada por americanos - Notibras<\/title>\n<meta name=\"robots\" content=\"index, follow, max-snippet:-1, max-image-preview:large, max-video-preview:-1\" \/>\n<link rel=\"canonical\" href=\"https:\/\/www.notibras.com\/site\/china-contra-ataca-guerra-comercial-iniciada-por-americanos\/\" \/>\n<meta property=\"og:locale\" content=\"pt_BR\" \/>\n<meta property=\"og:type\" content=\"article\" \/>\n<meta property=\"og:title\" content=\"China contra-ataca guerra comercial iniciada por americanos - Notibras\" \/>\n<meta property=\"og:description\" content=\"A China advertiu, nesta sexta-feira (6), que vai &#8220;contra-atacar&#8221; contundentemente as medidas tarif\u00e1rias dos Estados Unidos (EUA). O governo disse que est\u00e1 preparado para pagar o pre\u00e7o de uma guerra comercial que, embora n\u00e3o deseje, n\u00e3o teme. &#8220;Se os Estados Unidos persistirem no seu comportamento de unilateralismo e protecionismo comercial, ignorando a oposi\u00e7\u00e3o chinesa e [&hellip;]\" \/>\n<meta property=\"og:url\" content=\"https:\/\/www.notibras.com\/site\/china-contra-ataca-guerra-comercial-iniciada-por-americanos\/\" \/>\n<meta property=\"og:site_name\" content=\"Notibras\" \/>\n<meta property=\"article:publisher\" content=\"https:\/\/www.facebook.com\/notibras\/\" \/>\n<meta property=\"article:published_time\" content=\"2018-04-06T11:53:57+00:00\" \/>\n<meta property=\"og:image\" content=\"https:\/\/www.notibras.com\/site\/wp-content\/uploads\/2018\/04\/china.guerracomercial.jpg\" \/>\n\t<meta property=\"og:image:width\" content=\"580\" \/>\n\t<meta property=\"og:image:height\" content=\"388\" \/>\n\t<meta property=\"og:image:type\" content=\"image\/jpeg\" \/>\n<meta name=\"author\" content=\"Reda\u00e7\u00e3o\" \/>\n<meta name=\"twitter:card\" content=\"summary_large_image\" \/>\n<meta name=\"twitter:creator\" content=\"@Notibras\" \/>\n<meta name=\"twitter:site\" content=\"@Notibras\" \/>\n<meta name=\"twitter:label1\" content=\"Escrito por\" \/>\n\t<meta name=\"twitter:data1\" content=\"Reda\u00e7\u00e3o\" \/>\n\t<meta name=\"twitter:label2\" content=\"Est. tempo de leitura\" \/>\n\t<meta name=\"twitter:data2\" content=\"2 minutos\" \/>\n<script type=\"application\/ld+json\" class=\"yoast-schema-graph\">{\"@context\":\"https:\/\/schema.org\",\"@graph\":[{\"@type\":\"Article\",\"@id\":\"https:\/\/www.notibras.com\/site\/china-contra-ataca-guerra-comercial-iniciada-por-americanos\/#article\",\"isPartOf\":{\"@id\":\"https:\/\/www.notibras.com\/site\/china-contra-ataca-guerra-comercial-iniciada-por-americanos\/\"},\"author\":{\"name\":\"Reda\u00e7\u00e3o\",\"@id\":\"https:\/\/www.notibras.com\/site\/#\/schema\/person\/36ab0979449956132d3e5b517ea76ac8\"},\"headline\":\"China contra-ataca guerra comercial iniciada por americanos\",\"datePublished\":\"2018-04-06T11:53:57+00:00\",\"mainEntityOfPage\":{\"@id\":\"https:\/\/www.notibras.com\/site\/china-contra-ataca-guerra-comercial-iniciada-por-americanos\/\"},\"wordCount\":349,\"publisher\":{\"@id\":\"https:\/\/www.notibras.com\/site\/#organization\"},\"image\":{\"@id\":\"https:\/\/www.notibras.com\/site\/china-contra-ataca-guerra-comercial-iniciada-por-americanos\/#primaryimage\"},\"thumbnailUrl\":\"https:\/\/www.notibras.com\/site\/wp-content\/uploads\/2018\/04\/china.guerracomercial.jpg\",\"articleSection\":[\"Mundo\"],\"inLanguage\":\"pt-BR\"},{\"@type\":\"WebPage\",\"@id\":\"https:\/\/www.notibras.com\/site\/china-contra-ataca-guerra-comercial-iniciada-por-americanos\/\",\"url\":\"https:\/\/www.notibras.com\/site\/china-contra-ataca-guerra-comercial-iniciada-por-americanos\/\",\"name\":\"China contra-ataca guerra comercial iniciada por americanos - Notibras\",\"isPartOf\":{\"@id\":\"https:\/\/www.notibras.com\/site\/#website\"},\"primaryImageOfPage\":{\"@id\":\"https:\/\/www.notibras.com\/site\/china-contra-ataca-guerra-comercial-iniciada-por-americanos\/#primaryimage\"},\"image\":{\"@id\":\"https:\/\/www.notibras.com\/site\/china-contra-ataca-guerra-comercial-iniciada-por-americanos\/#primaryimage\"},\"thumbnailUrl\":\"https:\/\/www.notibras.com\/site\/wp-content\/uploads\/2018\/04\/china.guerracomercial.jpg\",\"datePublished\":\"2018-04-06T11:53:57+00:00\",\"breadcrumb\":{\"@id\":\"https:\/\/www.notibras.com\/site\/china-contra-ataca-guerra-comercial-iniciada-por-americanos\/#breadcrumb\"},\"inLanguage\":\"pt-BR\",\"potentialAction\":[{\"@type\":\"ReadAction\",\"target\":[\"https:\/\/www.notibras.com\/site\/china-contra-ataca-guerra-comercial-iniciada-por-americanos\/\"]}]},{\"@type\":\"ImageObject\",\"inLanguage\":\"pt-BR\",\"@id\":\"https:\/\/www.notibras.com\/site\/china-contra-ataca-guerra-comercial-iniciada-por-americanos\/#primaryimage\",\"url\":\"https:\/\/www.notibras.com\/site\/wp-content\/uploads\/2018\/04\/china.guerracomercial.jpg\",\"contentUrl\":\"https:\/\/www.notibras.com\/site\/wp-content\/uploads\/2018\/04\/china.guerracomercial.jpg\",\"width\":580,\"height\":388,\"caption\":\"Foto\/Arquivo Notibras\"},{\"@type\":\"BreadcrumbList\",\"@id\":\"https:\/\/www.notibras.com\/site\/china-contra-ataca-guerra-comercial-iniciada-por-americanos\/#breadcrumb\",\"itemListElement\":[{\"@type\":\"ListItem\",\"position\":1,\"name\":\"In\u00edcio\",\"item\":\"https:\/\/www.notibras.com\/site\/\"},{\"@type\":\"ListItem\",\"position\":2,\"name\":\"China contra-ataca guerra comercial iniciada por americanos\"}]},{\"@type\":\"WebSite\",\"@id\":\"https:\/\/www.notibras.com\/site\/#website\",\"url\":\"https:\/\/www.notibras.com\/site\/\",\"name\":\"Notibras\",\"description\":\"Not\u00edcias de Bras\u00edlia, do Brasil e do Mundo\",\"publisher\":{\"@id\":\"https:\/\/www.notibras.com\/site\/#organization\"},\"potentialAction\":[{\"@type\":\"SearchAction\",\"target\":{\"@type\":\"EntryPoint\",\"urlTemplate\":\"https:\/\/www.notibras.com\/site\/?s={search_term_string}\"},\"query-input\":{\"@type\":\"PropertyValueSpecification\",\"valueRequired\":true,\"valueName\":\"search_term_string\"}}],\"inLanguage\":\"pt-BR\"},{\"@type\":\"Organization\",\"@id\":\"https:\/\/www.notibras.com\/site\/#organization\",\"name\":\"Grupo Notibras de Comunica\u00e7\u00e3o\",\"url\":\"https:\/\/www.notibras.com\/site\/\",\"logo\":{\"@type\":\"ImageObject\",\"inLanguage\":\"pt-BR\",\"@id\":\"https:\/\/www.notibras.com\/site\/#\/schema\/logo\/image\/\",\"url\":\"https:\/\/www.notibras.com\/site\/wp-content\/uploads\/2023\/01\/notibras23.png\",\"contentUrl\":\"https:\/\/www.notibras.com\/site\/wp-content\/uploads\/2023\/01\/notibras23.png\",\"width\":350,\"height\":87,\"caption\":\"Grupo Notibras de Comunica\u00e7\u00e3o\"},\"image\":{\"@id\":\"https:\/\/www.notibras.com\/site\/#\/schema\/logo\/image\/\"},\"sameAs\":[\"https:\/\/www.facebook.com\/notibras\/\",\"https:\/\/x.com\/Notibras\",\"https:\/\/www.instagram.com\/notibras\/\"]},{\"@type\":\"Person\",\"@id\":\"https:\/\/www.notibras.com\/site\/#\/schema\/person\/36ab0979449956132d3e5b517ea76ac8\",\"name\":\"Reda\u00e7\u00e3o\",\"image\":{\"@type\":\"ImageObject\",\"inLanguage\":\"pt-BR\",\"@id\":\"https:\/\/secure.gravatar.com\/avatar\/e0a867bdedb85fd243eadf09663511f96fc81e0720a4a42581f334ad4303aa6b?s=96&d=mm&r=g\",\"url\":\"https:\/\/secure.gravatar.com\/avatar\/e0a867bdedb85fd243eadf09663511f96fc81e0720a4a42581f334ad4303aa6b?s=96&d=mm&r=g\",\"contentUrl\":\"https:\/\/secure.gravatar.com\/avatar\/e0a867bdedb85fd243eadf09663511f96fc81e0720a4a42581f334ad4303aa6b?s=96&d=mm&r=g\",\"caption\":\"Reda\u00e7\u00e3o\"}}]}<\/script>\n<!-- \/ Yoast SEO plugin. -->","yoast_head_json":{"title":"China contra-ataca guerra comercial iniciada por americanos - Notibras","robots":{"index":"index","follow":"follow","max-snippet":"max-snippet:-1","max-image-preview":"max-image-preview:large","max-video-preview":"max-video-preview:-1"},"canonical":"https:\/\/www.notibras.com\/site\/china-contra-ataca-guerra-comercial-iniciada-por-americanos\/","og_locale":"pt_BR","og_type":"article","og_title":"China contra-ataca guerra comercial iniciada por americanos - Notibras","og_description":"A China advertiu, nesta sexta-feira (6), que vai &#8220;contra-atacar&#8221; contundentemente as medidas tarif\u00e1rias dos Estados Unidos (EUA). O governo disse que est\u00e1 preparado para pagar o pre\u00e7o de uma guerra comercial que, embora n\u00e3o deseje, n\u00e3o teme. &#8220;Se os Estados Unidos persistirem no seu comportamento de unilateralismo e protecionismo comercial, ignorando a oposi\u00e7\u00e3o chinesa e [&hellip;]","og_url":"https:\/\/www.notibras.com\/site\/china-contra-ataca-guerra-comercial-iniciada-por-americanos\/","og_site_name":"Notibras","article_publisher":"https:\/\/www.facebook.com\/notibras\/","article_published_time":"2018-04-06T11:53:57+00:00","og_image":[{"width":580,"height":388,"url":"https:\/\/www.notibras.com\/site\/wp-content\/uploads\/2018\/04\/china.guerracomercial.jpg","type":"image\/jpeg"}],"author":"Reda\u00e7\u00e3o","twitter_card":"summary_large_image","twitter_creator":"@Notibras","twitter_site":"@Notibras","twitter_misc":{"Escrito por":"Reda\u00e7\u00e3o","Est. tempo de leitura":"2 minutos"},"schema":{"@context":"https:\/\/schema.org","@graph":[{"@type":"Article","@id":"https:\/\/www.notibras.com\/site\/china-contra-ataca-guerra-comercial-iniciada-por-americanos\/#article","isPartOf":{"@id":"https:\/\/www.notibras.com\/site\/china-contra-ataca-guerra-comercial-iniciada-por-americanos\/"},"author":{"name":"Reda\u00e7\u00e3o","@id":"https:\/\/www.notibras.com\/site\/#\/schema\/person\/36ab0979449956132d3e5b517ea76ac8"},"headline":"China contra-ataca guerra comercial iniciada por americanos","datePublished":"2018-04-06T11:53:57+00:00","mainEntityOfPage":{"@id":"https:\/\/www.notibras.com\/site\/china-contra-ataca-guerra-comercial-iniciada-por-americanos\/"},"wordCount":349,"publisher":{"@id":"https:\/\/www.notibras.com\/site\/#organization"},"image":{"@id":"https:\/\/www.notibras.com\/site\/china-contra-ataca-guerra-comercial-iniciada-por-americanos\/#primaryimage"},"thumbnailUrl":"https:\/\/www.notibras.com\/site\/wp-content\/uploads\/2018\/04\/china.guerracomercial.jpg","articleSection":["Mundo"],"inLanguage":"pt-BR"},{"@type":"WebPage","@id":"https:\/\/www.notibras.com\/site\/china-contra-ataca-guerra-comercial-iniciada-por-americanos\/","url":"https:\/\/www.notibras.com\/site\/china-contra-ataca-guerra-comercial-iniciada-por-americanos\/","name":"China contra-ataca guerra comercial iniciada por americanos - Notibras","isPartOf":{"@id":"https:\/\/www.notibras.com\/site\/#website"},"primaryImageOfPage":{"@id":"https:\/\/www.notibras.com\/site\/china-contra-ataca-guerra-comercial-iniciada-por-americanos\/#primaryimage"},"image":{"@id":"https:\/\/www.notibras.com\/site\/china-contra-ataca-guerra-comercial-iniciada-por-americanos\/#primaryimage"},"thumbnailUrl":"https:\/\/www.notibras.com\/site\/wp-content\/uploads\/2018\/04\/china.guerracomercial.jpg","datePublished":"2018-04-06T11:53:57+00:00","breadcrumb":{"@id":"https:\/\/www.notibras.com\/site\/china-contra-ataca-guerra-comercial-iniciada-por-americanos\/#breadcrumb"},"inLanguage":"pt-BR","potentialAction":[{"@type":"ReadAction","target":["https:\/\/www.notibras.com\/site\/china-contra-ataca-guerra-comercial-iniciada-por-americanos\/"]}]},{"@type":"ImageObject","inLanguage":"pt-BR","@id":"https:\/\/www.notibras.com\/site\/china-contra-ataca-guerra-comercial-iniciada-por-americanos\/#primaryimage","url":"https:\/\/www.notibras.com\/site\/wp-content\/uploads\/2018\/04\/china.guerracomercial.jpg","contentUrl":"https:\/\/www.notibras.com\/site\/wp-content\/uploads\/2018\/04\/china.guerracomercial.jpg","width":580,"height":388,"caption":"Foto\/Arquivo Notibras"},{"@type":"BreadcrumbList","@id":"https:\/\/www.notibras.com\/site\/china-contra-ataca-guerra-comercial-iniciada-por-americanos\/#breadcrumb","itemListElement":[{"@type":"ListItem","position":1,"name":"In\u00edcio","item":"https:\/\/www.notibras.com\/site\/"},{"@type":"ListItem","position":2,"name":"China contra-ataca guerra comercial iniciada por americanos"}]},{"@type":"WebSite","@id":"https:\/\/www.notibras.com\/site\/#website","url":"https:\/\/www.notibras.com\/site\/","name":"Notibras","description":"Not\u00edcias de Bras\u00edlia, do Brasil e do Mundo","publisher":{"@id":"https:\/\/www.notibras.com\/site\/#organization"},"potentialAction":[{"@type":"SearchAction","target":{"@type":"EntryPoint","urlTemplate":"https:\/\/www.notibras.com\/site\/?s={search_term_string}"},"query-input":{"@type":"PropertyValueSpecification","valueRequired":true,"valueName":"search_term_string"}}],"inLanguage":"pt-BR"},{"@type":"Organization","@id":"https:\/\/www.notibras.com\/site\/#organization","name":"Grupo Notibras de Comunica\u00e7\u00e3o","url":"https:\/\/www.notibras.com\/site\/","logo":{"@type":"ImageObject","inLanguage":"pt-BR","@id":"https:\/\/www.notibras.com\/site\/#\/schema\/logo\/image\/","url":"https:\/\/www.notibras.com\/site\/wp-content\/uploads\/2023\/01\/notibras23.png","contentUrl":"https:\/\/www.notibras.com\/site\/wp-content\/uploads\/2023\/01\/notibras23.png","width":350,"height":87,"caption":"Grupo Notibras de Comunica\u00e7\u00e3o"},"image":{"@id":"https:\/\/www.notibras.com\/site\/#\/schema\/logo\/image\/"},"sameAs":["https:\/\/www.facebook.com\/notibras\/","https:\/\/x.com\/Notibras","https:\/\/www.instagram.com\/notibras\/"]},{"@type":"Person","@id":"https:\/\/www.notibras.com\/site\/#\/schema\/person\/36ab0979449956132d3e5b517ea76ac8","name":"Reda\u00e7\u00e3o","image":{"@type":"ImageObject","inLanguage":"pt-BR","@id":"https:\/\/secure.gravatar.com\/avatar\/e0a867bdedb85fd243eadf09663511f96fc81e0720a4a42581f334ad4303aa6b?s=96&d=mm&r=g","url":"https:\/\/secure.gravatar.com\/avatar\/e0a867bdedb85fd243eadf09663511f96fc81e0720a4a42581f334ad4303aa6b?s=96&d=mm&r=g","contentUrl":"https:\/\/secure.gravatar.com\/avatar\/e0a867bdedb85fd243eadf09663511f96fc81e0720a4a42581f334ad4303aa6b?s=96&d=mm&r=g","caption":"Reda\u00e7\u00e3o"}}]}},"amp_enabled":true,"_links":{"self":[{"href":"https:\/\/www.notibras.com\/site\/wp-json\/wp\/v2\/posts\/175183","targetHints":{"allow":["GET"]}}],"collection":[{"href":"https:\/\/www.notibras.com\/site\/wp-json\/wp\/v2\/posts"}],"about":[{"href":"https:\/\/www.notibras.com\/site\/wp-json\/wp\/v2\/types\/post"}],"author":[{"embeddable":true,"href":"https:\/\/www.notibras.com\/site\/wp-json\/wp\/v2\/users\/2"}],"replies":[{"embeddable":true,"href":"https:\/\/www.notibras.com\/site\/wp-json\/wp\/v2\/comments?post=175183"}],"version-history":[{"count":1,"href":"https:\/\/www.notibras.com\/site\/wp-json\/wp\/v2\/posts\/175183\/revisions"}],"predecessor-version":[{"id":175185,"href":"https:\/\/www.notibras.com\/site\/wp-json\/wp\/v2\/posts\/175183\/revisions\/175185"}],"wp:featuredmedia":[{"embeddable":true,"href":"https:\/\/www.notibras.com\/site\/wp-json\/wp\/v2\/media\/175184"}],"wp:attachment":[{"href":"https:\/\/www.notibras.com\/site\/wp-json\/wp\/v2\/media?parent=175183"}],"wp:term":[{"taxonomy":"category","embeddable":true,"href":"https:\/\/www.notibras.com\/site\/wp-json\/wp\/v2\/categories?post=175183"},{"taxonomy":"post_tag","embeddable":true,"href":"https:\/\/www.notibras.com\/site\/wp-json\/wp\/v2\/tags?post=175183"}],"curies":[{"name":"wp","href":"https:\/\/api.w.org\/{rel}","templated":true}]}}