{"id":1752,"date":"2014-02-15T16:47:48","date_gmt":"2014-02-15T19:47:48","guid":{"rendered":"http:\/\/www.notibras.com\/site\/?p=1752"},"modified":"2014-02-15T22:18:23","modified_gmt":"2014-02-16T01:18:23","slug":"socorrista-segura-coracao-na-mao-e-salva-homem-esfaqueado-por-mulher","status":"publish","type":"post","link":"https:\/\/www.notibras.com\/site\/socorrista-segura-coracao-na-mao-e-salva-homem-esfaqueado-por-mulher\/","title":{"rendered":"Socorrista segura cora\u00e7\u00e3o na m\u00e3o e salva homem esfaqueado pela mulher"},"content":{"rendered":"<p>Uma a\u00e7\u00e3o de emerg\u00eancia emocionou a todos que acompanharam o socorro de um homem esfaqueado pela esposa neste s\u00e1bado (15), no bairro Boqueir\u00e3o, em Curitiba.<\/p>\n<p>Com o cora\u00e7\u00e3o da v\u00edtima literalmente nas m\u00e3os, o socorrista Prado, do Siate, salvou a vida de F\u00e1bio Rodrigues da Cunha, golpeado ap\u00f3s uma briga de casal na resid\u00eancia em que moram, no cruzamento da Rua das Carmelitas com Antonio Schiebel, no bairro Boqueir\u00e3o.<\/p>\n<p>O procedimento conhecido como toracotomia, consiste em uma abertura na cavidade tor\u00e1cica, visando tanto remo\u00e7\u00e3o ou resolu\u00e7\u00e3o de problemas. No caso de F\u00e1bio, a massagem realizada pelo socorrista serviu para massagear e reanimar a v\u00edtima.<\/p>\n<p>\u201cAssim que chegamos ao local, mobilizamos a v\u00edtima para manter seus sinais vitais est\u00e1veis, dentro da ambul\u00e2ncia o m\u00e9dico fez o corte e tomamos essa medida. \u00c9 um procedimento at\u00e9 normal para n\u00f3s, mas n\u00e3o temos como n\u00e3o nos emocionar diante dessa situa\u00e7\u00e3o, j\u00e1 que podemos recuperar uma vida antes de deixar no hospital\u201d, contou o cabo Prado.<\/p>\n<p>Ap\u00f3s o procedimento, a v\u00edtima foi encaminhada ao pronto-socorro as medidas necess\u00e1rias. A esposa foi encaminhada \u00e0 delegacia para esclarecimentos.<\/p>\n<p>J\u00e1 o cabo Prado se aposenta na metade deste ano de 2014, e este caso \u00e9 mais um que mostra que seu trabalho valeu a pena.<\/p>\n","protected":false},"excerpt":{"rendered":"<p>Uma a\u00e7\u00e3o de emerg\u00eancia emocionou a todos que acompanharam o socorro de um homem esfaqueado pela esposa neste s\u00e1bado (15), no bairro Boqueir\u00e3o, em Curitiba. Com o cora\u00e7\u00e3o da v\u00edtima literalmente nas m\u00e3os, o socorrista Prado, do Siate, salvou a vida de F\u00e1bio Rodrigues da Cunha, golpeado ap\u00f3s uma briga de casal na resid\u00eancia em [&hellip;]<\/p>\n","protected":false},"author":2,"featured_media":1753,"comment_status":"open","ping_status":"closed","sticky":false,"template":"","format":"standard","meta":{"_acf_changed":false,"footnotes":""},"categories":[16],"tags":[],"class_list":["post-1752","post","type-post","status-publish","format-standard","has-post-thumbnail","hentry","category-brasil"],"acf":[],"yoast_head":"<!-- This site is optimized with the Yoast SEO plugin v27.2 - https:\/\/yoast.com\/product\/yoast-seo-wordpress\/ -->\n<title>Socorrista segura cora\u00e7\u00e3o na m\u00e3o e salva homem esfaqueado pela mulher - Notibras<\/title>\n<meta name=\"robots\" content=\"index, follow, max-snippet:-1, max-image-preview:large, max-video-preview:-1\" \/>\n<link rel=\"canonical\" href=\"https:\/\/www.notibras.com\/site\/socorrista-segura-coracao-na-mao-e-salva-homem-esfaqueado-por-mulher\/\" \/>\n<meta property=\"og:locale\" content=\"pt_BR\" \/>\n<meta property=\"og:type\" content=\"article\" \/>\n<meta property=\"og:title\" content=\"Socorrista segura cora\u00e7\u00e3o na m\u00e3o e salva homem esfaqueado pela mulher - Notibras\" \/>\n<meta property=\"og:description\" content=\"Uma a\u00e7\u00e3o de emerg\u00eancia emocionou a todos que acompanharam o socorro de um homem esfaqueado pela esposa neste s\u00e1bado (15), no bairro Boqueir\u00e3o, em Curitiba. Com o cora\u00e7\u00e3o da v\u00edtima literalmente nas m\u00e3os, o socorrista Prado, do Siate, salvou a vida de F\u00e1bio Rodrigues da Cunha, golpeado ap\u00f3s uma briga de casal na resid\u00eancia em [&hellip;]\" \/>\n<meta property=\"og:url\" content=\"https:\/\/www.notibras.com\/site\/socorrista-segura-coracao-na-mao-e-salva-homem-esfaqueado-por-mulher\/\" \/>\n<meta property=\"og:site_name\" content=\"Notibras\" \/>\n<meta property=\"article:publisher\" content=\"https:\/\/www.facebook.com\/notibras\/\" \/>\n<meta property=\"article:published_time\" content=\"2014-02-15T19:47:48+00:00\" \/>\n<meta property=\"article:modified_time\" content=\"2014-02-16T01:18:23+00:00\" \/>\n<meta property=\"og:image\" content=\"https:\/\/www.notibras.com\/site\/wp-content\/uploads\/2014\/02\/ambulancia-1502.jpg\" \/>\n\t<meta property=\"og:image:width\" content=\"300\" \/>\n\t<meta property=\"og:image:height\" content=\"200\" \/>\n\t<meta property=\"og:image:type\" content=\"image\/jpeg\" \/>\n<meta name=\"author\" content=\"Reda\u00e7\u00e3o\" \/>\n<meta name=\"twitter:card\" content=\"summary_large_image\" \/>\n<meta name=\"twitter:creator\" content=\"@Notibras\" \/>\n<meta name=\"twitter:site\" content=\"@Notibras\" \/>\n<meta name=\"twitter:label1\" content=\"Escrito por\" \/>\n\t<meta name=\"twitter:data1\" content=\"Reda\u00e7\u00e3o\" \/>\n\t<meta name=\"twitter:label2\" content=\"Est. tempo de leitura\" \/>\n\t<meta name=\"twitter:data2\" content=\"1 minuto\" \/>\n<script type=\"application\/ld+json\" class=\"yoast-schema-graph\">{\"@context\":\"https:\/\/schema.org\",\"@graph\":[{\"@type\":\"Article\",\"@id\":\"https:\/\/www.notibras.com\/site\/socorrista-segura-coracao-na-mao-e-salva-homem-esfaqueado-por-mulher\/#article\",\"isPartOf\":{\"@id\":\"https:\/\/www.notibras.com\/site\/socorrista-segura-coracao-na-mao-e-salva-homem-esfaqueado-por-mulher\/\"},\"author\":{\"name\":\"Reda\u00e7\u00e3o\",\"@id\":\"https:\/\/www.notibras.com\/site\/#\/schema\/person\/36ab0979449956132d3e5b517ea76ac8\"},\"headline\":\"Socorrista segura cora\u00e7\u00e3o na m\u00e3o e salva homem esfaqueado pela mulher\",\"datePublished\":\"2014-02-15T19:47:48+00:00\",\"dateModified\":\"2014-02-16T01:18:23+00:00\",\"mainEntityOfPage\":{\"@id\":\"https:\/\/www.notibras.com\/site\/socorrista-segura-coracao-na-mao-e-salva-homem-esfaqueado-por-mulher\/\"},\"wordCount\":243,\"commentCount\":0,\"publisher\":{\"@id\":\"https:\/\/www.notibras.com\/site\/#organization\"},\"image\":{\"@id\":\"https:\/\/www.notibras.com\/site\/socorrista-segura-coracao-na-mao-e-salva-homem-esfaqueado-por-mulher\/#primaryimage\"},\"thumbnailUrl\":\"https:\/\/www.notibras.com\/site\/wp-content\/uploads\/2014\/02\/ambulancia-1502.jpg\",\"articleSection\":[\"Brasil\"],\"inLanguage\":\"pt-BR\",\"potentialAction\":[{\"@type\":\"CommentAction\",\"name\":\"Comment\",\"target\":[\"https:\/\/www.notibras.com\/site\/socorrista-segura-coracao-na-mao-e-salva-homem-esfaqueado-por-mulher\/#respond\"]}]},{\"@type\":\"WebPage\",\"@id\":\"https:\/\/www.notibras.com\/site\/socorrista-segura-coracao-na-mao-e-salva-homem-esfaqueado-por-mulher\/\",\"url\":\"https:\/\/www.notibras.com\/site\/socorrista-segura-coracao-na-mao-e-salva-homem-esfaqueado-por-mulher\/\",\"name\":\"Socorrista segura cora\u00e7\u00e3o na m\u00e3o e salva homem esfaqueado pela mulher - Notibras\",\"isPartOf\":{\"@id\":\"https:\/\/www.notibras.com\/site\/#website\"},\"primaryImageOfPage\":{\"@id\":\"https:\/\/www.notibras.com\/site\/socorrista-segura-coracao-na-mao-e-salva-homem-esfaqueado-por-mulher\/#primaryimage\"},\"image\":{\"@id\":\"https:\/\/www.notibras.com\/site\/socorrista-segura-coracao-na-mao-e-salva-homem-esfaqueado-por-mulher\/#primaryimage\"},\"thumbnailUrl\":\"https:\/\/www.notibras.com\/site\/wp-content\/uploads\/2014\/02\/ambulancia-1502.jpg\",\"datePublished\":\"2014-02-15T19:47:48+00:00\",\"dateModified\":\"2014-02-16T01:18:23+00:00\",\"breadcrumb\":{\"@id\":\"https:\/\/www.notibras.com\/site\/socorrista-segura-coracao-na-mao-e-salva-homem-esfaqueado-por-mulher\/#breadcrumb\"},\"inLanguage\":\"pt-BR\",\"potentialAction\":[{\"@type\":\"ReadAction\",\"target\":[\"https:\/\/www.notibras.com\/site\/socorrista-segura-coracao-na-mao-e-salva-homem-esfaqueado-por-mulher\/\"]}]},{\"@type\":\"ImageObject\",\"inLanguage\":\"pt-BR\",\"@id\":\"https:\/\/www.notibras.com\/site\/socorrista-segura-coracao-na-mao-e-salva-homem-esfaqueado-por-mulher\/#primaryimage\",\"url\":\"https:\/\/www.notibras.com\/site\/wp-content\/uploads\/2014\/02\/ambulancia-1502.jpg\",\"contentUrl\":\"https:\/\/www.notibras.com\/site\/wp-content\/uploads\/2014\/02\/ambulancia-1502.jpg\",\"width\":300,\"height\":200},{\"@type\":\"BreadcrumbList\",\"@id\":\"https:\/\/www.notibras.com\/site\/socorrista-segura-coracao-na-mao-e-salva-homem-esfaqueado-por-mulher\/#breadcrumb\",\"itemListElement\":[{\"@type\":\"ListItem\",\"position\":1,\"name\":\"In\u00edcio\",\"item\":\"https:\/\/www.notibras.com\/site\/\"},{\"@type\":\"ListItem\",\"position\":2,\"name\":\"Socorrista segura cora\u00e7\u00e3o na m\u00e3o e salva homem esfaqueado pela mulher\"}]},{\"@type\":\"WebSite\",\"@id\":\"https:\/\/www.notibras.com\/site\/#website\",\"url\":\"https:\/\/www.notibras.com\/site\/\",\"name\":\"Notibras\",\"description\":\"Not\u00edcias de Bras\u00edlia, do Brasil e do Mundo\",\"publisher\":{\"@id\":\"https:\/\/www.notibras.com\/site\/#organization\"},\"potentialAction\":[{\"@type\":\"SearchAction\",\"target\":{\"@type\":\"EntryPoint\",\"urlTemplate\":\"https:\/\/www.notibras.com\/site\/?s={search_term_string}\"},\"query-input\":{\"@type\":\"PropertyValueSpecification\",\"valueRequired\":true,\"valueName\":\"search_term_string\"}}],\"inLanguage\":\"pt-BR\"},{\"@type\":\"Organization\",\"@id\":\"https:\/\/www.notibras.com\/site\/#organization\",\"name\":\"Grupo Notibras de Comunica\u00e7\u00e3o\",\"url\":\"https:\/\/www.notibras.com\/site\/\",\"logo\":{\"@type\":\"ImageObject\",\"inLanguage\":\"pt-BR\",\"@id\":\"https:\/\/www.notibras.com\/site\/#\/schema\/logo\/image\/\",\"url\":\"https:\/\/www.notibras.com\/site\/wp-content\/uploads\/2023\/01\/notibras23.png\",\"contentUrl\":\"https:\/\/www.notibras.com\/site\/wp-content\/uploads\/2023\/01\/notibras23.png\",\"width\":350,\"height\":87,\"caption\":\"Grupo Notibras de Comunica\u00e7\u00e3o\"},\"image\":{\"@id\":\"https:\/\/www.notibras.com\/site\/#\/schema\/logo\/image\/\"},\"sameAs\":[\"https:\/\/www.facebook.com\/notibras\/\",\"https:\/\/x.com\/Notibras\",\"https:\/\/www.instagram.com\/notibras\/\"]},{\"@type\":\"Person\",\"@id\":\"https:\/\/www.notibras.com\/site\/#\/schema\/person\/36ab0979449956132d3e5b517ea76ac8\",\"name\":\"Reda\u00e7\u00e3o\",\"image\":{\"@type\":\"ImageObject\",\"inLanguage\":\"pt-BR\",\"@id\":\"https:\/\/secure.gravatar.com\/avatar\/e0a867bdedb85fd243eadf09663511f96fc81e0720a4a42581f334ad4303aa6b?s=96&d=mm&r=g\",\"url\":\"https:\/\/secure.gravatar.com\/avatar\/e0a867bdedb85fd243eadf09663511f96fc81e0720a4a42581f334ad4303aa6b?s=96&d=mm&r=g\",\"contentUrl\":\"https:\/\/secure.gravatar.com\/avatar\/e0a867bdedb85fd243eadf09663511f96fc81e0720a4a42581f334ad4303aa6b?s=96&d=mm&r=g\",\"caption\":\"Reda\u00e7\u00e3o\"}}]}<\/script>\n<!-- \/ Yoast SEO plugin. -->","yoast_head_json":{"title":"Socorrista segura cora\u00e7\u00e3o na m\u00e3o e salva homem esfaqueado pela mulher - Notibras","robots":{"index":"index","follow":"follow","max-snippet":"max-snippet:-1","max-image-preview":"max-image-preview:large","max-video-preview":"max-video-preview:-1"},"canonical":"https:\/\/www.notibras.com\/site\/socorrista-segura-coracao-na-mao-e-salva-homem-esfaqueado-por-mulher\/","og_locale":"pt_BR","og_type":"article","og_title":"Socorrista segura cora\u00e7\u00e3o na m\u00e3o e salva homem esfaqueado pela mulher - Notibras","og_description":"Uma a\u00e7\u00e3o de emerg\u00eancia emocionou a todos que acompanharam o socorro de um homem esfaqueado pela esposa neste s\u00e1bado (15), no bairro Boqueir\u00e3o, em Curitiba. Com o cora\u00e7\u00e3o da v\u00edtima literalmente nas m\u00e3os, o socorrista Prado, do Siate, salvou a vida de F\u00e1bio Rodrigues da Cunha, golpeado ap\u00f3s uma briga de casal na resid\u00eancia em [&hellip;]","og_url":"https:\/\/www.notibras.com\/site\/socorrista-segura-coracao-na-mao-e-salva-homem-esfaqueado-por-mulher\/","og_site_name":"Notibras","article_publisher":"https:\/\/www.facebook.com\/notibras\/","article_published_time":"2014-02-15T19:47:48+00:00","article_modified_time":"2014-02-16T01:18:23+00:00","og_image":[{"width":300,"height":200,"url":"https:\/\/www.notibras.com\/site\/wp-content\/uploads\/2014\/02\/ambulancia-1502.jpg","type":"image\/jpeg"}],"author":"Reda\u00e7\u00e3o","twitter_card":"summary_large_image","twitter_creator":"@Notibras","twitter_site":"@Notibras","twitter_misc":{"Escrito por":"Reda\u00e7\u00e3o","Est. tempo de leitura":"1 minuto"},"schema":{"@context":"https:\/\/schema.org","@graph":[{"@type":"Article","@id":"https:\/\/www.notibras.com\/site\/socorrista-segura-coracao-na-mao-e-salva-homem-esfaqueado-por-mulher\/#article","isPartOf":{"@id":"https:\/\/www.notibras.com\/site\/socorrista-segura-coracao-na-mao-e-salva-homem-esfaqueado-por-mulher\/"},"author":{"name":"Reda\u00e7\u00e3o","@id":"https:\/\/www.notibras.com\/site\/#\/schema\/person\/36ab0979449956132d3e5b517ea76ac8"},"headline":"Socorrista segura cora\u00e7\u00e3o na m\u00e3o e salva homem esfaqueado pela mulher","datePublished":"2014-02-15T19:47:48+00:00","dateModified":"2014-02-16T01:18:23+00:00","mainEntityOfPage":{"@id":"https:\/\/www.notibras.com\/site\/socorrista-segura-coracao-na-mao-e-salva-homem-esfaqueado-por-mulher\/"},"wordCount":243,"commentCount":0,"publisher":{"@id":"https:\/\/www.notibras.com\/site\/#organization"},"image":{"@id":"https:\/\/www.notibras.com\/site\/socorrista-segura-coracao-na-mao-e-salva-homem-esfaqueado-por-mulher\/#primaryimage"},"thumbnailUrl":"https:\/\/www.notibras.com\/site\/wp-content\/uploads\/2014\/02\/ambulancia-1502.jpg","articleSection":["Brasil"],"inLanguage":"pt-BR","potentialAction":[{"@type":"CommentAction","name":"Comment","target":["https:\/\/www.notibras.com\/site\/socorrista-segura-coracao-na-mao-e-salva-homem-esfaqueado-por-mulher\/#respond"]}]},{"@type":"WebPage","@id":"https:\/\/www.notibras.com\/site\/socorrista-segura-coracao-na-mao-e-salva-homem-esfaqueado-por-mulher\/","url":"https:\/\/www.notibras.com\/site\/socorrista-segura-coracao-na-mao-e-salva-homem-esfaqueado-por-mulher\/","name":"Socorrista segura cora\u00e7\u00e3o na m\u00e3o e salva homem esfaqueado pela mulher - Notibras","isPartOf":{"@id":"https:\/\/www.notibras.com\/site\/#website"},"primaryImageOfPage":{"@id":"https:\/\/www.notibras.com\/site\/socorrista-segura-coracao-na-mao-e-salva-homem-esfaqueado-por-mulher\/#primaryimage"},"image":{"@id":"https:\/\/www.notibras.com\/site\/socorrista-segura-coracao-na-mao-e-salva-homem-esfaqueado-por-mulher\/#primaryimage"},"thumbnailUrl":"https:\/\/www.notibras.com\/site\/wp-content\/uploads\/2014\/02\/ambulancia-1502.jpg","datePublished":"2014-02-15T19:47:48+00:00","dateModified":"2014-02-16T01:18:23+00:00","breadcrumb":{"@id":"https:\/\/www.notibras.com\/site\/socorrista-segura-coracao-na-mao-e-salva-homem-esfaqueado-por-mulher\/#breadcrumb"},"inLanguage":"pt-BR","potentialAction":[{"@type":"ReadAction","target":["https:\/\/www.notibras.com\/site\/socorrista-segura-coracao-na-mao-e-salva-homem-esfaqueado-por-mulher\/"]}]},{"@type":"ImageObject","inLanguage":"pt-BR","@id":"https:\/\/www.notibras.com\/site\/socorrista-segura-coracao-na-mao-e-salva-homem-esfaqueado-por-mulher\/#primaryimage","url":"https:\/\/www.notibras.com\/site\/wp-content\/uploads\/2014\/02\/ambulancia-1502.jpg","contentUrl":"https:\/\/www.notibras.com\/site\/wp-content\/uploads\/2014\/02\/ambulancia-1502.jpg","width":300,"height":200},{"@type":"BreadcrumbList","@id":"https:\/\/www.notibras.com\/site\/socorrista-segura-coracao-na-mao-e-salva-homem-esfaqueado-por-mulher\/#breadcrumb","itemListElement":[{"@type":"ListItem","position":1,"name":"In\u00edcio","item":"https:\/\/www.notibras.com\/site\/"},{"@type":"ListItem","position":2,"name":"Socorrista segura cora\u00e7\u00e3o na m\u00e3o e salva homem esfaqueado pela mulher"}]},{"@type":"WebSite","@id":"https:\/\/www.notibras.com\/site\/#website","url":"https:\/\/www.notibras.com\/site\/","name":"Notibras","description":"Not\u00edcias de Bras\u00edlia, do Brasil e do Mundo","publisher":{"@id":"https:\/\/www.notibras.com\/site\/#organization"},"potentialAction":[{"@type":"SearchAction","target":{"@type":"EntryPoint","urlTemplate":"https:\/\/www.notibras.com\/site\/?s={search_term_string}"},"query-input":{"@type":"PropertyValueSpecification","valueRequired":true,"valueName":"search_term_string"}}],"inLanguage":"pt-BR"},{"@type":"Organization","@id":"https:\/\/www.notibras.com\/site\/#organization","name":"Grupo Notibras de Comunica\u00e7\u00e3o","url":"https:\/\/www.notibras.com\/site\/","logo":{"@type":"ImageObject","inLanguage":"pt-BR","@id":"https:\/\/www.notibras.com\/site\/#\/schema\/logo\/image\/","url":"https:\/\/www.notibras.com\/site\/wp-content\/uploads\/2023\/01\/notibras23.png","contentUrl":"https:\/\/www.notibras.com\/site\/wp-content\/uploads\/2023\/01\/notibras23.png","width":350,"height":87,"caption":"Grupo Notibras de Comunica\u00e7\u00e3o"},"image":{"@id":"https:\/\/www.notibras.com\/site\/#\/schema\/logo\/image\/"},"sameAs":["https:\/\/www.facebook.com\/notibras\/","https:\/\/x.com\/Notibras","https:\/\/www.instagram.com\/notibras\/"]},{"@type":"Person","@id":"https:\/\/www.notibras.com\/site\/#\/schema\/person\/36ab0979449956132d3e5b517ea76ac8","name":"Reda\u00e7\u00e3o","image":{"@type":"ImageObject","inLanguage":"pt-BR","@id":"https:\/\/secure.gravatar.com\/avatar\/e0a867bdedb85fd243eadf09663511f96fc81e0720a4a42581f334ad4303aa6b?s=96&d=mm&r=g","url":"https:\/\/secure.gravatar.com\/avatar\/e0a867bdedb85fd243eadf09663511f96fc81e0720a4a42581f334ad4303aa6b?s=96&d=mm&r=g","contentUrl":"https:\/\/secure.gravatar.com\/avatar\/e0a867bdedb85fd243eadf09663511f96fc81e0720a4a42581f334ad4303aa6b?s=96&d=mm&r=g","caption":"Reda\u00e7\u00e3o"}}]}},"amp_enabled":true,"_links":{"self":[{"href":"https:\/\/www.notibras.com\/site\/wp-json\/wp\/v2\/posts\/1752","targetHints":{"allow":["GET"]}}],"collection":[{"href":"https:\/\/www.notibras.com\/site\/wp-json\/wp\/v2\/posts"}],"about":[{"href":"https:\/\/www.notibras.com\/site\/wp-json\/wp\/v2\/types\/post"}],"author":[{"embeddable":true,"href":"https:\/\/www.notibras.com\/site\/wp-json\/wp\/v2\/users\/2"}],"replies":[{"embeddable":true,"href":"https:\/\/www.notibras.com\/site\/wp-json\/wp\/v2\/comments?post=1752"}],"version-history":[{"count":0,"href":"https:\/\/www.notibras.com\/site\/wp-json\/wp\/v2\/posts\/1752\/revisions"}],"wp:featuredmedia":[{"embeddable":true,"href":"https:\/\/www.notibras.com\/site\/wp-json\/wp\/v2\/media\/1753"}],"wp:attachment":[{"href":"https:\/\/www.notibras.com\/site\/wp-json\/wp\/v2\/media?parent=1752"}],"wp:term":[{"taxonomy":"category","embeddable":true,"href":"https:\/\/www.notibras.com\/site\/wp-json\/wp\/v2\/categories?post=1752"},{"taxonomy":"post_tag","embeddable":true,"href":"https:\/\/www.notibras.com\/site\/wp-json\/wp\/v2\/tags?post=1752"}],"curies":[{"name":"wp","href":"https:\/\/api.w.org\/{rel}","templated":true}]}}