{"id":17528,"date":"2014-07-26T17:39:27","date_gmt":"2014-07-26T20:39:27","guid":{"rendered":"http:\/\/www.notibras.com\/site\/?p=17528"},"modified":"2014-07-26T18:41:20","modified_gmt":"2014-07-26T21:41:20","slug":"ceara-lidera-apos-jogo-das-viradas-contra-o-santa-cruz","status":"publish","type":"post","link":"https:\/\/www.notibras.com\/site\/ceara-lidera-apos-jogo-das-viradas-contra-o-santa-cruz\/","title":{"rendered":"Cear\u00e1 lidera ap\u00f3s jogo das viradas contra o Santa Cruz"},"content":{"rendered":"<p>O Cear\u00e1 n\u00e3o teve vida f\u00e1cil para superar o Santa Cruz, neste s\u00e1bado, e manter a lideran\u00e7a da S\u00e9rie B do Campeonato Brasileiro, no Est\u00e1dio do Arruda, em Pernambuco.<\/p>\n<p>Com duas reviravoltas e cinco gols no primeiro tempo, a equipe cearense saiu na frente e\u00a0tomou a virada, mas teve paci\u00eancia para trabalhar a bola e garantir a vit\u00f3ria ainda na etapa inicial.<\/p>\n<p class=\"text\">Com o resultado, o Cear\u00e1 segue como l\u00edder isolado da segunda divis\u00e3o nacional, com 27 pontos. J\u00e1 o Santa Cruz, que acumula tr\u00eas derrotas seguidas, aparece apenas em 13\u00ba lugar, com 16\u00a0pontos.<\/p>\n<p class=\"text\">O primeiro tempo foi bem movimentado e decisivo no Arruda. Aos 22min, a zaga do Santa Cruz se atrapalhou e Nik\u00e3o cruzou para Bill abrir o placar do cl\u00e1ssico nordestino. Por\u00e9m, n\u00e3o demorou muito para os donos da casa empatarem.<\/p>\n<p class=\"text\">Aos 26min, Wescley arriscou de fora da \u00e1rea e acertou o \u00e2ngulo do goleiro Jailson. Depois de dois minutos, veio a virada. L\u00e9o Gamalho aproveitou o \u00f3timo contra-ataque e bateu forte para colocar o Santa na frente.<\/p>\n<blockquote>\n<p class=\"text\">Os gols n\u00e3o abalaram o l\u00edder do campeonato. Com bom toque de bola, Magno Alves empatou aos 39min. J\u00e1 nos acr\u00e9scimos da etapa inicial, o zagueiro Sandro aproveitou o escanteio e cabeceou firme para o fundo do gol.<\/p>\n<\/blockquote>\n<p class=\"text\">As equipes voltaram do intervalo menos inspiradas e n\u00e3o criaram tantas oportunidades como na etapa inicial. Com muitas faltas, o \u00e1rbitro ainda distribuiu oito cart\u00f5es amarelos para segurar a partida. Chances reais de gol foram apenas duas: a primeira do Santa Cruz, com Everton Sena, aos 16min, e outra do Cear\u00e1, com Nik\u00e3o, aos 22min.<\/p>\n<p class=\"text\">Na pr\u00f3xima rodada, o Cear\u00e1 recebe o Boa E.C., s\u00e1bado, no Presidente Vargas. J\u00e1 o Santa Cruz enfrenta o Am\u00e9rica-RN, fora de casa, na Arena das Dunas.<\/p>\n","protected":false},"excerpt":{"rendered":"<p>O Cear\u00e1 n\u00e3o teve vida f\u00e1cil para superar o Santa Cruz, neste s\u00e1bado, e manter a lideran\u00e7a da S\u00e9rie B do Campeonato Brasileiro, no Est\u00e1dio do Arruda, em Pernambuco. Com duas reviravoltas e cinco gols no primeiro tempo, a equipe cearense saiu na frente e\u00a0tomou a virada, mas teve paci\u00eancia para trabalhar a bola e [&hellip;]<\/p>\n","protected":false},"author":2,"featured_media":17529,"comment_status":"open","ping_status":"closed","sticky":false,"template":"","format":"standard","meta":{"_acf_changed":false,"footnotes":""},"categories":[19,29],"tags":[],"class_list":["post-17528","post","type-post","status-publish","format-standard","has-post-thumbnail","hentry","category-esportes","category-futebol"],"acf":[],"yoast_head":"<!-- This site is optimized with the Yoast SEO plugin v27.2 - https:\/\/yoast.com\/product\/yoast-seo-wordpress\/ -->\n<title>Cear\u00e1 lidera ap\u00f3s jogo das viradas contra o Santa Cruz - Notibras<\/title>\n<meta name=\"robots\" content=\"index, follow, max-snippet:-1, max-image-preview:large, max-video-preview:-1\" \/>\n<link rel=\"canonical\" href=\"https:\/\/www.notibras.com\/site\/ceara-lidera-apos-jogo-das-viradas-contra-o-santa-cruz\/\" \/>\n<meta property=\"og:locale\" content=\"pt_BR\" \/>\n<meta property=\"og:type\" content=\"article\" \/>\n<meta property=\"og:title\" content=\"Cear\u00e1 lidera ap\u00f3s jogo das viradas contra o Santa Cruz - Notibras\" \/>\n<meta property=\"og:description\" content=\"O Cear\u00e1 n\u00e3o teve vida f\u00e1cil para superar o Santa Cruz, neste s\u00e1bado, e manter a lideran\u00e7a da S\u00e9rie B do Campeonato Brasileiro, no Est\u00e1dio do Arruda, em Pernambuco. Com duas reviravoltas e cinco gols no primeiro tempo, a equipe cearense saiu na frente e\u00a0tomou a virada, mas teve paci\u00eancia para trabalhar a bola e [&hellip;]\" \/>\n<meta property=\"og:url\" content=\"https:\/\/www.notibras.com\/site\/ceara-lidera-apos-jogo-das-viradas-contra-o-santa-cruz\/\" \/>\n<meta property=\"og:site_name\" content=\"Notibras\" \/>\n<meta property=\"article:publisher\" content=\"https:\/\/www.facebook.com\/notibras\/\" \/>\n<meta property=\"article:published_time\" content=\"2014-07-26T20:39:27+00:00\" \/>\n<meta property=\"article:modified_time\" content=\"2014-07-26T21:41:20+00:00\" \/>\n<meta property=\"og:image\" content=\"https:\/\/www.notibras.com\/site\/wp-content\/uploads\/2014\/07\/es2.jpg\" \/>\n\t<meta property=\"og:image:width\" content=\"460\" \/>\n\t<meta property=\"og:image:height\" content=\"340\" \/>\n\t<meta property=\"og:image:type\" content=\"image\/jpeg\" \/>\n<meta name=\"author\" content=\"Reda\u00e7\u00e3o\" \/>\n<meta name=\"twitter:card\" content=\"summary_large_image\" \/>\n<meta name=\"twitter:creator\" content=\"@Notibras\" \/>\n<meta name=\"twitter:site\" content=\"@Notibras\" \/>\n<meta name=\"twitter:label1\" content=\"Escrito por\" \/>\n\t<meta name=\"twitter:data1\" content=\"Reda\u00e7\u00e3o\" \/>\n\t<meta name=\"twitter:label2\" content=\"Est. tempo de leitura\" \/>\n\t<meta name=\"twitter:data2\" content=\"2 minutos\" \/>\n<script type=\"application\/ld+json\" class=\"yoast-schema-graph\">{\"@context\":\"https:\/\/schema.org\",\"@graph\":[{\"@type\":\"Article\",\"@id\":\"https:\/\/www.notibras.com\/site\/ceara-lidera-apos-jogo-das-viradas-contra-o-santa-cruz\/#article\",\"isPartOf\":{\"@id\":\"https:\/\/www.notibras.com\/site\/ceara-lidera-apos-jogo-das-viradas-contra-o-santa-cruz\/\"},\"author\":{\"name\":\"Reda\u00e7\u00e3o\",\"@id\":\"https:\/\/www.notibras.com\/site\/#\/schema\/person\/36ab0979449956132d3e5b517ea76ac8\"},\"headline\":\"Cear\u00e1 lidera ap\u00f3s jogo das viradas contra o Santa Cruz\",\"datePublished\":\"2014-07-26T20:39:27+00:00\",\"dateModified\":\"2014-07-26T21:41:20+00:00\",\"mainEntityOfPage\":{\"@id\":\"https:\/\/www.notibras.com\/site\/ceara-lidera-apos-jogo-das-viradas-contra-o-santa-cruz\/\"},\"wordCount\":327,\"commentCount\":0,\"publisher\":{\"@id\":\"https:\/\/www.notibras.com\/site\/#organization\"},\"image\":{\"@id\":\"https:\/\/www.notibras.com\/site\/ceara-lidera-apos-jogo-das-viradas-contra-o-santa-cruz\/#primaryimage\"},\"thumbnailUrl\":\"https:\/\/www.notibras.com\/site\/wp-content\/uploads\/2014\/07\/es2.jpg\",\"articleSection\":[\"Esportes\",\"Futebol\"],\"inLanguage\":\"pt-BR\",\"potentialAction\":[{\"@type\":\"CommentAction\",\"name\":\"Comment\",\"target\":[\"https:\/\/www.notibras.com\/site\/ceara-lidera-apos-jogo-das-viradas-contra-o-santa-cruz\/#respond\"]}]},{\"@type\":\"WebPage\",\"@id\":\"https:\/\/www.notibras.com\/site\/ceara-lidera-apos-jogo-das-viradas-contra-o-santa-cruz\/\",\"url\":\"https:\/\/www.notibras.com\/site\/ceara-lidera-apos-jogo-das-viradas-contra-o-santa-cruz\/\",\"name\":\"Cear\u00e1 lidera ap\u00f3s jogo das viradas contra o Santa Cruz - Notibras\",\"isPartOf\":{\"@id\":\"https:\/\/www.notibras.com\/site\/#website\"},\"primaryImageOfPage\":{\"@id\":\"https:\/\/www.notibras.com\/site\/ceara-lidera-apos-jogo-das-viradas-contra-o-santa-cruz\/#primaryimage\"},\"image\":{\"@id\":\"https:\/\/www.notibras.com\/site\/ceara-lidera-apos-jogo-das-viradas-contra-o-santa-cruz\/#primaryimage\"},\"thumbnailUrl\":\"https:\/\/www.notibras.com\/site\/wp-content\/uploads\/2014\/07\/es2.jpg\",\"datePublished\":\"2014-07-26T20:39:27+00:00\",\"dateModified\":\"2014-07-26T21:41:20+00:00\",\"breadcrumb\":{\"@id\":\"https:\/\/www.notibras.com\/site\/ceara-lidera-apos-jogo-das-viradas-contra-o-santa-cruz\/#breadcrumb\"},\"inLanguage\":\"pt-BR\",\"potentialAction\":[{\"@type\":\"ReadAction\",\"target\":[\"https:\/\/www.notibras.com\/site\/ceara-lidera-apos-jogo-das-viradas-contra-o-santa-cruz\/\"]}]},{\"@type\":\"ImageObject\",\"inLanguage\":\"pt-BR\",\"@id\":\"https:\/\/www.notibras.com\/site\/ceara-lidera-apos-jogo-das-viradas-contra-o-santa-cruz\/#primaryimage\",\"url\":\"https:\/\/www.notibras.com\/site\/wp-content\/uploads\/2014\/07\/es2.jpg\",\"contentUrl\":\"https:\/\/www.notibras.com\/site\/wp-content\/uploads\/2014\/07\/es2.jpg\",\"width\":460,\"height\":340},{\"@type\":\"BreadcrumbList\",\"@id\":\"https:\/\/www.notibras.com\/site\/ceara-lidera-apos-jogo-das-viradas-contra-o-santa-cruz\/#breadcrumb\",\"itemListElement\":[{\"@type\":\"ListItem\",\"position\":1,\"name\":\"In\u00edcio\",\"item\":\"https:\/\/www.notibras.com\/site\/\"},{\"@type\":\"ListItem\",\"position\":2,\"name\":\"Cear\u00e1 lidera ap\u00f3s jogo das viradas contra o Santa Cruz\"}]},{\"@type\":\"WebSite\",\"@id\":\"https:\/\/www.notibras.com\/site\/#website\",\"url\":\"https:\/\/www.notibras.com\/site\/\",\"name\":\"Notibras\",\"description\":\"Not\u00edcias de Bras\u00edlia, do Brasil e do Mundo\",\"publisher\":{\"@id\":\"https:\/\/www.notibras.com\/site\/#organization\"},\"potentialAction\":[{\"@type\":\"SearchAction\",\"target\":{\"@type\":\"EntryPoint\",\"urlTemplate\":\"https:\/\/www.notibras.com\/site\/?s={search_term_string}\"},\"query-input\":{\"@type\":\"PropertyValueSpecification\",\"valueRequired\":true,\"valueName\":\"search_term_string\"}}],\"inLanguage\":\"pt-BR\"},{\"@type\":\"Organization\",\"@id\":\"https:\/\/www.notibras.com\/site\/#organization\",\"name\":\"Grupo Notibras de Comunica\u00e7\u00e3o\",\"url\":\"https:\/\/www.notibras.com\/site\/\",\"logo\":{\"@type\":\"ImageObject\",\"inLanguage\":\"pt-BR\",\"@id\":\"https:\/\/www.notibras.com\/site\/#\/schema\/logo\/image\/\",\"url\":\"https:\/\/www.notibras.com\/site\/wp-content\/uploads\/2023\/01\/notibras23.png\",\"contentUrl\":\"https:\/\/www.notibras.com\/site\/wp-content\/uploads\/2023\/01\/notibras23.png\",\"width\":350,\"height\":87,\"caption\":\"Grupo Notibras de Comunica\u00e7\u00e3o\"},\"image\":{\"@id\":\"https:\/\/www.notibras.com\/site\/#\/schema\/logo\/image\/\"},\"sameAs\":[\"https:\/\/www.facebook.com\/notibras\/\",\"https:\/\/x.com\/Notibras\",\"https:\/\/www.instagram.com\/notibras\/\"]},{\"@type\":\"Person\",\"@id\":\"https:\/\/www.notibras.com\/site\/#\/schema\/person\/36ab0979449956132d3e5b517ea76ac8\",\"name\":\"Reda\u00e7\u00e3o\",\"image\":{\"@type\":\"ImageObject\",\"inLanguage\":\"pt-BR\",\"@id\":\"https:\/\/secure.gravatar.com\/avatar\/e0a867bdedb85fd243eadf09663511f96fc81e0720a4a42581f334ad4303aa6b?s=96&d=mm&r=g\",\"url\":\"https:\/\/secure.gravatar.com\/avatar\/e0a867bdedb85fd243eadf09663511f96fc81e0720a4a42581f334ad4303aa6b?s=96&d=mm&r=g\",\"contentUrl\":\"https:\/\/secure.gravatar.com\/avatar\/e0a867bdedb85fd243eadf09663511f96fc81e0720a4a42581f334ad4303aa6b?s=96&d=mm&r=g\",\"caption\":\"Reda\u00e7\u00e3o\"}}]}<\/script>\n<!-- \/ Yoast SEO plugin. -->","yoast_head_json":{"title":"Cear\u00e1 lidera ap\u00f3s jogo das viradas contra o Santa Cruz - Notibras","robots":{"index":"index","follow":"follow","max-snippet":"max-snippet:-1","max-image-preview":"max-image-preview:large","max-video-preview":"max-video-preview:-1"},"canonical":"https:\/\/www.notibras.com\/site\/ceara-lidera-apos-jogo-das-viradas-contra-o-santa-cruz\/","og_locale":"pt_BR","og_type":"article","og_title":"Cear\u00e1 lidera ap\u00f3s jogo das viradas contra o Santa Cruz - Notibras","og_description":"O Cear\u00e1 n\u00e3o teve vida f\u00e1cil para superar o Santa Cruz, neste s\u00e1bado, e manter a lideran\u00e7a da S\u00e9rie B do Campeonato Brasileiro, no Est\u00e1dio do Arruda, em Pernambuco. Com duas reviravoltas e cinco gols no primeiro tempo, a equipe cearense saiu na frente e\u00a0tomou a virada, mas teve paci\u00eancia para trabalhar a bola e [&hellip;]","og_url":"https:\/\/www.notibras.com\/site\/ceara-lidera-apos-jogo-das-viradas-contra-o-santa-cruz\/","og_site_name":"Notibras","article_publisher":"https:\/\/www.facebook.com\/notibras\/","article_published_time":"2014-07-26T20:39:27+00:00","article_modified_time":"2014-07-26T21:41:20+00:00","og_image":[{"width":460,"height":340,"url":"https:\/\/www.notibras.com\/site\/wp-content\/uploads\/2014\/07\/es2.jpg","type":"image\/jpeg"}],"author":"Reda\u00e7\u00e3o","twitter_card":"summary_large_image","twitter_creator":"@Notibras","twitter_site":"@Notibras","twitter_misc":{"Escrito por":"Reda\u00e7\u00e3o","Est. tempo de leitura":"2 minutos"},"schema":{"@context":"https:\/\/schema.org","@graph":[{"@type":"Article","@id":"https:\/\/www.notibras.com\/site\/ceara-lidera-apos-jogo-das-viradas-contra-o-santa-cruz\/#article","isPartOf":{"@id":"https:\/\/www.notibras.com\/site\/ceara-lidera-apos-jogo-das-viradas-contra-o-santa-cruz\/"},"author":{"name":"Reda\u00e7\u00e3o","@id":"https:\/\/www.notibras.com\/site\/#\/schema\/person\/36ab0979449956132d3e5b517ea76ac8"},"headline":"Cear\u00e1 lidera ap\u00f3s jogo das viradas contra o Santa Cruz","datePublished":"2014-07-26T20:39:27+00:00","dateModified":"2014-07-26T21:41:20+00:00","mainEntityOfPage":{"@id":"https:\/\/www.notibras.com\/site\/ceara-lidera-apos-jogo-das-viradas-contra-o-santa-cruz\/"},"wordCount":327,"commentCount":0,"publisher":{"@id":"https:\/\/www.notibras.com\/site\/#organization"},"image":{"@id":"https:\/\/www.notibras.com\/site\/ceara-lidera-apos-jogo-das-viradas-contra-o-santa-cruz\/#primaryimage"},"thumbnailUrl":"https:\/\/www.notibras.com\/site\/wp-content\/uploads\/2014\/07\/es2.jpg","articleSection":["Esportes","Futebol"],"inLanguage":"pt-BR","potentialAction":[{"@type":"CommentAction","name":"Comment","target":["https:\/\/www.notibras.com\/site\/ceara-lidera-apos-jogo-das-viradas-contra-o-santa-cruz\/#respond"]}]},{"@type":"WebPage","@id":"https:\/\/www.notibras.com\/site\/ceara-lidera-apos-jogo-das-viradas-contra-o-santa-cruz\/","url":"https:\/\/www.notibras.com\/site\/ceara-lidera-apos-jogo-das-viradas-contra-o-santa-cruz\/","name":"Cear\u00e1 lidera ap\u00f3s jogo das viradas contra o Santa Cruz - Notibras","isPartOf":{"@id":"https:\/\/www.notibras.com\/site\/#website"},"primaryImageOfPage":{"@id":"https:\/\/www.notibras.com\/site\/ceara-lidera-apos-jogo-das-viradas-contra-o-santa-cruz\/#primaryimage"},"image":{"@id":"https:\/\/www.notibras.com\/site\/ceara-lidera-apos-jogo-das-viradas-contra-o-santa-cruz\/#primaryimage"},"thumbnailUrl":"https:\/\/www.notibras.com\/site\/wp-content\/uploads\/2014\/07\/es2.jpg","datePublished":"2014-07-26T20:39:27+00:00","dateModified":"2014-07-26T21:41:20+00:00","breadcrumb":{"@id":"https:\/\/www.notibras.com\/site\/ceara-lidera-apos-jogo-das-viradas-contra-o-santa-cruz\/#breadcrumb"},"inLanguage":"pt-BR","potentialAction":[{"@type":"ReadAction","target":["https:\/\/www.notibras.com\/site\/ceara-lidera-apos-jogo-das-viradas-contra-o-santa-cruz\/"]}]},{"@type":"ImageObject","inLanguage":"pt-BR","@id":"https:\/\/www.notibras.com\/site\/ceara-lidera-apos-jogo-das-viradas-contra-o-santa-cruz\/#primaryimage","url":"https:\/\/www.notibras.com\/site\/wp-content\/uploads\/2014\/07\/es2.jpg","contentUrl":"https:\/\/www.notibras.com\/site\/wp-content\/uploads\/2014\/07\/es2.jpg","width":460,"height":340},{"@type":"BreadcrumbList","@id":"https:\/\/www.notibras.com\/site\/ceara-lidera-apos-jogo-das-viradas-contra-o-santa-cruz\/#breadcrumb","itemListElement":[{"@type":"ListItem","position":1,"name":"In\u00edcio","item":"https:\/\/www.notibras.com\/site\/"},{"@type":"ListItem","position":2,"name":"Cear\u00e1 lidera ap\u00f3s jogo das viradas contra o Santa Cruz"}]},{"@type":"WebSite","@id":"https:\/\/www.notibras.com\/site\/#website","url":"https:\/\/www.notibras.com\/site\/","name":"Notibras","description":"Not\u00edcias de Bras\u00edlia, do Brasil e do Mundo","publisher":{"@id":"https:\/\/www.notibras.com\/site\/#organization"},"potentialAction":[{"@type":"SearchAction","target":{"@type":"EntryPoint","urlTemplate":"https:\/\/www.notibras.com\/site\/?s={search_term_string}"},"query-input":{"@type":"PropertyValueSpecification","valueRequired":true,"valueName":"search_term_string"}}],"inLanguage":"pt-BR"},{"@type":"Organization","@id":"https:\/\/www.notibras.com\/site\/#organization","name":"Grupo Notibras de Comunica\u00e7\u00e3o","url":"https:\/\/www.notibras.com\/site\/","logo":{"@type":"ImageObject","inLanguage":"pt-BR","@id":"https:\/\/www.notibras.com\/site\/#\/schema\/logo\/image\/","url":"https:\/\/www.notibras.com\/site\/wp-content\/uploads\/2023\/01\/notibras23.png","contentUrl":"https:\/\/www.notibras.com\/site\/wp-content\/uploads\/2023\/01\/notibras23.png","width":350,"height":87,"caption":"Grupo Notibras de Comunica\u00e7\u00e3o"},"image":{"@id":"https:\/\/www.notibras.com\/site\/#\/schema\/logo\/image\/"},"sameAs":["https:\/\/www.facebook.com\/notibras\/","https:\/\/x.com\/Notibras","https:\/\/www.instagram.com\/notibras\/"]},{"@type":"Person","@id":"https:\/\/www.notibras.com\/site\/#\/schema\/person\/36ab0979449956132d3e5b517ea76ac8","name":"Reda\u00e7\u00e3o","image":{"@type":"ImageObject","inLanguage":"pt-BR","@id":"https:\/\/secure.gravatar.com\/avatar\/e0a867bdedb85fd243eadf09663511f96fc81e0720a4a42581f334ad4303aa6b?s=96&d=mm&r=g","url":"https:\/\/secure.gravatar.com\/avatar\/e0a867bdedb85fd243eadf09663511f96fc81e0720a4a42581f334ad4303aa6b?s=96&d=mm&r=g","contentUrl":"https:\/\/secure.gravatar.com\/avatar\/e0a867bdedb85fd243eadf09663511f96fc81e0720a4a42581f334ad4303aa6b?s=96&d=mm&r=g","caption":"Reda\u00e7\u00e3o"}}]}},"amp_enabled":true,"_links":{"self":[{"href":"https:\/\/www.notibras.com\/site\/wp-json\/wp\/v2\/posts\/17528","targetHints":{"allow":["GET"]}}],"collection":[{"href":"https:\/\/www.notibras.com\/site\/wp-json\/wp\/v2\/posts"}],"about":[{"href":"https:\/\/www.notibras.com\/site\/wp-json\/wp\/v2\/types\/post"}],"author":[{"embeddable":true,"href":"https:\/\/www.notibras.com\/site\/wp-json\/wp\/v2\/users\/2"}],"replies":[{"embeddable":true,"href":"https:\/\/www.notibras.com\/site\/wp-json\/wp\/v2\/comments?post=17528"}],"version-history":[{"count":0,"href":"https:\/\/www.notibras.com\/site\/wp-json\/wp\/v2\/posts\/17528\/revisions"}],"wp:featuredmedia":[{"embeddable":true,"href":"https:\/\/www.notibras.com\/site\/wp-json\/wp\/v2\/media\/17529"}],"wp:attachment":[{"href":"https:\/\/www.notibras.com\/site\/wp-json\/wp\/v2\/media?parent=17528"}],"wp:term":[{"taxonomy":"category","embeddable":true,"href":"https:\/\/www.notibras.com\/site\/wp-json\/wp\/v2\/categories?post=17528"},{"taxonomy":"post_tag","embeddable":true,"href":"https:\/\/www.notibras.com\/site\/wp-json\/wp\/v2\/tags?post=17528"}],"curies":[{"name":"wp","href":"https:\/\/api.w.org\/{rel}","templated":true}]}}