{"id":175362,"date":"2018-04-07T13:37:27","date_gmt":"2018-04-07T16:37:27","guid":{"rendered":"https:\/\/www.notibras.com\/site\/?p=175362"},"modified":"2018-04-07T13:41:30","modified_gmt":"2018-04-07T16:41:30","slug":"japones-deixa-por-20-anos-filho-preso-em-uma-gaiola","status":"publish","type":"post","link":"https:\/\/www.notibras.com\/site\/japones-deixa-por-20-anos-filho-preso-em-uma-gaiola\/","title":{"rendered":"Japon\u00eas deixa por 20 anos filho preso em uma gaiola"},"content":{"rendered":"<p>A pol\u00edcia do Jap\u00e3o est\u00e1 investigando um homem que supostamente manteve seu filho, que sofre de doen\u00e7a mental, preso por mais de 20 anos, segundo informou neste s\u00e1bado a ag\u00eancia de not\u00edcias &#8220;Kyodo&#8221;.<\/p>\n<p>Aparentemente, o homem, de aproximadamente 70 anos, confessou que manteve seu filho, com mais de 40 anos, em uma gaiola de madeira desde que tinha 16, alegando que o filho apresentava um comportamento violento, segundo explicaram fontes da investiga\u00e7\u00e3o.<\/p>\n<p>A gaiola estava em uma constru\u00e7\u00e3o pr\u00e9-fabricada ao lado de sua casa, na cidade de Sanda, prov\u00edncia de Hyodo.<\/p>\n<p>A pol\u00edcia, que comprovou que o filho est\u00e1 em bom estado de sa\u00fade apesar do pequeno tamanho da gaiola, espera acusar o homem de confinamento ilegal.<\/p>\n<p>Aparentemente, o homem revelou a um funcion\u00e1rio da c\u00e2mara municipal de Sanda, que visitou sua resid\u00eancia em janeiro, que mantinha seu filho trancado e ele tomava banho diariamente.<\/p>\n<p>Em dezembro do ano passado, a pol\u00edcia japonesa prendeu um casal de Osaka, ap\u00f3s descobrir o corpo da sua filha falecida, de 33 anos, que aparentemente tinha sido mantida presa em um pequeno quarto durante 15 anos.<\/p>\n<p>A aut\u00f3psia revelou que a mulher, que sofreu desnutri\u00e7\u00e3o extrema e pesava apenas 19 quilos quando seu corpo foi encontrado, morreu de queimaduras por congelamento, j\u00e1 que o quarto estava revestido apenas de madeira e n\u00e3o tinha nenhum sistema de aquecimento.<\/p>\n","protected":false},"excerpt":{"rendered":"<p>A pol\u00edcia do Jap\u00e3o est\u00e1 investigando um homem que supostamente manteve seu filho, que sofre de doen\u00e7a mental, preso por mais de 20 anos, segundo informou neste s\u00e1bado a ag\u00eancia de not\u00edcias &#8220;Kyodo&#8221;. Aparentemente, o homem, de aproximadamente 70 anos, confessou que manteve seu filho, com mais de 40 anos, em uma gaiola de madeira [&hellip;]<\/p>\n","protected":false},"author":1,"featured_media":175366,"comment_status":"closed","ping_status":"closed","sticky":false,"template":"","format":"standard","meta":{"_acf_changed":false,"footnotes":""},"categories":[17],"tags":[],"class_list":["post-175362","post","type-post","status-publish","format-standard","has-post-thumbnail","hentry","category-mundo"],"acf":[],"yoast_head":"<!-- This site is optimized with the Yoast SEO plugin v27.2 - https:\/\/yoast.com\/product\/yoast-seo-wordpress\/ -->\n<title>Japon\u00eas deixa por 20 anos filho preso em uma gaiola - Notibras<\/title>\n<meta name=\"robots\" content=\"index, follow, max-snippet:-1, max-image-preview:large, max-video-preview:-1\" \/>\n<link rel=\"canonical\" href=\"https:\/\/www.notibras.com\/site\/japones-deixa-por-20-anos-filho-preso-em-uma-gaiola\/\" \/>\n<meta property=\"og:locale\" content=\"pt_BR\" \/>\n<meta property=\"og:type\" content=\"article\" \/>\n<meta property=\"og:title\" content=\"Japon\u00eas deixa por 20 anos filho preso em uma gaiola - Notibras\" \/>\n<meta property=\"og:description\" content=\"A pol\u00edcia do Jap\u00e3o est\u00e1 investigando um homem que supostamente manteve seu filho, que sofre de doen\u00e7a mental, preso por mais de 20 anos, segundo informou neste s\u00e1bado a ag\u00eancia de not\u00edcias &#8220;Kyodo&#8221;. Aparentemente, o homem, de aproximadamente 70 anos, confessou que manteve seu filho, com mais de 40 anos, em uma gaiola de madeira [&hellip;]\" \/>\n<meta property=\"og:url\" content=\"https:\/\/www.notibras.com\/site\/japones-deixa-por-20-anos-filho-preso-em-uma-gaiola\/\" \/>\n<meta property=\"og:site_name\" content=\"Notibras\" \/>\n<meta property=\"article:publisher\" content=\"https:\/\/www.facebook.com\/notibras\/\" \/>\n<meta property=\"article:published_time\" content=\"2018-04-07T16:37:27+00:00\" \/>\n<meta property=\"article:modified_time\" content=\"2018-04-07T16:41:30+00:00\" \/>\n<meta property=\"og:image\" content=\"https:\/\/www.notibras.com\/site\/wp-content\/uploads\/2018\/04\/japao.jpg\" \/>\n\t<meta property=\"og:image:width\" content=\"900\" \/>\n\t<meta property=\"og:image:height\" content=\"600\" \/>\n\t<meta property=\"og:image:type\" content=\"image\/jpeg\" \/>\n<meta name=\"author\" content=\"Reda\u00e7\u00e3o\" \/>\n<meta name=\"twitter:card\" content=\"summary_large_image\" \/>\n<meta name=\"twitter:creator\" content=\"@Notibras\" \/>\n<meta name=\"twitter:site\" content=\"@Notibras\" \/>\n<meta name=\"twitter:label1\" content=\"Escrito por\" \/>\n\t<meta name=\"twitter:data1\" content=\"Reda\u00e7\u00e3o\" \/>\n\t<meta name=\"twitter:label2\" content=\"Est. tempo de leitura\" \/>\n\t<meta name=\"twitter:data2\" content=\"1 minuto\" \/>\n<script type=\"application\/ld+json\" class=\"yoast-schema-graph\">{\"@context\":\"https:\/\/schema.org\",\"@graph\":[{\"@type\":\"Article\",\"@id\":\"https:\/\/www.notibras.com\/site\/japones-deixa-por-20-anos-filho-preso-em-uma-gaiola\/#article\",\"isPartOf\":{\"@id\":\"https:\/\/www.notibras.com\/site\/japones-deixa-por-20-anos-filho-preso-em-uma-gaiola\/\"},\"author\":{\"name\":\"Reda\u00e7\u00e3o\",\"@id\":\"https:\/\/www.notibras.com\/site\/#\/schema\/person\/00b8e1aa08f9ef6563e878c5159d01cf\"},\"headline\":\"Japon\u00eas deixa por 20 anos filho preso em uma gaiola\",\"datePublished\":\"2018-04-07T16:37:27+00:00\",\"dateModified\":\"2018-04-07T16:41:30+00:00\",\"mainEntityOfPage\":{\"@id\":\"https:\/\/www.notibras.com\/site\/japones-deixa-por-20-anos-filho-preso-em-uma-gaiola\/\"},\"wordCount\":246,\"publisher\":{\"@id\":\"https:\/\/www.notibras.com\/site\/#organization\"},\"image\":{\"@id\":\"https:\/\/www.notibras.com\/site\/japones-deixa-por-20-anos-filho-preso-em-uma-gaiola\/#primaryimage\"},\"thumbnailUrl\":\"https:\/\/www.notibras.com\/site\/wp-content\/uploads\/2018\/04\/japao.jpg\",\"articleSection\":[\"Mundo\"],\"inLanguage\":\"pt-BR\"},{\"@type\":\"WebPage\",\"@id\":\"https:\/\/www.notibras.com\/site\/japones-deixa-por-20-anos-filho-preso-em-uma-gaiola\/\",\"url\":\"https:\/\/www.notibras.com\/site\/japones-deixa-por-20-anos-filho-preso-em-uma-gaiola\/\",\"name\":\"Japon\u00eas deixa por 20 anos filho preso em uma gaiola - Notibras\",\"isPartOf\":{\"@id\":\"https:\/\/www.notibras.com\/site\/#website\"},\"primaryImageOfPage\":{\"@id\":\"https:\/\/www.notibras.com\/site\/japones-deixa-por-20-anos-filho-preso-em-uma-gaiola\/#primaryimage\"},\"image\":{\"@id\":\"https:\/\/www.notibras.com\/site\/japones-deixa-por-20-anos-filho-preso-em-uma-gaiola\/#primaryimage\"},\"thumbnailUrl\":\"https:\/\/www.notibras.com\/site\/wp-content\/uploads\/2018\/04\/japao.jpg\",\"datePublished\":\"2018-04-07T16:37:27+00:00\",\"dateModified\":\"2018-04-07T16:41:30+00:00\",\"breadcrumb\":{\"@id\":\"https:\/\/www.notibras.com\/site\/japones-deixa-por-20-anos-filho-preso-em-uma-gaiola\/#breadcrumb\"},\"inLanguage\":\"pt-BR\",\"potentialAction\":[{\"@type\":\"ReadAction\",\"target\":[\"https:\/\/www.notibras.com\/site\/japones-deixa-por-20-anos-filho-preso-em-uma-gaiola\/\"]}]},{\"@type\":\"ImageObject\",\"inLanguage\":\"pt-BR\",\"@id\":\"https:\/\/www.notibras.com\/site\/japones-deixa-por-20-anos-filho-preso-em-uma-gaiola\/#primaryimage\",\"url\":\"https:\/\/www.notibras.com\/site\/wp-content\/uploads\/2018\/04\/japao.jpg\",\"contentUrl\":\"https:\/\/www.notibras.com\/site\/wp-content\/uploads\/2018\/04\/japao.jpg\",\"width\":900,\"height\":600,\"caption\":\"Agentes da pol\u00edcia japonesa. Foto: EFE\/Kimimasa Mayama\"},{\"@type\":\"BreadcrumbList\",\"@id\":\"https:\/\/www.notibras.com\/site\/japones-deixa-por-20-anos-filho-preso-em-uma-gaiola\/#breadcrumb\",\"itemListElement\":[{\"@type\":\"ListItem\",\"position\":1,\"name\":\"In\u00edcio\",\"item\":\"https:\/\/www.notibras.com\/site\/\"},{\"@type\":\"ListItem\",\"position\":2,\"name\":\"Japon\u00eas deixa por 20 anos filho preso em uma gaiola\"}]},{\"@type\":\"WebSite\",\"@id\":\"https:\/\/www.notibras.com\/site\/#website\",\"url\":\"https:\/\/www.notibras.com\/site\/\",\"name\":\"Notibras\",\"description\":\"Not\u00edcias de Bras\u00edlia, do Brasil e do Mundo\",\"publisher\":{\"@id\":\"https:\/\/www.notibras.com\/site\/#organization\"},\"potentialAction\":[{\"@type\":\"SearchAction\",\"target\":{\"@type\":\"EntryPoint\",\"urlTemplate\":\"https:\/\/www.notibras.com\/site\/?s={search_term_string}\"},\"query-input\":{\"@type\":\"PropertyValueSpecification\",\"valueRequired\":true,\"valueName\":\"search_term_string\"}}],\"inLanguage\":\"pt-BR\"},{\"@type\":\"Organization\",\"@id\":\"https:\/\/www.notibras.com\/site\/#organization\",\"name\":\"Grupo Notibras de Comunica\u00e7\u00e3o\",\"url\":\"https:\/\/www.notibras.com\/site\/\",\"logo\":{\"@type\":\"ImageObject\",\"inLanguage\":\"pt-BR\",\"@id\":\"https:\/\/www.notibras.com\/site\/#\/schema\/logo\/image\/\",\"url\":\"https:\/\/www.notibras.com\/site\/wp-content\/uploads\/2023\/01\/notibras23.png\",\"contentUrl\":\"https:\/\/www.notibras.com\/site\/wp-content\/uploads\/2023\/01\/notibras23.png\",\"width\":350,\"height\":87,\"caption\":\"Grupo Notibras de Comunica\u00e7\u00e3o\"},\"image\":{\"@id\":\"https:\/\/www.notibras.com\/site\/#\/schema\/logo\/image\/\"},\"sameAs\":[\"https:\/\/www.facebook.com\/notibras\/\",\"https:\/\/x.com\/Notibras\",\"https:\/\/www.instagram.com\/notibras\/\"]},{\"@type\":\"Person\",\"@id\":\"https:\/\/www.notibras.com\/site\/#\/schema\/person\/00b8e1aa08f9ef6563e878c5159d01cf\",\"name\":\"Reda\u00e7\u00e3o\",\"image\":{\"@type\":\"ImageObject\",\"inLanguage\":\"pt-BR\",\"@id\":\"https:\/\/secure.gravatar.com\/avatar\/ac5a707d5b47784a5ed426c6e213e201423c750890f64e4c379114dade67dfb9?s=96&d=mm&r=g\",\"url\":\"https:\/\/secure.gravatar.com\/avatar\/ac5a707d5b47784a5ed426c6e213e201423c750890f64e4c379114dade67dfb9?s=96&d=mm&r=g\",\"contentUrl\":\"https:\/\/secure.gravatar.com\/avatar\/ac5a707d5b47784a5ed426c6e213e201423c750890f64e4c379114dade67dfb9?s=96&d=mm&r=g\",\"caption\":\"Reda\u00e7\u00e3o\"}}]}<\/script>\n<!-- \/ Yoast SEO plugin. -->","yoast_head_json":{"title":"Japon\u00eas deixa por 20 anos filho preso em uma gaiola - Notibras","robots":{"index":"index","follow":"follow","max-snippet":"max-snippet:-1","max-image-preview":"max-image-preview:large","max-video-preview":"max-video-preview:-1"},"canonical":"https:\/\/www.notibras.com\/site\/japones-deixa-por-20-anos-filho-preso-em-uma-gaiola\/","og_locale":"pt_BR","og_type":"article","og_title":"Japon\u00eas deixa por 20 anos filho preso em uma gaiola - Notibras","og_description":"A pol\u00edcia do Jap\u00e3o est\u00e1 investigando um homem que supostamente manteve seu filho, que sofre de doen\u00e7a mental, preso por mais de 20 anos, segundo informou neste s\u00e1bado a ag\u00eancia de not\u00edcias &#8220;Kyodo&#8221;. Aparentemente, o homem, de aproximadamente 70 anos, confessou que manteve seu filho, com mais de 40 anos, em uma gaiola de madeira [&hellip;]","og_url":"https:\/\/www.notibras.com\/site\/japones-deixa-por-20-anos-filho-preso-em-uma-gaiola\/","og_site_name":"Notibras","article_publisher":"https:\/\/www.facebook.com\/notibras\/","article_published_time":"2018-04-07T16:37:27+00:00","article_modified_time":"2018-04-07T16:41:30+00:00","og_image":[{"width":900,"height":600,"url":"https:\/\/www.notibras.com\/site\/wp-content\/uploads\/2018\/04\/japao.jpg","type":"image\/jpeg"}],"author":"Reda\u00e7\u00e3o","twitter_card":"summary_large_image","twitter_creator":"@Notibras","twitter_site":"@Notibras","twitter_misc":{"Escrito por":"Reda\u00e7\u00e3o","Est. tempo de leitura":"1 minuto"},"schema":{"@context":"https:\/\/schema.org","@graph":[{"@type":"Article","@id":"https:\/\/www.notibras.com\/site\/japones-deixa-por-20-anos-filho-preso-em-uma-gaiola\/#article","isPartOf":{"@id":"https:\/\/www.notibras.com\/site\/japones-deixa-por-20-anos-filho-preso-em-uma-gaiola\/"},"author":{"name":"Reda\u00e7\u00e3o","@id":"https:\/\/www.notibras.com\/site\/#\/schema\/person\/00b8e1aa08f9ef6563e878c5159d01cf"},"headline":"Japon\u00eas deixa por 20 anos filho preso em uma gaiola","datePublished":"2018-04-07T16:37:27+00:00","dateModified":"2018-04-07T16:41:30+00:00","mainEntityOfPage":{"@id":"https:\/\/www.notibras.com\/site\/japones-deixa-por-20-anos-filho-preso-em-uma-gaiola\/"},"wordCount":246,"publisher":{"@id":"https:\/\/www.notibras.com\/site\/#organization"},"image":{"@id":"https:\/\/www.notibras.com\/site\/japones-deixa-por-20-anos-filho-preso-em-uma-gaiola\/#primaryimage"},"thumbnailUrl":"https:\/\/www.notibras.com\/site\/wp-content\/uploads\/2018\/04\/japao.jpg","articleSection":["Mundo"],"inLanguage":"pt-BR"},{"@type":"WebPage","@id":"https:\/\/www.notibras.com\/site\/japones-deixa-por-20-anos-filho-preso-em-uma-gaiola\/","url":"https:\/\/www.notibras.com\/site\/japones-deixa-por-20-anos-filho-preso-em-uma-gaiola\/","name":"Japon\u00eas deixa por 20 anos filho preso em uma gaiola - Notibras","isPartOf":{"@id":"https:\/\/www.notibras.com\/site\/#website"},"primaryImageOfPage":{"@id":"https:\/\/www.notibras.com\/site\/japones-deixa-por-20-anos-filho-preso-em-uma-gaiola\/#primaryimage"},"image":{"@id":"https:\/\/www.notibras.com\/site\/japones-deixa-por-20-anos-filho-preso-em-uma-gaiola\/#primaryimage"},"thumbnailUrl":"https:\/\/www.notibras.com\/site\/wp-content\/uploads\/2018\/04\/japao.jpg","datePublished":"2018-04-07T16:37:27+00:00","dateModified":"2018-04-07T16:41:30+00:00","breadcrumb":{"@id":"https:\/\/www.notibras.com\/site\/japones-deixa-por-20-anos-filho-preso-em-uma-gaiola\/#breadcrumb"},"inLanguage":"pt-BR","potentialAction":[{"@type":"ReadAction","target":["https:\/\/www.notibras.com\/site\/japones-deixa-por-20-anos-filho-preso-em-uma-gaiola\/"]}]},{"@type":"ImageObject","inLanguage":"pt-BR","@id":"https:\/\/www.notibras.com\/site\/japones-deixa-por-20-anos-filho-preso-em-uma-gaiola\/#primaryimage","url":"https:\/\/www.notibras.com\/site\/wp-content\/uploads\/2018\/04\/japao.jpg","contentUrl":"https:\/\/www.notibras.com\/site\/wp-content\/uploads\/2018\/04\/japao.jpg","width":900,"height":600,"caption":"Agentes da pol\u00edcia japonesa. Foto: EFE\/Kimimasa Mayama"},{"@type":"BreadcrumbList","@id":"https:\/\/www.notibras.com\/site\/japones-deixa-por-20-anos-filho-preso-em-uma-gaiola\/#breadcrumb","itemListElement":[{"@type":"ListItem","position":1,"name":"In\u00edcio","item":"https:\/\/www.notibras.com\/site\/"},{"@type":"ListItem","position":2,"name":"Japon\u00eas deixa por 20 anos filho preso em uma gaiola"}]},{"@type":"WebSite","@id":"https:\/\/www.notibras.com\/site\/#website","url":"https:\/\/www.notibras.com\/site\/","name":"Notibras","description":"Not\u00edcias de Bras\u00edlia, do Brasil e do Mundo","publisher":{"@id":"https:\/\/www.notibras.com\/site\/#organization"},"potentialAction":[{"@type":"SearchAction","target":{"@type":"EntryPoint","urlTemplate":"https:\/\/www.notibras.com\/site\/?s={search_term_string}"},"query-input":{"@type":"PropertyValueSpecification","valueRequired":true,"valueName":"search_term_string"}}],"inLanguage":"pt-BR"},{"@type":"Organization","@id":"https:\/\/www.notibras.com\/site\/#organization","name":"Grupo Notibras de Comunica\u00e7\u00e3o","url":"https:\/\/www.notibras.com\/site\/","logo":{"@type":"ImageObject","inLanguage":"pt-BR","@id":"https:\/\/www.notibras.com\/site\/#\/schema\/logo\/image\/","url":"https:\/\/www.notibras.com\/site\/wp-content\/uploads\/2023\/01\/notibras23.png","contentUrl":"https:\/\/www.notibras.com\/site\/wp-content\/uploads\/2023\/01\/notibras23.png","width":350,"height":87,"caption":"Grupo Notibras de Comunica\u00e7\u00e3o"},"image":{"@id":"https:\/\/www.notibras.com\/site\/#\/schema\/logo\/image\/"},"sameAs":["https:\/\/www.facebook.com\/notibras\/","https:\/\/x.com\/Notibras","https:\/\/www.instagram.com\/notibras\/"]},{"@type":"Person","@id":"https:\/\/www.notibras.com\/site\/#\/schema\/person\/00b8e1aa08f9ef6563e878c5159d01cf","name":"Reda\u00e7\u00e3o","image":{"@type":"ImageObject","inLanguage":"pt-BR","@id":"https:\/\/secure.gravatar.com\/avatar\/ac5a707d5b47784a5ed426c6e213e201423c750890f64e4c379114dade67dfb9?s=96&d=mm&r=g","url":"https:\/\/secure.gravatar.com\/avatar\/ac5a707d5b47784a5ed426c6e213e201423c750890f64e4c379114dade67dfb9?s=96&d=mm&r=g","contentUrl":"https:\/\/secure.gravatar.com\/avatar\/ac5a707d5b47784a5ed426c6e213e201423c750890f64e4c379114dade67dfb9?s=96&d=mm&r=g","caption":"Reda\u00e7\u00e3o"}}]}},"amp_enabled":true,"_links":{"self":[{"href":"https:\/\/www.notibras.com\/site\/wp-json\/wp\/v2\/posts\/175362","targetHints":{"allow":["GET"]}}],"collection":[{"href":"https:\/\/www.notibras.com\/site\/wp-json\/wp\/v2\/posts"}],"about":[{"href":"https:\/\/www.notibras.com\/site\/wp-json\/wp\/v2\/types\/post"}],"author":[{"embeddable":true,"href":"https:\/\/www.notibras.com\/site\/wp-json\/wp\/v2\/users\/1"}],"replies":[{"embeddable":true,"href":"https:\/\/www.notibras.com\/site\/wp-json\/wp\/v2\/comments?post=175362"}],"version-history":[{"count":2,"href":"https:\/\/www.notibras.com\/site\/wp-json\/wp\/v2\/posts\/175362\/revisions"}],"predecessor-version":[{"id":175370,"href":"https:\/\/www.notibras.com\/site\/wp-json\/wp\/v2\/posts\/175362\/revisions\/175370"}],"wp:featuredmedia":[{"embeddable":true,"href":"https:\/\/www.notibras.com\/site\/wp-json\/wp\/v2\/media\/175366"}],"wp:attachment":[{"href":"https:\/\/www.notibras.com\/site\/wp-json\/wp\/v2\/media?parent=175362"}],"wp:term":[{"taxonomy":"category","embeddable":true,"href":"https:\/\/www.notibras.com\/site\/wp-json\/wp\/v2\/categories?post=175362"},{"taxonomy":"post_tag","embeddable":true,"href":"https:\/\/www.notibras.com\/site\/wp-json\/wp\/v2\/tags?post=175362"}],"curies":[{"name":"wp","href":"https:\/\/api.w.org\/{rel}","templated":true}]}}