{"id":17545,"date":"2014-07-26T21:39:41","date_gmt":"2014-07-27T00:39:41","guid":{"rendered":"http:\/\/www.notibras.com\/site\/?p=17545"},"modified":"2014-07-26T21:39:41","modified_gmt":"2014-07-27T00:39:41","slug":"santos-ganha-vaga-no-g4-com-vitoria-sobre-chapecoense","status":"publish","type":"post","link":"https:\/\/www.notibras.com\/site\/santos-ganha-vaga-no-g4-com-vitoria-sobre-chapecoense\/","title":{"rendered":"Santos ganha vaga no G4 com vit\u00f3ria sobre Chapecoense"},"content":{"rendered":"<p>O t\u00e9cnico Oswaldo de Oliveira mostrou que estava certo ao tirar o jogo contra a Chapecoense do Pacaembu e coloc\u00e1-lo\u00a0na Vila Belmiro, neste s\u00e1bado, pela 12\u00aa rodada do Campeonato Brasileiro.\u00a0No al\u00e7ap\u00e3o santista, como \u00e9 conhecido, o Santos venceu por 3\u00a0a 0, entrou no G-4 e manteve a invencibilidade da equipe no est\u00e1dio em 2014.<\/p>\n<p class=\"text\">Com o resultado, o time agora acumula 16 jogos em sua casa, com 14 vit\u00f3rias, dois empates, 46\u00a0gols marcados e apenas 10 sofridos: um aproveitamento de 91%. O triunfo faz o Santos entrar no G-4, na vice-lideran\u00e7a,\u00a0com os mesmo 20 pontos do rival Corinthians, mas que ainda joga neste domingo.<\/p>\n<p class=\"text\">Antes da bola rolar, Aranha recebeu uma placa comemorativa pelos 100 jogos disputados com a camisa alvinegra. O goleiro passou seguran\u00e7a para os atletas em campo, fez boas defesas e foi um dos destaques do Santos. Rildo, no primeiro tempo, Gabriel e Diego Cardoso, na etafa final, foram os autores dos gols da equipe.<\/p>\n<p class=\"text\">Na pr\u00f3xima rodada, a equipe comandada por Oswaldo de Oliveira tem um confronto direto com o Internacional, no Beira-Rio. J\u00e1 a Chapecoense, 15\u00aa colocada,\u00a0que teve sua s\u00e9rie de vit\u00f3rias interrompidas, havia vencido o Bahia e o S\u00e3o Paulo, recebe o desesperado Flamengo, na Arena Cond\u00e1.<\/p>\n<p class=\"text\">Apesar de n\u00e3o conseguir criar muitas oportunidades de gol, o primeiro tempo foi quase todo dominado pelos donos da casa. A primeira chance aconteceu ap\u00f3s jogada trabalhada pelo lado esquerdo do campo. Aos 9min, Lucas Lima acionou Mena. O lateral arrumou de cabe\u00e7a e Gabriel concluiu com muito perigo.\u00a0Aos 13min, ap\u00f3s bate-rebate, Gabriel serviu Rildo, que acertou um chute de sem pulo e abriu o placar na Vila Belmiro.<\/p>\n<p class=\"text\">A Chapecoense tentou reagir, e criou lances perigosos aos 22min e 33min. Na primeira, em cobran\u00e7a de falta, Fabiano bateu forte e assustou Aranha. Na segunda, Ricardo Concei\u00e7\u00e3o levantou na \u00e1rea e Wanderson cabeceou nas m\u00e3os do goleiro santista<strong>.<\/strong><\/p>\n<p class=\"text\">O Santos voltou dos vesti\u00e1rios\u00a0disposto a matar a partida no come\u00e7o do segundo tempo. Logo aos 6min,\u00a0Thiago Ribeiro foi\u00a0lan\u00e7ado pela\u00a0direita, cruzou rasteiro para o meio e\u00a0Gabriel s\u00f3 precisou completar para as redes.<\/p>\n<blockquote>\n<p class=\"text\">Ap\u00f3s o gol, os donos da casa se acomodaram e deixaram a Chapecoense gostar do jogo.\u00a0Aos 9min, Rodrigo Biro lan\u00e7ou a bola na \u00e1rea e Bruno Rangel desviou de cabe\u00e7a no primeiro poste. Camilo chegou atrasado e n\u00e3o conseguiu empurrar para o gol. Aos 19min, Abuda, que havia acabado de entrar, recebeu na \u00e1rea e bateu cruzado. Aranha espalmou para o lado e salvou o Santos. Um minuto depois, foi a vez de Camilo bater rasteiro e exigir boa interven\u00e7\u00e3o do goleiro alvinegro. Aos 27min, Abuda teve outra oportunidade, mas parou novamente no arqueiro.<\/p>\n<\/blockquote>\n<p class=\"text\">Incomodado com a postura da equipe, Oswaldo de Oliveira sacou Rildo e apostou na entrada do garoto Diego Cardoso.\u00a0A substitui\u00e7\u00e3o deixou o time mais veloz e o gol derradeiro acabou saindo aos 34min. Gabriel achou Thiago Ribeiro pela direita. O camisa 11 cruzou na \u00e1rea e Diego Cardoso matou a partida.<\/p>\n","protected":false},"excerpt":{"rendered":"<p>O t\u00e9cnico Oswaldo de Oliveira mostrou que estava certo ao tirar o jogo contra a Chapecoense do Pacaembu e coloc\u00e1-lo\u00a0na Vila Belmiro, neste s\u00e1bado, pela 12\u00aa rodada do Campeonato Brasileiro.\u00a0No al\u00e7ap\u00e3o santista, como \u00e9 conhecido, o Santos venceu por 3\u00a0a 0, entrou no G-4 e manteve a invencibilidade da equipe no est\u00e1dio em 2014. Com [&hellip;]<\/p>\n","protected":false},"author":2,"featured_media":0,"comment_status":"open","ping_status":"closed","sticky":false,"template":"","format":"standard","meta":{"_acf_changed":false,"footnotes":""},"categories":[19,29],"tags":[],"class_list":["post-17545","post","type-post","status-publish","format-standard","hentry","category-esportes","category-futebol"],"acf":[],"yoast_head":"<!-- This site is optimized with the Yoast SEO plugin v27.2 - https:\/\/yoast.com\/product\/yoast-seo-wordpress\/ -->\n<title>Santos ganha vaga no G4 com vit\u00f3ria sobre Chapecoense - Notibras<\/title>\n<meta name=\"robots\" content=\"index, follow, max-snippet:-1, max-image-preview:large, max-video-preview:-1\" \/>\n<link rel=\"canonical\" href=\"https:\/\/www.notibras.com\/site\/santos-ganha-vaga-no-g4-com-vitoria-sobre-chapecoense\/\" \/>\n<meta property=\"og:locale\" content=\"pt_BR\" \/>\n<meta property=\"og:type\" content=\"article\" \/>\n<meta property=\"og:title\" content=\"Santos ganha vaga no G4 com vit\u00f3ria sobre Chapecoense - Notibras\" \/>\n<meta property=\"og:description\" content=\"O t\u00e9cnico Oswaldo de Oliveira mostrou que estava certo ao tirar o jogo contra a Chapecoense do Pacaembu e coloc\u00e1-lo\u00a0na Vila Belmiro, neste s\u00e1bado, pela 12\u00aa rodada do Campeonato Brasileiro.\u00a0No al\u00e7ap\u00e3o santista, como \u00e9 conhecido, o Santos venceu por 3\u00a0a 0, entrou no G-4 e manteve a invencibilidade da equipe no est\u00e1dio em 2014. Com [&hellip;]\" \/>\n<meta property=\"og:url\" content=\"https:\/\/www.notibras.com\/site\/santos-ganha-vaga-no-g4-com-vitoria-sobre-chapecoense\/\" \/>\n<meta property=\"og:site_name\" content=\"Notibras\" \/>\n<meta property=\"article:publisher\" content=\"https:\/\/www.facebook.com\/notibras\/\" \/>\n<meta property=\"article:published_time\" content=\"2014-07-27T00:39:41+00:00\" \/>\n<meta name=\"author\" content=\"Reda\u00e7\u00e3o\" \/>\n<meta name=\"twitter:card\" content=\"summary_large_image\" \/>\n<meta name=\"twitter:creator\" content=\"@Notibras\" \/>\n<meta name=\"twitter:site\" content=\"@Notibras\" \/>\n<meta name=\"twitter:label1\" content=\"Escrito por\" \/>\n\t<meta name=\"twitter:data1\" content=\"Reda\u00e7\u00e3o\" \/>\n\t<meta name=\"twitter:label2\" content=\"Est. tempo de leitura\" \/>\n\t<meta name=\"twitter:data2\" content=\"3 minutos\" \/>\n<script type=\"application\/ld+json\" class=\"yoast-schema-graph\">{\"@context\":\"https:\/\/schema.org\",\"@graph\":[{\"@type\":\"Article\",\"@id\":\"https:\/\/www.notibras.com\/site\/santos-ganha-vaga-no-g4-com-vitoria-sobre-chapecoense\/#article\",\"isPartOf\":{\"@id\":\"https:\/\/www.notibras.com\/site\/santos-ganha-vaga-no-g4-com-vitoria-sobre-chapecoense\/\"},\"author\":{\"name\":\"Reda\u00e7\u00e3o\",\"@id\":\"https:\/\/www.notibras.com\/site\/#\/schema\/person\/36ab0979449956132d3e5b517ea76ac8\"},\"headline\":\"Santos ganha vaga no G4 com vit\u00f3ria sobre Chapecoense\",\"datePublished\":\"2014-07-27T00:39:41+00:00\",\"mainEntityOfPage\":{\"@id\":\"https:\/\/www.notibras.com\/site\/santos-ganha-vaga-no-g4-com-vitoria-sobre-chapecoense\/\"},\"wordCount\":527,\"commentCount\":0,\"publisher\":{\"@id\":\"https:\/\/www.notibras.com\/site\/#organization\"},\"articleSection\":[\"Esportes\",\"Futebol\"],\"inLanguage\":\"pt-BR\",\"potentialAction\":[{\"@type\":\"CommentAction\",\"name\":\"Comment\",\"target\":[\"https:\/\/www.notibras.com\/site\/santos-ganha-vaga-no-g4-com-vitoria-sobre-chapecoense\/#respond\"]}]},{\"@type\":\"WebPage\",\"@id\":\"https:\/\/www.notibras.com\/site\/santos-ganha-vaga-no-g4-com-vitoria-sobre-chapecoense\/\",\"url\":\"https:\/\/www.notibras.com\/site\/santos-ganha-vaga-no-g4-com-vitoria-sobre-chapecoense\/\",\"name\":\"Santos ganha vaga no G4 com vit\u00f3ria sobre Chapecoense - Notibras\",\"isPartOf\":{\"@id\":\"https:\/\/www.notibras.com\/site\/#website\"},\"datePublished\":\"2014-07-27T00:39:41+00:00\",\"breadcrumb\":{\"@id\":\"https:\/\/www.notibras.com\/site\/santos-ganha-vaga-no-g4-com-vitoria-sobre-chapecoense\/#breadcrumb\"},\"inLanguage\":\"pt-BR\",\"potentialAction\":[{\"@type\":\"ReadAction\",\"target\":[\"https:\/\/www.notibras.com\/site\/santos-ganha-vaga-no-g4-com-vitoria-sobre-chapecoense\/\"]}]},{\"@type\":\"BreadcrumbList\",\"@id\":\"https:\/\/www.notibras.com\/site\/santos-ganha-vaga-no-g4-com-vitoria-sobre-chapecoense\/#breadcrumb\",\"itemListElement\":[{\"@type\":\"ListItem\",\"position\":1,\"name\":\"In\u00edcio\",\"item\":\"https:\/\/www.notibras.com\/site\/\"},{\"@type\":\"ListItem\",\"position\":2,\"name\":\"Santos ganha vaga no G4 com vit\u00f3ria sobre Chapecoense\"}]},{\"@type\":\"WebSite\",\"@id\":\"https:\/\/www.notibras.com\/site\/#website\",\"url\":\"https:\/\/www.notibras.com\/site\/\",\"name\":\"Notibras\",\"description\":\"Not\u00edcias de Bras\u00edlia, do Brasil e do Mundo\",\"publisher\":{\"@id\":\"https:\/\/www.notibras.com\/site\/#organization\"},\"potentialAction\":[{\"@type\":\"SearchAction\",\"target\":{\"@type\":\"EntryPoint\",\"urlTemplate\":\"https:\/\/www.notibras.com\/site\/?s={search_term_string}\"},\"query-input\":{\"@type\":\"PropertyValueSpecification\",\"valueRequired\":true,\"valueName\":\"search_term_string\"}}],\"inLanguage\":\"pt-BR\"},{\"@type\":\"Organization\",\"@id\":\"https:\/\/www.notibras.com\/site\/#organization\",\"name\":\"Grupo Notibras de Comunica\u00e7\u00e3o\",\"url\":\"https:\/\/www.notibras.com\/site\/\",\"logo\":{\"@type\":\"ImageObject\",\"inLanguage\":\"pt-BR\",\"@id\":\"https:\/\/www.notibras.com\/site\/#\/schema\/logo\/image\/\",\"url\":\"https:\/\/www.notibras.com\/site\/wp-content\/uploads\/2023\/01\/notibras23.png\",\"contentUrl\":\"https:\/\/www.notibras.com\/site\/wp-content\/uploads\/2023\/01\/notibras23.png\",\"width\":350,\"height\":87,\"caption\":\"Grupo Notibras de Comunica\u00e7\u00e3o\"},\"image\":{\"@id\":\"https:\/\/www.notibras.com\/site\/#\/schema\/logo\/image\/\"},\"sameAs\":[\"https:\/\/www.facebook.com\/notibras\/\",\"https:\/\/x.com\/Notibras\",\"https:\/\/www.instagram.com\/notibras\/\"]},{\"@type\":\"Person\",\"@id\":\"https:\/\/www.notibras.com\/site\/#\/schema\/person\/36ab0979449956132d3e5b517ea76ac8\",\"name\":\"Reda\u00e7\u00e3o\",\"image\":{\"@type\":\"ImageObject\",\"inLanguage\":\"pt-BR\",\"@id\":\"https:\/\/secure.gravatar.com\/avatar\/e0a867bdedb85fd243eadf09663511f96fc81e0720a4a42581f334ad4303aa6b?s=96&d=mm&r=g\",\"url\":\"https:\/\/secure.gravatar.com\/avatar\/e0a867bdedb85fd243eadf09663511f96fc81e0720a4a42581f334ad4303aa6b?s=96&d=mm&r=g\",\"contentUrl\":\"https:\/\/secure.gravatar.com\/avatar\/e0a867bdedb85fd243eadf09663511f96fc81e0720a4a42581f334ad4303aa6b?s=96&d=mm&r=g\",\"caption\":\"Reda\u00e7\u00e3o\"}}]}<\/script>\n<!-- \/ Yoast SEO plugin. -->","yoast_head_json":{"title":"Santos ganha vaga no G4 com vit\u00f3ria sobre Chapecoense - Notibras","robots":{"index":"index","follow":"follow","max-snippet":"max-snippet:-1","max-image-preview":"max-image-preview:large","max-video-preview":"max-video-preview:-1"},"canonical":"https:\/\/www.notibras.com\/site\/santos-ganha-vaga-no-g4-com-vitoria-sobre-chapecoense\/","og_locale":"pt_BR","og_type":"article","og_title":"Santos ganha vaga no G4 com vit\u00f3ria sobre Chapecoense - Notibras","og_description":"O t\u00e9cnico Oswaldo de Oliveira mostrou que estava certo ao tirar o jogo contra a Chapecoense do Pacaembu e coloc\u00e1-lo\u00a0na Vila Belmiro, neste s\u00e1bado, pela 12\u00aa rodada do Campeonato Brasileiro.\u00a0No al\u00e7ap\u00e3o santista, como \u00e9 conhecido, o Santos venceu por 3\u00a0a 0, entrou no G-4 e manteve a invencibilidade da equipe no est\u00e1dio em 2014. Com [&hellip;]","og_url":"https:\/\/www.notibras.com\/site\/santos-ganha-vaga-no-g4-com-vitoria-sobre-chapecoense\/","og_site_name":"Notibras","article_publisher":"https:\/\/www.facebook.com\/notibras\/","article_published_time":"2014-07-27T00:39:41+00:00","author":"Reda\u00e7\u00e3o","twitter_card":"summary_large_image","twitter_creator":"@Notibras","twitter_site":"@Notibras","twitter_misc":{"Escrito por":"Reda\u00e7\u00e3o","Est. tempo de leitura":"3 minutos"},"schema":{"@context":"https:\/\/schema.org","@graph":[{"@type":"Article","@id":"https:\/\/www.notibras.com\/site\/santos-ganha-vaga-no-g4-com-vitoria-sobre-chapecoense\/#article","isPartOf":{"@id":"https:\/\/www.notibras.com\/site\/santos-ganha-vaga-no-g4-com-vitoria-sobre-chapecoense\/"},"author":{"name":"Reda\u00e7\u00e3o","@id":"https:\/\/www.notibras.com\/site\/#\/schema\/person\/36ab0979449956132d3e5b517ea76ac8"},"headline":"Santos ganha vaga no G4 com vit\u00f3ria sobre Chapecoense","datePublished":"2014-07-27T00:39:41+00:00","mainEntityOfPage":{"@id":"https:\/\/www.notibras.com\/site\/santos-ganha-vaga-no-g4-com-vitoria-sobre-chapecoense\/"},"wordCount":527,"commentCount":0,"publisher":{"@id":"https:\/\/www.notibras.com\/site\/#organization"},"articleSection":["Esportes","Futebol"],"inLanguage":"pt-BR","potentialAction":[{"@type":"CommentAction","name":"Comment","target":["https:\/\/www.notibras.com\/site\/santos-ganha-vaga-no-g4-com-vitoria-sobre-chapecoense\/#respond"]}]},{"@type":"WebPage","@id":"https:\/\/www.notibras.com\/site\/santos-ganha-vaga-no-g4-com-vitoria-sobre-chapecoense\/","url":"https:\/\/www.notibras.com\/site\/santos-ganha-vaga-no-g4-com-vitoria-sobre-chapecoense\/","name":"Santos ganha vaga no G4 com vit\u00f3ria sobre Chapecoense - Notibras","isPartOf":{"@id":"https:\/\/www.notibras.com\/site\/#website"},"datePublished":"2014-07-27T00:39:41+00:00","breadcrumb":{"@id":"https:\/\/www.notibras.com\/site\/santos-ganha-vaga-no-g4-com-vitoria-sobre-chapecoense\/#breadcrumb"},"inLanguage":"pt-BR","potentialAction":[{"@type":"ReadAction","target":["https:\/\/www.notibras.com\/site\/santos-ganha-vaga-no-g4-com-vitoria-sobre-chapecoense\/"]}]},{"@type":"BreadcrumbList","@id":"https:\/\/www.notibras.com\/site\/santos-ganha-vaga-no-g4-com-vitoria-sobre-chapecoense\/#breadcrumb","itemListElement":[{"@type":"ListItem","position":1,"name":"In\u00edcio","item":"https:\/\/www.notibras.com\/site\/"},{"@type":"ListItem","position":2,"name":"Santos ganha vaga no G4 com vit\u00f3ria sobre Chapecoense"}]},{"@type":"WebSite","@id":"https:\/\/www.notibras.com\/site\/#website","url":"https:\/\/www.notibras.com\/site\/","name":"Notibras","description":"Not\u00edcias de Bras\u00edlia, do Brasil e do Mundo","publisher":{"@id":"https:\/\/www.notibras.com\/site\/#organization"},"potentialAction":[{"@type":"SearchAction","target":{"@type":"EntryPoint","urlTemplate":"https:\/\/www.notibras.com\/site\/?s={search_term_string}"},"query-input":{"@type":"PropertyValueSpecification","valueRequired":true,"valueName":"search_term_string"}}],"inLanguage":"pt-BR"},{"@type":"Organization","@id":"https:\/\/www.notibras.com\/site\/#organization","name":"Grupo Notibras de Comunica\u00e7\u00e3o","url":"https:\/\/www.notibras.com\/site\/","logo":{"@type":"ImageObject","inLanguage":"pt-BR","@id":"https:\/\/www.notibras.com\/site\/#\/schema\/logo\/image\/","url":"https:\/\/www.notibras.com\/site\/wp-content\/uploads\/2023\/01\/notibras23.png","contentUrl":"https:\/\/www.notibras.com\/site\/wp-content\/uploads\/2023\/01\/notibras23.png","width":350,"height":87,"caption":"Grupo Notibras de Comunica\u00e7\u00e3o"},"image":{"@id":"https:\/\/www.notibras.com\/site\/#\/schema\/logo\/image\/"},"sameAs":["https:\/\/www.facebook.com\/notibras\/","https:\/\/x.com\/Notibras","https:\/\/www.instagram.com\/notibras\/"]},{"@type":"Person","@id":"https:\/\/www.notibras.com\/site\/#\/schema\/person\/36ab0979449956132d3e5b517ea76ac8","name":"Reda\u00e7\u00e3o","image":{"@type":"ImageObject","inLanguage":"pt-BR","@id":"https:\/\/secure.gravatar.com\/avatar\/e0a867bdedb85fd243eadf09663511f96fc81e0720a4a42581f334ad4303aa6b?s=96&d=mm&r=g","url":"https:\/\/secure.gravatar.com\/avatar\/e0a867bdedb85fd243eadf09663511f96fc81e0720a4a42581f334ad4303aa6b?s=96&d=mm&r=g","contentUrl":"https:\/\/secure.gravatar.com\/avatar\/e0a867bdedb85fd243eadf09663511f96fc81e0720a4a42581f334ad4303aa6b?s=96&d=mm&r=g","caption":"Reda\u00e7\u00e3o"}}]}},"amp_enabled":true,"_links":{"self":[{"href":"https:\/\/www.notibras.com\/site\/wp-json\/wp\/v2\/posts\/17545","targetHints":{"allow":["GET"]}}],"collection":[{"href":"https:\/\/www.notibras.com\/site\/wp-json\/wp\/v2\/posts"}],"about":[{"href":"https:\/\/www.notibras.com\/site\/wp-json\/wp\/v2\/types\/post"}],"author":[{"embeddable":true,"href":"https:\/\/www.notibras.com\/site\/wp-json\/wp\/v2\/users\/2"}],"replies":[{"embeddable":true,"href":"https:\/\/www.notibras.com\/site\/wp-json\/wp\/v2\/comments?post=17545"}],"version-history":[{"count":0,"href":"https:\/\/www.notibras.com\/site\/wp-json\/wp\/v2\/posts\/17545\/revisions"}],"wp:attachment":[{"href":"https:\/\/www.notibras.com\/site\/wp-json\/wp\/v2\/media?parent=17545"}],"wp:term":[{"taxonomy":"category","embeddable":true,"href":"https:\/\/www.notibras.com\/site\/wp-json\/wp\/v2\/categories?post=17545"},{"taxonomy":"post_tag","embeddable":true,"href":"https:\/\/www.notibras.com\/site\/wp-json\/wp\/v2\/tags?post=17545"}],"curies":[{"name":"wp","href":"https:\/\/api.w.org\/{rel}","templated":true}]}}