{"id":17564,"date":"2014-07-27T08:50:12","date_gmt":"2014-07-27T11:50:12","guid":{"rendered":"http:\/\/www.notibras.com\/site\/?p=17564"},"modified":"2014-07-27T08:51:21","modified_gmt":"2014-07-27T11:51:21","slug":"gripe-ameaca-indios-isolados-xinane-da-fechada-regiao-da-amazonia","status":"publish","type":"post","link":"https:\/\/www.notibras.com\/site\/gripe-ameaca-indios-isolados-xinane-da-fechada-regiao-da-amazonia\/","title":{"rendered":"Gripe amea\u00e7a vida dos \u00edndios isolados Xinane"},"content":{"rendered":"<p>Uma equipe respons\u00e1vel pelo contato com \u00edndios desconhecidos da fronteira do Acre com o Peru enfrentou a desconfian\u00e7a e o medo para convenc\u00ea-los a tratar, com rem\u00e9dios dos &#8220;brancos&#8221;, uma gripe capaz de exterminar a tribo, que vive em local de dif\u00edcil acesso no oeste da Amaz\u00f4nia.<\/p>\n<p>Em entrevista \u00e0 ag\u00eancia Amaz\u00f4nia Real, o coordenador-geral de \u00cdndios Isolados e Rec\u00e9m Contatados da Funai, Carlos Lisboa Travassos, explicou que os \u00edndios isolados rec\u00e9m contatados foram identificados como o povo do rio Xinane, pertencente ao tronco lingu\u00edstico Pano.<\/p>\n<p>Sem resist\u00eancia a doen\u00e7as como a gripe, eles foram convencidos a tomar rem\u00e9dios pelos int\u00e9rpretes da etnia jaminaw\u00e1, que falam dialetos da mesma l\u00edngua. O pr\u00f3ximo passo \u00e9 vacinar todo o grupo.<\/p>\n<p>Travassos classificou a situa\u00e7\u00e3o na fronteira como cr\u00edtica. Na regi\u00e3o h\u00e1 v\u00e1rias tribos compartilhando o mesmo territ\u00f3rio pacificamente. E a perspectiva \u00e9 de que haja uma aproxima\u00e7\u00e3o massiva do grupo ind\u00edgena isolado na base da Funai do rio Xinane.<\/p>\n<p>&#8220;No dia 26 de junho, aconteceu o primeiro contato dos \u00edndios isolados. Eles apareceram atravessando o rio Envira. A aldeia Simpatia (dos \u00edndios ashaninka) fica bem na margem do rio. Eles assopravam barulhos de animais&#8221;, contou Travassos.<\/p>\n<blockquote><p>&#8220;Foram contatos razoavelmente r\u00e1pidos, de algumas horas, e depois eles retornaram para a mata. Foi assim nos dias seguintes. Os di\u00e1logos foram realizados por dois int\u00e9rpretes muito habilidosos, que conhecem os dialetos da l\u00edngua Pano, o mesmo tronco lingu\u00edstico dos \u00edndios isolados: Jos\u00e9 Corr\u00eaa Jaminawa, de 70 anos, e o Almerindo Jaminawa, de 60. S\u00e3o pessoas muito experientes, que conseguiram manter uma comunica\u00e7\u00e3o plena com os \u00edndios e uma rela\u00e7\u00e3o de confian\u00e7a&#8221;, acrescentou.<\/p><\/blockquote>\n<p>Travassos relatou que, uma semana ap\u00f3s esse contato inicial, quando os \u00edndios desconhecidos voltaram \u00e0 aldeia Simpatia, percebeu que eles estavam com gripe.<\/p>\n<p>&#8220;No dia 4 de julho, eles apareceram na aldeia Simpatia. Eu j\u00e1 estava l\u00e1. Depois, retornaram para a mata. No dia seguinte, percebemos que eles contra\u00edram gripe. O m\u00e9dico (Douglas Rodrigues, da Secretaria de Vigil\u00e2ncia em Sa\u00fade) fez a primeira medica\u00e7\u00e3o para controlar a febre, e a\u00ed eles novamente voltaram para a mata. Foi um momento de muita tens\u00e3o nossa, porque n\u00e3o sab\u00edamos se tinha mais pessoas no acampamento onde eles estavam, quantas pessoas eram&#8221;, disse.<\/p>\n<p>&#8220;Depois, n\u00e3o sab\u00edamos se eles tinham retornado ao grupo maior, o que seria o pior dos mundos para a gente. Seria disseminar uma gripe para um grupo inteiro num local de dif\u00edcil acesso. Mas, felizmente, a gente encontrou com eles no meio do rio Envira, e os convencemos a viajar at\u00e9 a base do rio Xinane&#8221;, contou.<\/p>\n<p>Segundo Travassos, os int\u00e9rpretes foram decisivos no trabalho de convencimento para que os \u00edndios se tratassem com medicamentos.<\/p>\n<p>&#8220;N\u00f3s dependemos muito da qualidade dos dois int\u00e9rpretes jaminawa. S\u00e3o pessoas muito maduras, que conseguiram um di\u00e1logo muito bom e conseguiram explicar que a gripe n\u00e3o era um xamanismo, um feiti\u00e7o, era algo que todos n\u00f3s acab\u00e1vamos contraindo e que s\u00f3 sarava quando tomava o rem\u00e9dio. Ent\u00e3o esse convencimento se deu quando perceberam que a sa\u00fade deles estava piorando. Eles voltaram ao acampamento e buscaram o restante do grupo, que eram duas mulheres, que n\u00e3o tinham aparecido&#8221;, afirmou.<\/p>\n<p>&#8220;A base do Xinane fica distante cerca de 3 horas de viagem de voadeira (canoa de alum\u00ednio com motor de popa). Foi a primeira vez que eles entraram num barco a motor. Na base tem um chap\u00e9u de palha (cabana) onde permaneceram acampados por quatro dias e meio em tratamento, de 6 a 10 de julho. Isso permitiu quebrar o ciclo que os m\u00e9dicos dizem de dissemina\u00e7\u00e3o do v\u00edrus da gripe. Eles s\u00f3 retornaram ao acampamento deles quando tivemos certeza de que n\u00e3o iriam levar aquela gripe ao restante do grupo&#8221;, disse.<\/p>\n<p>O coordenador tamb\u00e9m afirmou que a Funai solicitou ajuda ao Itamaraty para intermediar a participa\u00e7\u00e3o do governo peruano nas a\u00e7\u00f5es com esses \u00edndios isolados. Al\u00e9m disso, ele pediu uma resposta do governo brasileiro na prote\u00e7\u00e3o da integridade f\u00edsica e cultural da etnia.<\/p>\n<p>&#8220;Poderia ter tido um resultado muito ruim na quest\u00e3o da gripe e da dissemina\u00e7\u00e3o incontrol\u00e1vel de um surto epid\u00eamico, que a gente n\u00e3o tem como atuar. As estruturas que existem precisam ser melhoradas substancialmente se o nosso pa\u00eds n\u00e3o quiser ver uma situa\u00e7\u00e3o lament\u00e1vel que seria uma perda de \u00edndios isolados&#8221;, declarou.<\/p>\n","protected":false},"excerpt":{"rendered":"<p>Uma equipe respons\u00e1vel pelo contato com \u00edndios desconhecidos da fronteira do Acre com o Peru enfrentou a desconfian\u00e7a e o medo para convenc\u00ea-los a tratar, com rem\u00e9dios dos &#8220;brancos&#8221;, uma gripe capaz de exterminar a tribo, que vive em local de dif\u00edcil acesso no oeste da Amaz\u00f4nia. Em entrevista \u00e0 ag\u00eancia Amaz\u00f4nia Real, o coordenador-geral [&hellip;]<\/p>\n","protected":false},"author":2,"featured_media":17565,"comment_status":"open","ping_status":"closed","sticky":false,"template":"","format":"standard","meta":{"_acf_changed":false,"footnotes":""},"categories":[16],"tags":[],"class_list":["post-17564","post","type-post","status-publish","format-standard","has-post-thumbnail","hentry","category-brasil"],"acf":[],"_links":{"self":[{"href":"https:\/\/www.notibras.com\/site\/wp-json\/wp\/v2\/posts\/17564","targetHints":{"allow":["GET"]}}],"collection":[{"href":"https:\/\/www.notibras.com\/site\/wp-json\/wp\/v2\/posts"}],"about":[{"href":"https:\/\/www.notibras.com\/site\/wp-json\/wp\/v2\/types\/post"}],"author":[{"embeddable":true,"href":"https:\/\/www.notibras.com\/site\/wp-json\/wp\/v2\/users\/2"}],"replies":[{"embeddable":true,"href":"https:\/\/www.notibras.com\/site\/wp-json\/wp\/v2\/comments?post=17564"}],"version-history":[{"count":0,"href":"https:\/\/www.notibras.com\/site\/wp-json\/wp\/v2\/posts\/17564\/revisions"}],"wp:featuredmedia":[{"embeddable":true,"href":"https:\/\/www.notibras.com\/site\/wp-json\/wp\/v2\/media\/17565"}],"wp:attachment":[{"href":"https:\/\/www.notibras.com\/site\/wp-json\/wp\/v2\/media?parent=17564"}],"wp:term":[{"taxonomy":"category","embeddable":true,"href":"https:\/\/www.notibras.com\/site\/wp-json\/wp\/v2\/categories?post=17564"},{"taxonomy":"post_tag","embeddable":true,"href":"https:\/\/www.notibras.com\/site\/wp-json\/wp\/v2\/tags?post=17564"}],"curies":[{"name":"wp","href":"https:\/\/api.w.org\/{rel}","templated":true}]}}