{"id":17584,"date":"2014-07-27T17:08:41","date_gmt":"2014-07-27T20:08:41","guid":{"rendered":"http:\/\/www.notibras.com\/site\/?p=17584"},"modified":"2014-07-27T17:08:41","modified_gmt":"2014-07-27T20:08:41","slug":"medica-discute-com-bombeiro-do-samu-e-paciente-morre","status":"publish","type":"post","link":"https:\/\/www.notibras.com\/site\/medica-discute-com-bombeiro-do-samu-e-paciente-morre\/","title":{"rendered":"M\u00e9dica discute com bombeiro do Samu e paciente morre"},"content":{"rendered":"<p>A Pol\u00edcia Civil do Distrito Federal investiga a den\u00fancia de omiss\u00e3o de socorro feita contra uma m\u00e9dica do Hospital Regional de Ceil\u00e2ndia que teria se recusado a atender uma mulher com suspeita de infarto. Ela alegou que havia poucos profissionais na unidade de sa\u00fade.<\/p>\n<p>A paciente, levada por bombeiros militares, tinha 57 anos e morreu no local. A Secretaria de Sa\u00fade disse que vai apurar os fatos paralelamente. A profissional j\u00e1 responde a um processo na corregedoria por ter gritado com pessoas no corredor do hospital, h\u00e1 tr\u00eas meses. Disse na ocasi\u00e3o que estava sozinha e n\u00e3o atenderia mais ningu\u00e9m que chegasse \u00e0 emerg\u00eancia.<\/p>\n<p>Respons\u00e1vel por buscar a paciente em casa, o sargento Alan Lins afirma que a mulher entrou em parada cardiorrespirat\u00f3ria ainda dentro da viatura. Os procedimentos de reanima\u00e7\u00e3o \u2013 massagem card\u00edaca e ventila\u00e7\u00e3o \u2013 come\u00e7aram durante o trajeto. O homem diz que solicitou \u00e0 central para comunicar que transportariam uma v\u00edtima em estado grave at\u00e9 o hospital de Ceil\u00e2ndia, mas que recebeu resposta de que ningu\u00e9m atendia na unidade de sa\u00fade.<\/p>\n<blockquote><p>Segundo Lins, uma equipe do Samu ajudou os bombeiros a transportar a paciente at\u00e9 a sala vermelha e a continuar os socorros. \u201cA\u00ed a m\u00e9dica chegou e me questionou porque levei a mulher para l\u00e1, se eu n\u00e3o sabia das restri\u00e7\u00f5es do hospital. Falei que n\u00e3o sabia, que n\u00e3o t\u00ednhamos conseguido o contato, mas que paciente grave n\u00f3s sempre levamos para a unidade mais pr\u00f3xima, independentemente da situa\u00e7\u00e3o do hospital. Ela disse que n\u00e3o tinha mais m\u00e9dicos.\u201d<\/p><\/blockquote>\n<p>O sargento e a m\u00e9dica teriam come\u00e7ado a bater boca a respeito da comunica\u00e7\u00e3o ou n\u00e3o de uma orienta\u00e7\u00e3o que proibisse o transporte dos pacientes at\u00e9 o local. Lins diz que a mulher ainda teria procurado a chefia da emerg\u00eancia para confirmar se os bombeiros tinham consci\u00eancia da situa\u00e7\u00e3o do hospital. De acordo com a escala de servidores da secretaria, pelo menos mais uma profissional deveria estar prestando atendimento no local no mesmo hor\u00e1rio. N\u00e3o h\u00e1 informa\u00e7\u00f5es se ela estava ou n\u00e3o l\u00e1. A pasta disse que vai encaminhar o caso para o Conselho Regional de Medicina.<\/p>\n<p>Lins afirma que foi expulso \u201caos berros\u201d pela m\u00e9dica da sala vermelha e que cerca de 20 minutos depois soube que a paciente morreu. O homem deu voz de pris\u00e3o \u00e0 profissional e a levou at\u00e9 a 23\u00aa Delegacia de Pol\u00edcia. L\u00e1, todos prestaram depoimento e foram liberados ap\u00f3s o registro da ocorr\u00eancia.<\/p>\n<blockquote><p>\u201cFiquei desapontado [com a postura dela]. Est\u00e1vamos ali para atender uma vida, tanto ela como m\u00e9dica quanto n\u00f3s como bombeiros. Independentemente de ter ou n\u00e3o repasso restri\u00e7\u00e3o, ela se disp\u00f4s a discutir comigo, ent\u00e3o poderia ter atendido a paciente. \u00c9 lament\u00e1vel, estamos na rua para salvar vidas. Poder\u00edamos ter trabalhado juntos, mesmo que se ela n\u00e3o se salvasse, mas a gente tentaria. A vida ficou em segundo plano por causa de uma picuinha. \u00c9 lament\u00e1vel\u201d, declarou o sargento.<\/p><\/blockquote>\n<p>A Pol\u00edcia Civil informou que tem 30 dias para fazer a investiga\u00e7\u00e3o. As testemunhas e familiares da paciente ser\u00e3o ouvidos neste per\u00edodo. Al\u00e9m disso, a corpora\u00e7\u00e3o vai ter acesso ao laudo com as causas da morte. A m\u00e9dica pode responder por omiss\u00e3o de socorro, com o agravante de homic\u00eddio culposo.<\/p>\n","protected":false},"excerpt":{"rendered":"<p>A Pol\u00edcia Civil do Distrito Federal investiga a den\u00fancia de omiss\u00e3o de socorro feita contra uma m\u00e9dica do Hospital Regional de Ceil\u00e2ndia que teria se recusado a atender uma mulher com suspeita de infarto. Ela alegou que havia poucos profissionais na unidade de sa\u00fade. A paciente, levada por bombeiros militares, tinha 57 anos e morreu [&hellip;]<\/p>\n","protected":false},"author":2,"featured_media":17585,"comment_status":"open","ping_status":"closed","sticky":false,"template":"","format":"standard","meta":{"_acf_changed":false,"footnotes":""},"categories":[1],"tags":[],"class_list":["post-17584","post","type-post","status-publish","format-standard","has-post-thumbnail","hentry","category-brasilia"],"acf":[],"_links":{"self":[{"href":"https:\/\/www.notibras.com\/site\/wp-json\/wp\/v2\/posts\/17584","targetHints":{"allow":["GET"]}}],"collection":[{"href":"https:\/\/www.notibras.com\/site\/wp-json\/wp\/v2\/posts"}],"about":[{"href":"https:\/\/www.notibras.com\/site\/wp-json\/wp\/v2\/types\/post"}],"author":[{"embeddable":true,"href":"https:\/\/www.notibras.com\/site\/wp-json\/wp\/v2\/users\/2"}],"replies":[{"embeddable":true,"href":"https:\/\/www.notibras.com\/site\/wp-json\/wp\/v2\/comments?post=17584"}],"version-history":[{"count":0,"href":"https:\/\/www.notibras.com\/site\/wp-json\/wp\/v2\/posts\/17584\/revisions"}],"wp:featuredmedia":[{"embeddable":true,"href":"https:\/\/www.notibras.com\/site\/wp-json\/wp\/v2\/media\/17585"}],"wp:attachment":[{"href":"https:\/\/www.notibras.com\/site\/wp-json\/wp\/v2\/media?parent=17584"}],"wp:term":[{"taxonomy":"category","embeddable":true,"href":"https:\/\/www.notibras.com\/site\/wp-json\/wp\/v2\/categories?post=17584"},{"taxonomy":"post_tag","embeddable":true,"href":"https:\/\/www.notibras.com\/site\/wp-json\/wp\/v2\/tags?post=17584"}],"curies":[{"name":"wp","href":"https:\/\/api.w.org\/{rel}","templated":true}]}}