{"id":17590,"date":"2014-07-27T15:13:13","date_gmt":"2014-07-27T18:13:13","guid":{"rendered":"http:\/\/www.notibras.com\/site\/?p=17590"},"modified":"2014-07-27T17:16:23","modified_gmt":"2014-07-27T20:16:23","slug":"jovem-assassinado-com-tiros-disparados-de-carro-no-arapoanga","status":"publish","type":"post","link":"https:\/\/www.notibras.com\/site\/jovem-assassinado-com-tiros-disparados-de-carro-no-arapoanga\/","title":{"rendered":"Jovem \u00e9 assassinado com tiros disparados de carro no Arapoanga"},"content":{"rendered":"<p>Um rapaz de 23 anos morreu na madrugada deste domingo (27) ap\u00f3s levar um tiro no peito em uma quadra do Arapoanga, em Planaltina.<\/p>\n<blockquote><p>De acordo com a pol\u00edcia, testemunhas viram um carro com tr\u00eas pessoas se aproximando e disparando tr\u00eas vezes na dire\u00e7\u00e3o da v\u00edtima.<\/p><\/blockquote>\n<p>As causas para o crime n\u00e3o foram identificadas. A v\u00edtima foi identificada como Francisco Jos\u00e9 de Freitas.<\/p>\n","protected":false},"excerpt":{"rendered":"<p>Um rapaz de 23 anos morreu na madrugada deste domingo (27) ap\u00f3s levar um tiro no peito em uma quadra do Arapoanga, em Planaltina. De acordo com a pol\u00edcia, testemunhas viram um carro com tr\u00eas pessoas se aproximando e disparando tr\u00eas vezes na dire\u00e7\u00e3o da v\u00edtima. As causas para o crime n\u00e3o foram identificadas. A [&hellip;]<\/p>\n","protected":false},"author":2,"featured_media":17591,"comment_status":"open","ping_status":"closed","sticky":false,"template":"","format":"standard","meta":{"_acf_changed":false,"footnotes":""},"categories":[1],"tags":[],"class_list":["post-17590","post","type-post","status-publish","format-standard","has-post-thumbnail","hentry","category-brasilia"],"acf":[],"_links":{"self":[{"href":"https:\/\/www.notibras.com\/site\/wp-json\/wp\/v2\/posts\/17590","targetHints":{"allow":["GET"]}}],"collection":[{"href":"https:\/\/www.notibras.com\/site\/wp-json\/wp\/v2\/posts"}],"about":[{"href":"https:\/\/www.notibras.com\/site\/wp-json\/wp\/v2\/types\/post"}],"author":[{"embeddable":true,"href":"https:\/\/www.notibras.com\/site\/wp-json\/wp\/v2\/users\/2"}],"replies":[{"embeddable":true,"href":"https:\/\/www.notibras.com\/site\/wp-json\/wp\/v2\/comments?post=17590"}],"version-history":[{"count":0,"href":"https:\/\/www.notibras.com\/site\/wp-json\/wp\/v2\/posts\/17590\/revisions"}],"wp:featuredmedia":[{"embeddable":true,"href":"https:\/\/www.notibras.com\/site\/wp-json\/wp\/v2\/media\/17591"}],"wp:attachment":[{"href":"https:\/\/www.notibras.com\/site\/wp-json\/wp\/v2\/media?parent=17590"}],"wp:term":[{"taxonomy":"category","embeddable":true,"href":"https:\/\/www.notibras.com\/site\/wp-json\/wp\/v2\/categories?post=17590"},{"taxonomy":"post_tag","embeddable":true,"href":"https:\/\/www.notibras.com\/site\/wp-json\/wp\/v2\/tags?post=17590"}],"curies":[{"name":"wp","href":"https:\/\/api.w.org\/{rel}","templated":true}]}}