{"id":17609,"date":"2014-07-27T18:12:50","date_gmt":"2014-07-27T21:12:50","guid":{"rendered":"http:\/\/www.notibras.com\/site\/?p=17609"},"modified":"2014-07-28T08:58:08","modified_gmt":"2014-07-28T11:58:08","slug":"corinthians-guerreiro-faz-2-a-0-no-palmeiras-em-classico-na-arena","status":"publish","type":"post","link":"https:\/\/www.notibras.com\/site\/corinthians-guerreiro-faz-2-a-0-no-palmeiras-em-classico-na-arena\/","title":{"rendered":"Corinthians, guerreiro, faz 2 a 0 no Palmeiras na Arena Itaquer\u00e3o"},"content":{"rendered":"<p class=\"text\">O Corinthians n\u00e3o vinha colhendo bons resultados em cl\u00e1ssicos este ano. Ap\u00f3s quatro jogos, a equipe alvinegra n\u00e3o havia vencido nenhuma partida. E come\u00e7ou com o p\u00e9 direito\u00a0sua hist\u00f3ria de cl\u00e1ssicos em sua nova casa. Neste domingo, a\u00a0equipe comandada por Mano Menezes dominou o Palmeiras na Arena em Itaquera, fez 2\u00a0a 0 e conquistou mais tr\u00eas importantes pontos na persegui\u00e7\u00e3o ao l\u00edder do Campeonato Brasileiro. Com duas assist\u00eancias, Elias foi um dos destaques dos donos da casa.<\/p>\n<p class=\"text\">Aos 22min, Guerrero, que era d\u00favida antes da partida, recebeu uma bola pela esquerda da \u00e1rea e, durante a arrancada, sentiu um desconforto na coxa, que o fez desistir do lance. O peruano, por\u00e9m, continuou na partida, superou as dores e foi decisivo para a vit\u00f3ria alvinegra. O atacante recebeu boa bola de Elias no come\u00e7o da etapa final e fez o primeiro. O \u00faltimo gol saiu apenas aos 46min do segundo tempo. O volante desta vez serviu Petros, que bateu forte e contou com a sorte para a bola entrar.<\/p>\n<p class=\"text\">Apesar de muitas faltas apitadas pelo \u00e1rbitro Sandro Meira Ricci, o cl\u00e1ssico n\u00e3o teve lances violentos e apenas tr\u00eas cart\u00f5es amarelos foram distribu\u00eddos. A \u00fanica vez em que os \u00e2nimos ficaram acirrados foi ap\u00f3s Guerrero se desentender com Wendel j\u00e1 no segundo tempo. Ap\u00f3s um empurra-empurra, os jogadores foram apartados pela arbitragem.<\/p>\n<blockquote>\n<p class=\"text\">Com o resultado, o Corinthians volta ao segundo lugar da competi\u00e7\u00e3o com 23 pontos, cinco atr\u00e1s do l\u00edder Cruzeiro<a href=\"http:\/\/esportes.terra.com.br\/futebol\/brasileiro-serie-a\/cruzeiro-embala-no-segundo-tempo-e-arrasa-figueirense-em-mg,13e6b9be3d477410VgnVCM4000009bcceb0aRCRD.html\" target=\"_blank\">.<\/a> J\u00e1 o Palmeiras chega ao seu sexto jogo seguido sem vit\u00f3ria, sendo cinco derrotas e um empate, e aparece apenas na 12\u00aa posi\u00e7\u00e3o, com 13 pontos.<\/p>\n<\/blockquote>\n<p class=\"text\">Na pr\u00f3xima rodada, o Corinthians visita o Coritiba no Couro Pereira, enquanto o Palmeiras recebe o Bahia, no Pacaembu.<\/p>\n<p class=\"text\">O primeiro tempo come\u00e7ou com uma marca\u00e7\u00e3o forte das duas equipes. O Corinthians tinha mais posse de bola, trocava passes no campo de ataque, mas n\u00e3o conseguia transform\u00e1-la em oportunidades reais de gol. Os lances mais perigosos foram em bolas al\u00e7adas na \u00e1rea, mas bem anuladas pela zaga palmeirense.<\/p>\n<p class=\"text\">O Palmeiras marcava bem e n\u00e3o dava espa\u00e7o,\u00a0mas quando retomava a bola, errava muitos passes e n\u00e3o conseguia fazer a jogada evoluir. Felipe Menezes e Mendieta quase n\u00e3o pegaram na bola e a equipe comandada por Ricardo Gareca for\u00e7ava muito a liga\u00e7\u00e3o direta\u00a0de Wesley para os atacantes Henrique e Mouche.<\/p>\n<p class=\"text\">O Corinthians conseguiu pressionar no fim\u00a0do primeiro tempo e assustou\u00a0em tr\u00eas oportunidades. Aos 41min, Petros fez boa jogada na entrada da \u00e1rea e rolou para Ralf, que pegou de chapa e mandou nas m\u00e3os do goleiro. Um minuto depois, Guerrero pegou sobra da zaga, finalizou cruzado e F\u00e1bio espalmou para escanteio. Na cobran\u00e7a, Gil subiu mais que todo mundo e a bola passou rente a trave direita.<\/p>\n<p class=\"text\">O segundo tempo come\u00e7ou do mesmo jeito que\u00a0o primeiro terminou: com press\u00e3o corintiana. Com menos de um minuto, Petros arriscou de fora da \u00e1rea e F\u00e1bio fez boa defesa. O volume de jogo foi recompensado aos 5min. Elias, elemento surpresa, apareceu na entrada da \u00e1rea, enfiou boa bola para Guerrero, que dominou e bateu no canto esquerdo, sem chances para Fabio.<\/p>\n<p class=\"text\">Assim que sofreu o gol, Gareca tentou mudar a equipe. Sacou Mendieta e apostou na entrada de\u00a0Leandro, mudando o esquema t\u00e1tico de 4-4-2 para 4-3-3. A altera\u00e7\u00e3o n\u00e3o surtiu muito efeito e o Palmeiras continuou como na etapa inicial: com muita dificuldade para sair jogando e sem conseguir criar lances ofensivos.<\/p>\n<p class=\"text\">Com o placar favor\u00e1vel, o Corinthians diminuiu o ritmo, mas, mesmo assim, ainda levava mais perigo do que o rival alviverde. Aos 28min, Elias chutou forte de fora da \u00e1rea e obrigou o goleiro Fabio a fazer boa defesa, mandando para linha de fundo. O Palmeiras ainda pressinou no final da partida, mas, j\u00e1 nos acr\u00e9scimos, Petros recebeu de Elias e chutou forte para o gol. A bola bateu na trave, nas costas do goleiro Fabio e acabou dentro da meta, dando n\u00fameros finais ao cl\u00e1ssico.<\/p>\n","protected":false},"excerpt":{"rendered":"<p>O Corinthians n\u00e3o vinha colhendo bons resultados em cl\u00e1ssicos este ano. Ap\u00f3s quatro jogos, a equipe alvinegra n\u00e3o havia vencido nenhuma partida. E come\u00e7ou com o p\u00e9 direito\u00a0sua hist\u00f3ria de cl\u00e1ssicos em sua nova casa. Neste domingo, a\u00a0equipe comandada por Mano Menezes dominou o Palmeiras na Arena em Itaquera, fez 2\u00a0a 0 e conquistou mais [&hellip;]<\/p>\n","protected":false},"author":2,"featured_media":17610,"comment_status":"open","ping_status":"closed","sticky":false,"template":"","format":"standard","meta":{"_acf_changed":false,"footnotes":""},"categories":[19,29],"tags":[],"class_list":["post-17609","post","type-post","status-publish","format-standard","has-post-thumbnail","hentry","category-esportes","category-futebol"],"acf":[],"yoast_head":"<!-- This site is optimized with the Yoast SEO plugin v27.2 - https:\/\/yoast.com\/product\/yoast-seo-wordpress\/ -->\n<title>Corinthians, guerreiro, faz 2 a 0 no Palmeiras na Arena Itaquer\u00e3o - Notibras<\/title>\n<meta name=\"robots\" content=\"index, follow, max-snippet:-1, max-image-preview:large, max-video-preview:-1\" \/>\n<link rel=\"canonical\" href=\"https:\/\/www.notibras.com\/site\/corinthians-guerreiro-faz-2-a-0-no-palmeiras-em-classico-na-arena\/\" \/>\n<meta property=\"og:locale\" content=\"pt_BR\" \/>\n<meta property=\"og:type\" content=\"article\" \/>\n<meta property=\"og:title\" content=\"Corinthians, guerreiro, faz 2 a 0 no Palmeiras na Arena Itaquer\u00e3o - Notibras\" \/>\n<meta property=\"og:description\" content=\"O Corinthians n\u00e3o vinha colhendo bons resultados em cl\u00e1ssicos este ano. Ap\u00f3s quatro jogos, a equipe alvinegra n\u00e3o havia vencido nenhuma partida. E come\u00e7ou com o p\u00e9 direito\u00a0sua hist\u00f3ria de cl\u00e1ssicos em sua nova casa. Neste domingo, a\u00a0equipe comandada por Mano Menezes dominou o Palmeiras na Arena em Itaquera, fez 2\u00a0a 0 e conquistou mais [&hellip;]\" \/>\n<meta property=\"og:url\" content=\"https:\/\/www.notibras.com\/site\/corinthians-guerreiro-faz-2-a-0-no-palmeiras-em-classico-na-arena\/\" \/>\n<meta property=\"og:site_name\" content=\"Notibras\" \/>\n<meta property=\"article:publisher\" content=\"https:\/\/www.facebook.com\/notibras\/\" \/>\n<meta property=\"article:published_time\" content=\"2014-07-27T21:12:50+00:00\" \/>\n<meta property=\"article:modified_time\" content=\"2014-07-28T11:58:08+00:00\" \/>\n<meta property=\"og:image\" content=\"https:\/\/www.notibras.com\/site\/wp-content\/uploads\/2014\/07\/golguerrerocorinthiansxpalmeirasalanmorici.jpg\" \/>\n\t<meta property=\"og:image:width\" content=\"725\" \/>\n\t<meta property=\"og:image:height\" content=\"500\" \/>\n\t<meta property=\"og:image:type\" content=\"image\/jpeg\" \/>\n<meta name=\"author\" content=\"Reda\u00e7\u00e3o\" \/>\n<meta name=\"twitter:card\" content=\"summary_large_image\" \/>\n<meta name=\"twitter:creator\" content=\"@Notibras\" \/>\n<meta name=\"twitter:site\" content=\"@Notibras\" \/>\n<meta name=\"twitter:label1\" content=\"Escrito por\" \/>\n\t<meta name=\"twitter:data1\" content=\"Reda\u00e7\u00e3o\" \/>\n\t<meta name=\"twitter:label2\" content=\"Est. tempo de leitura\" \/>\n\t<meta name=\"twitter:data2\" content=\"4 minutos\" \/>\n<script type=\"application\/ld+json\" class=\"yoast-schema-graph\">{\"@context\":\"https:\/\/schema.org\",\"@graph\":[{\"@type\":\"Article\",\"@id\":\"https:\/\/www.notibras.com\/site\/corinthians-guerreiro-faz-2-a-0-no-palmeiras-em-classico-na-arena\/#article\",\"isPartOf\":{\"@id\":\"https:\/\/www.notibras.com\/site\/corinthians-guerreiro-faz-2-a-0-no-palmeiras-em-classico-na-arena\/\"},\"author\":{\"name\":\"Reda\u00e7\u00e3o\",\"@id\":\"https:\/\/www.notibras.com\/site\/#\/schema\/person\/36ab0979449956132d3e5b517ea76ac8\"},\"headline\":\"Corinthians, guerreiro, faz 2 a 0 no Palmeiras na Arena Itaquer\u00e3o\",\"datePublished\":\"2014-07-27T21:12:50+00:00\",\"dateModified\":\"2014-07-28T11:58:08+00:00\",\"mainEntityOfPage\":{\"@id\":\"https:\/\/www.notibras.com\/site\/corinthians-guerreiro-faz-2-a-0-no-palmeiras-em-classico-na-arena\/\"},\"wordCount\":717,\"commentCount\":0,\"publisher\":{\"@id\":\"https:\/\/www.notibras.com\/site\/#organization\"},\"image\":{\"@id\":\"https:\/\/www.notibras.com\/site\/corinthians-guerreiro-faz-2-a-0-no-palmeiras-em-classico-na-arena\/#primaryimage\"},\"thumbnailUrl\":\"https:\/\/www.notibras.com\/site\/wp-content\/uploads\/2014\/07\/golguerrerocorinthiansxpalmeirasalanmorici.jpg\",\"articleSection\":[\"Esportes\",\"Futebol\"],\"inLanguage\":\"pt-BR\",\"potentialAction\":[{\"@type\":\"CommentAction\",\"name\":\"Comment\",\"target\":[\"https:\/\/www.notibras.com\/site\/corinthians-guerreiro-faz-2-a-0-no-palmeiras-em-classico-na-arena\/#respond\"]}]},{\"@type\":\"WebPage\",\"@id\":\"https:\/\/www.notibras.com\/site\/corinthians-guerreiro-faz-2-a-0-no-palmeiras-em-classico-na-arena\/\",\"url\":\"https:\/\/www.notibras.com\/site\/corinthians-guerreiro-faz-2-a-0-no-palmeiras-em-classico-na-arena\/\",\"name\":\"Corinthians, guerreiro, faz 2 a 0 no Palmeiras na Arena Itaquer\u00e3o - Notibras\",\"isPartOf\":{\"@id\":\"https:\/\/www.notibras.com\/site\/#website\"},\"primaryImageOfPage\":{\"@id\":\"https:\/\/www.notibras.com\/site\/corinthians-guerreiro-faz-2-a-0-no-palmeiras-em-classico-na-arena\/#primaryimage\"},\"image\":{\"@id\":\"https:\/\/www.notibras.com\/site\/corinthians-guerreiro-faz-2-a-0-no-palmeiras-em-classico-na-arena\/#primaryimage\"},\"thumbnailUrl\":\"https:\/\/www.notibras.com\/site\/wp-content\/uploads\/2014\/07\/golguerrerocorinthiansxpalmeirasalanmorici.jpg\",\"datePublished\":\"2014-07-27T21:12:50+00:00\",\"dateModified\":\"2014-07-28T11:58:08+00:00\",\"breadcrumb\":{\"@id\":\"https:\/\/www.notibras.com\/site\/corinthians-guerreiro-faz-2-a-0-no-palmeiras-em-classico-na-arena\/#breadcrumb\"},\"inLanguage\":\"pt-BR\",\"potentialAction\":[{\"@type\":\"ReadAction\",\"target\":[\"https:\/\/www.notibras.com\/site\/corinthians-guerreiro-faz-2-a-0-no-palmeiras-em-classico-na-arena\/\"]}]},{\"@type\":\"ImageObject\",\"inLanguage\":\"pt-BR\",\"@id\":\"https:\/\/www.notibras.com\/site\/corinthians-guerreiro-faz-2-a-0-no-palmeiras-em-classico-na-arena\/#primaryimage\",\"url\":\"https:\/\/www.notibras.com\/site\/wp-content\/uploads\/2014\/07\/golguerrerocorinthiansxpalmeirasalanmorici.jpg\",\"contentUrl\":\"https:\/\/www.notibras.com\/site\/wp-content\/uploads\/2014\/07\/golguerrerocorinthiansxpalmeirasalanmorici.jpg\",\"width\":725,\"height\":500},{\"@type\":\"BreadcrumbList\",\"@id\":\"https:\/\/www.notibras.com\/site\/corinthians-guerreiro-faz-2-a-0-no-palmeiras-em-classico-na-arena\/#breadcrumb\",\"itemListElement\":[{\"@type\":\"ListItem\",\"position\":1,\"name\":\"In\u00edcio\",\"item\":\"https:\/\/www.notibras.com\/site\/\"},{\"@type\":\"ListItem\",\"position\":2,\"name\":\"Corinthians, guerreiro, faz 2 a 0 no Palmeiras na Arena Itaquer\u00e3o\"}]},{\"@type\":\"WebSite\",\"@id\":\"https:\/\/www.notibras.com\/site\/#website\",\"url\":\"https:\/\/www.notibras.com\/site\/\",\"name\":\"Notibras\",\"description\":\"Not\u00edcias de Bras\u00edlia, do Brasil e do Mundo\",\"publisher\":{\"@id\":\"https:\/\/www.notibras.com\/site\/#organization\"},\"potentialAction\":[{\"@type\":\"SearchAction\",\"target\":{\"@type\":\"EntryPoint\",\"urlTemplate\":\"https:\/\/www.notibras.com\/site\/?s={search_term_string}\"},\"query-input\":{\"@type\":\"PropertyValueSpecification\",\"valueRequired\":true,\"valueName\":\"search_term_string\"}}],\"inLanguage\":\"pt-BR\"},{\"@type\":\"Organization\",\"@id\":\"https:\/\/www.notibras.com\/site\/#organization\",\"name\":\"Grupo Notibras de Comunica\u00e7\u00e3o\",\"url\":\"https:\/\/www.notibras.com\/site\/\",\"logo\":{\"@type\":\"ImageObject\",\"inLanguage\":\"pt-BR\",\"@id\":\"https:\/\/www.notibras.com\/site\/#\/schema\/logo\/image\/\",\"url\":\"https:\/\/www.notibras.com\/site\/wp-content\/uploads\/2023\/01\/notibras23.png\",\"contentUrl\":\"https:\/\/www.notibras.com\/site\/wp-content\/uploads\/2023\/01\/notibras23.png\",\"width\":350,\"height\":87,\"caption\":\"Grupo Notibras de Comunica\u00e7\u00e3o\"},\"image\":{\"@id\":\"https:\/\/www.notibras.com\/site\/#\/schema\/logo\/image\/\"},\"sameAs\":[\"https:\/\/www.facebook.com\/notibras\/\",\"https:\/\/x.com\/Notibras\",\"https:\/\/www.instagram.com\/notibras\/\"]},{\"@type\":\"Person\",\"@id\":\"https:\/\/www.notibras.com\/site\/#\/schema\/person\/36ab0979449956132d3e5b517ea76ac8\",\"name\":\"Reda\u00e7\u00e3o\",\"image\":{\"@type\":\"ImageObject\",\"inLanguage\":\"pt-BR\",\"@id\":\"https:\/\/secure.gravatar.com\/avatar\/e0a867bdedb85fd243eadf09663511f96fc81e0720a4a42581f334ad4303aa6b?s=96&d=mm&r=g\",\"url\":\"https:\/\/secure.gravatar.com\/avatar\/e0a867bdedb85fd243eadf09663511f96fc81e0720a4a42581f334ad4303aa6b?s=96&d=mm&r=g\",\"contentUrl\":\"https:\/\/secure.gravatar.com\/avatar\/e0a867bdedb85fd243eadf09663511f96fc81e0720a4a42581f334ad4303aa6b?s=96&d=mm&r=g\",\"caption\":\"Reda\u00e7\u00e3o\"}}]}<\/script>\n<!-- \/ Yoast SEO plugin. -->","yoast_head_json":{"title":"Corinthians, guerreiro, faz 2 a 0 no Palmeiras na Arena Itaquer\u00e3o - Notibras","robots":{"index":"index","follow":"follow","max-snippet":"max-snippet:-1","max-image-preview":"max-image-preview:large","max-video-preview":"max-video-preview:-1"},"canonical":"https:\/\/www.notibras.com\/site\/corinthians-guerreiro-faz-2-a-0-no-palmeiras-em-classico-na-arena\/","og_locale":"pt_BR","og_type":"article","og_title":"Corinthians, guerreiro, faz 2 a 0 no Palmeiras na Arena Itaquer\u00e3o - Notibras","og_description":"O Corinthians n\u00e3o vinha colhendo bons resultados em cl\u00e1ssicos este ano. Ap\u00f3s quatro jogos, a equipe alvinegra n\u00e3o havia vencido nenhuma partida. E come\u00e7ou com o p\u00e9 direito\u00a0sua hist\u00f3ria de cl\u00e1ssicos em sua nova casa. Neste domingo, a\u00a0equipe comandada por Mano Menezes dominou o Palmeiras na Arena em Itaquera, fez 2\u00a0a 0 e conquistou mais [&hellip;]","og_url":"https:\/\/www.notibras.com\/site\/corinthians-guerreiro-faz-2-a-0-no-palmeiras-em-classico-na-arena\/","og_site_name":"Notibras","article_publisher":"https:\/\/www.facebook.com\/notibras\/","article_published_time":"2014-07-27T21:12:50+00:00","article_modified_time":"2014-07-28T11:58:08+00:00","og_image":[{"width":725,"height":500,"url":"https:\/\/www.notibras.com\/site\/wp-content\/uploads\/2014\/07\/golguerrerocorinthiansxpalmeirasalanmorici.jpg","type":"image\/jpeg"}],"author":"Reda\u00e7\u00e3o","twitter_card":"summary_large_image","twitter_creator":"@Notibras","twitter_site":"@Notibras","twitter_misc":{"Escrito por":"Reda\u00e7\u00e3o","Est. tempo de leitura":"4 minutos"},"schema":{"@context":"https:\/\/schema.org","@graph":[{"@type":"Article","@id":"https:\/\/www.notibras.com\/site\/corinthians-guerreiro-faz-2-a-0-no-palmeiras-em-classico-na-arena\/#article","isPartOf":{"@id":"https:\/\/www.notibras.com\/site\/corinthians-guerreiro-faz-2-a-0-no-palmeiras-em-classico-na-arena\/"},"author":{"name":"Reda\u00e7\u00e3o","@id":"https:\/\/www.notibras.com\/site\/#\/schema\/person\/36ab0979449956132d3e5b517ea76ac8"},"headline":"Corinthians, guerreiro, faz 2 a 0 no Palmeiras na Arena Itaquer\u00e3o","datePublished":"2014-07-27T21:12:50+00:00","dateModified":"2014-07-28T11:58:08+00:00","mainEntityOfPage":{"@id":"https:\/\/www.notibras.com\/site\/corinthians-guerreiro-faz-2-a-0-no-palmeiras-em-classico-na-arena\/"},"wordCount":717,"commentCount":0,"publisher":{"@id":"https:\/\/www.notibras.com\/site\/#organization"},"image":{"@id":"https:\/\/www.notibras.com\/site\/corinthians-guerreiro-faz-2-a-0-no-palmeiras-em-classico-na-arena\/#primaryimage"},"thumbnailUrl":"https:\/\/www.notibras.com\/site\/wp-content\/uploads\/2014\/07\/golguerrerocorinthiansxpalmeirasalanmorici.jpg","articleSection":["Esportes","Futebol"],"inLanguage":"pt-BR","potentialAction":[{"@type":"CommentAction","name":"Comment","target":["https:\/\/www.notibras.com\/site\/corinthians-guerreiro-faz-2-a-0-no-palmeiras-em-classico-na-arena\/#respond"]}]},{"@type":"WebPage","@id":"https:\/\/www.notibras.com\/site\/corinthians-guerreiro-faz-2-a-0-no-palmeiras-em-classico-na-arena\/","url":"https:\/\/www.notibras.com\/site\/corinthians-guerreiro-faz-2-a-0-no-palmeiras-em-classico-na-arena\/","name":"Corinthians, guerreiro, faz 2 a 0 no Palmeiras na Arena Itaquer\u00e3o - Notibras","isPartOf":{"@id":"https:\/\/www.notibras.com\/site\/#website"},"primaryImageOfPage":{"@id":"https:\/\/www.notibras.com\/site\/corinthians-guerreiro-faz-2-a-0-no-palmeiras-em-classico-na-arena\/#primaryimage"},"image":{"@id":"https:\/\/www.notibras.com\/site\/corinthians-guerreiro-faz-2-a-0-no-palmeiras-em-classico-na-arena\/#primaryimage"},"thumbnailUrl":"https:\/\/www.notibras.com\/site\/wp-content\/uploads\/2014\/07\/golguerrerocorinthiansxpalmeirasalanmorici.jpg","datePublished":"2014-07-27T21:12:50+00:00","dateModified":"2014-07-28T11:58:08+00:00","breadcrumb":{"@id":"https:\/\/www.notibras.com\/site\/corinthians-guerreiro-faz-2-a-0-no-palmeiras-em-classico-na-arena\/#breadcrumb"},"inLanguage":"pt-BR","potentialAction":[{"@type":"ReadAction","target":["https:\/\/www.notibras.com\/site\/corinthians-guerreiro-faz-2-a-0-no-palmeiras-em-classico-na-arena\/"]}]},{"@type":"ImageObject","inLanguage":"pt-BR","@id":"https:\/\/www.notibras.com\/site\/corinthians-guerreiro-faz-2-a-0-no-palmeiras-em-classico-na-arena\/#primaryimage","url":"https:\/\/www.notibras.com\/site\/wp-content\/uploads\/2014\/07\/golguerrerocorinthiansxpalmeirasalanmorici.jpg","contentUrl":"https:\/\/www.notibras.com\/site\/wp-content\/uploads\/2014\/07\/golguerrerocorinthiansxpalmeirasalanmorici.jpg","width":725,"height":500},{"@type":"BreadcrumbList","@id":"https:\/\/www.notibras.com\/site\/corinthians-guerreiro-faz-2-a-0-no-palmeiras-em-classico-na-arena\/#breadcrumb","itemListElement":[{"@type":"ListItem","position":1,"name":"In\u00edcio","item":"https:\/\/www.notibras.com\/site\/"},{"@type":"ListItem","position":2,"name":"Corinthians, guerreiro, faz 2 a 0 no Palmeiras na Arena Itaquer\u00e3o"}]},{"@type":"WebSite","@id":"https:\/\/www.notibras.com\/site\/#website","url":"https:\/\/www.notibras.com\/site\/","name":"Notibras","description":"Not\u00edcias de Bras\u00edlia, do Brasil e do Mundo","publisher":{"@id":"https:\/\/www.notibras.com\/site\/#organization"},"potentialAction":[{"@type":"SearchAction","target":{"@type":"EntryPoint","urlTemplate":"https:\/\/www.notibras.com\/site\/?s={search_term_string}"},"query-input":{"@type":"PropertyValueSpecification","valueRequired":true,"valueName":"search_term_string"}}],"inLanguage":"pt-BR"},{"@type":"Organization","@id":"https:\/\/www.notibras.com\/site\/#organization","name":"Grupo Notibras de Comunica\u00e7\u00e3o","url":"https:\/\/www.notibras.com\/site\/","logo":{"@type":"ImageObject","inLanguage":"pt-BR","@id":"https:\/\/www.notibras.com\/site\/#\/schema\/logo\/image\/","url":"https:\/\/www.notibras.com\/site\/wp-content\/uploads\/2023\/01\/notibras23.png","contentUrl":"https:\/\/www.notibras.com\/site\/wp-content\/uploads\/2023\/01\/notibras23.png","width":350,"height":87,"caption":"Grupo Notibras de Comunica\u00e7\u00e3o"},"image":{"@id":"https:\/\/www.notibras.com\/site\/#\/schema\/logo\/image\/"},"sameAs":["https:\/\/www.facebook.com\/notibras\/","https:\/\/x.com\/Notibras","https:\/\/www.instagram.com\/notibras\/"]},{"@type":"Person","@id":"https:\/\/www.notibras.com\/site\/#\/schema\/person\/36ab0979449956132d3e5b517ea76ac8","name":"Reda\u00e7\u00e3o","image":{"@type":"ImageObject","inLanguage":"pt-BR","@id":"https:\/\/secure.gravatar.com\/avatar\/e0a867bdedb85fd243eadf09663511f96fc81e0720a4a42581f334ad4303aa6b?s=96&d=mm&r=g","url":"https:\/\/secure.gravatar.com\/avatar\/e0a867bdedb85fd243eadf09663511f96fc81e0720a4a42581f334ad4303aa6b?s=96&d=mm&r=g","contentUrl":"https:\/\/secure.gravatar.com\/avatar\/e0a867bdedb85fd243eadf09663511f96fc81e0720a4a42581f334ad4303aa6b?s=96&d=mm&r=g","caption":"Reda\u00e7\u00e3o"}}]}},"amp_enabled":true,"_links":{"self":[{"href":"https:\/\/www.notibras.com\/site\/wp-json\/wp\/v2\/posts\/17609","targetHints":{"allow":["GET"]}}],"collection":[{"href":"https:\/\/www.notibras.com\/site\/wp-json\/wp\/v2\/posts"}],"about":[{"href":"https:\/\/www.notibras.com\/site\/wp-json\/wp\/v2\/types\/post"}],"author":[{"embeddable":true,"href":"https:\/\/www.notibras.com\/site\/wp-json\/wp\/v2\/users\/2"}],"replies":[{"embeddable":true,"href":"https:\/\/www.notibras.com\/site\/wp-json\/wp\/v2\/comments?post=17609"}],"version-history":[{"count":0,"href":"https:\/\/www.notibras.com\/site\/wp-json\/wp\/v2\/posts\/17609\/revisions"}],"wp:featuredmedia":[{"embeddable":true,"href":"https:\/\/www.notibras.com\/site\/wp-json\/wp\/v2\/media\/17610"}],"wp:attachment":[{"href":"https:\/\/www.notibras.com\/site\/wp-json\/wp\/v2\/media?parent=17609"}],"wp:term":[{"taxonomy":"category","embeddable":true,"href":"https:\/\/www.notibras.com\/site\/wp-json\/wp\/v2\/categories?post=17609"},{"taxonomy":"post_tag","embeddable":true,"href":"https:\/\/www.notibras.com\/site\/wp-json\/wp\/v2\/tags?post=17609"}],"curies":[{"name":"wp","href":"https:\/\/api.w.org\/{rel}","templated":true}]}}