{"id":17614,"date":"2014-07-27T18:26:47","date_gmt":"2014-07-27T21:26:47","guid":{"rendered":"http:\/\/www.notibras.com\/site\/?p=17614"},"modified":"2014-07-27T18:26:47","modified_gmt":"2014-07-27T21:26:47","slug":"kaka-volta-marca-o-dele-mas-sao-paulo-perde-para-o-goias","status":"publish","type":"post","link":"https:\/\/www.notibras.com\/site\/kaka-volta-marca-o-dele-mas-sao-paulo-perde-para-o-goias\/","title":{"rendered":"Kak\u00e1 volta, marca o dele mas S\u00e3o Paulo perde para o Goi\u00e1s"},"content":{"rendered":"<p>Desde o dia 9 de agosto de 2003, Kak\u00e1 n\u00e3o vestia a camisa do S\u00e3o Paulo para exercer a sua profiss\u00e3o. Neste 27 de julho de 2014, o atleta que deixou o Morumbi como uma promessa, mas aos gritos de \u201cpipoqueiro\u201d, voltou ao time que o revelou para liderar uma poss\u00edvel caminhada ao t\u00edtulo brasileiro. O primeiro passo, por\u00e9m, foi frustrado. Em sua reestreia com\u00a0a camisa tricolor, o camisa 8 balan\u00e7ou as redes, mas o\u00a0Goi\u00e1s usou do jogo \u00e1ereo para vencer o S\u00e3o Paulo por 2 a 1 em jogo v\u00e1lido pela\u00a012<strong>\u00aa<\/strong> rodada do Campeonato Brasileiro.<\/p>\n<p class=\"text\">Kak\u00e1 foi titular e disputou todos os minutos da partida. Muito participativo, mostrou-se entrosado com seus novos companheiros de equipe e fez praticamente de tudo, principalmente no primeiro tempo. Cobrou faltas, escanteios, arriscou chutes de fora da \u00e1rea e at\u00e9 caneta aplicou no meio de campo. No segundo tempo, fez\u00a0gol digno de um t\u00edpico centroavante, mas a\u00a0defesa de sua equipe j\u00e1 havia falhado duas vezes pelo alto, permitindo a Amaral e Bruno Mineiro anotarem os primeiros tentos da partida.<\/p>\n<p class=\"text\">O triunfo por 2 a 1 faz com que\u00a0o time goiano suba\u00a0aos 20 pontos, ultrapasse o rival deste domingo e alcance a s\u00e9tima posi\u00e7\u00e3o da competi\u00e7\u00e3o nacional. Por sua vez, o S\u00e3o Paulo estaciona nos 19 tentos e, se\u00a0tinha chances de encerrar a rodada na vice-lideran\u00e7a,\u00a0cai para o oitavo posto. J\u00e1 s\u00e3o nove pontos de desvantagem para o primeiro colocado, Cruzeiro.<\/p>\n<p class=\"text\">Sem poder contar com os machucados Antonio Carlos e Den\u00edlson, Muricy Ramalho mandou a campo um S\u00e3o Paulo com Luc\u00e3o na zaga \u2013 formando dupla com o reestreante Rafael Toloi \u2013 e Rodrigo Caio como volante. Do meio para frente, Adem\u00edlson foi acompanhado por astros: Kak\u00e1, Ganso e Alan Kardec formaram um setor ofensivo digno de fazer inveja a qualquer clube do Brasil.<\/p>\n<p class=\"text\">Em seu primeiro toque na bola, aos 2min, Kak\u00e1 tentou lan\u00e7ar Alan Kardec da meia esquerda, mas errou na for\u00e7a e mandou direto para a linha de fundo. Na sequ\u00eancia, j\u00e1 pelo lado direito, o oposto: arriscou um chute de fora da \u00e1rea, mas pegou fraco demais, e Renan n\u00e3o teve dificuldades para encaixar no meio do gol.<\/p>\n<p class=\"text\">O S\u00e3o Paulo detinha o controle do jogo, mas pouco assustava. Apenas Kak\u00e1 tentava alguma coisa. Assim, aos 43min, o time paulista foi castigado. Ap\u00f3s cobran\u00e7a de falta de David na meia direita, Amaral subiu sozinho dentro da \u00e1rea e cabeceou para o fundo das redes de Rog\u00e9rio Ceni, que, est\u00e1tico, pouco p\u00f4de fazer. Era o primeiro gol do Goi\u00e1s nos \u00faltimos quatro jogos v\u00e1lidos pelo Campeonato Brasileiro.<\/p>\n<p class=\"text\">Na volta para o segundo tempo, Muricy Ramalho colocou Alexandre Pato no lugar de Adem\u00edlson, mas o S\u00e3o Paulo n\u00e3o teve nem tempo para reagir. Aos 3min, ap\u00f3s cobran\u00e7a de escanteio pelo lado direito, Rodrigo Caio tirou de cabe\u00e7a para o alto, nem a defesa e nem Rog\u00e9rio Ceni se mexeram, e Amaral subiu para encontrar Bruno Mineiro livre na pequena \u00e1rea. Sem marca\u00e7\u00e3o, o atacante s\u00f3 cutucou de cabe\u00e7a e fez 2 a 0.<\/p>\n<blockquote>\n<p class=\"text\">Com desvantagem\u00a0no placar, o S\u00e3o Paulo partiu para cima. Aos 9min, Ganso enfiou para Kardec, que bateu cruzado, mas Renan fez linda defesa. No rebote, Pato chutou mal e mandou para fora. Depois, o camisa 10 cobrou falta com categoria, mas a bola foi por cima da meta. Assim, restou a Kak\u00e1 balan\u00e7ar as redes. Aos 31min, Pato tocou para o meio da \u00e1rea, e o camisa 8 aproveitou a desaten\u00e7\u00e3o e falha da zaga do Goi\u00e1s para apenas tocar no canto esquerdo de Renan e correr para o abra\u00e7o. N\u00e3o foi suficiente, por\u00e9m, para fazer o S\u00e3o Paulo somar pontos em seu retorno ao clube de inf\u00e2ncia.<\/p>\n<\/blockquote>\n<p class=\"text\">As duas equipes voltam a campo pelo Campeonato Brasileiro no pr\u00f3ximo final de semana. S\u00e1bado, \u00e0s 18h30 (de Bras\u00edlia), o S\u00e3o Paulo recebe o Crici\u00fama, no Morumbi. J\u00e1 no domingo, tamb\u00e9m \u00e0s 18h30, o Goi\u00e1s vai ao Maracan\u00e3 enfrentar o Fluminense. Antes disto, entretanto, o time tricolor entrar\u00e1 em campo pela terceira fase da Copa do Brasil, diante do Bragantino, quarta-feira, \u00e0s 22h.<\/p>\n","protected":false},"excerpt":{"rendered":"<p>Desde o dia 9 de agosto de 2003, Kak\u00e1 n\u00e3o vestia a camisa do S\u00e3o Paulo para exercer a sua profiss\u00e3o. Neste 27 de julho de 2014, o atleta que deixou o Morumbi como uma promessa, mas aos gritos de \u201cpipoqueiro\u201d, voltou ao time que o revelou para liderar uma poss\u00edvel caminhada ao t\u00edtulo brasileiro. [&hellip;]<\/p>\n","protected":false},"author":2,"featured_media":17615,"comment_status":"open","ping_status":"closed","sticky":false,"template":"","format":"standard","meta":{"_acf_changed":false,"footnotes":""},"categories":[19,29],"tags":[],"class_list":["post-17614","post","type-post","status-publish","format-standard","has-post-thumbnail","hentry","category-esportes","category-futebol"],"acf":[],"yoast_head":"<!-- This site is optimized with the Yoast SEO plugin v27.2 - https:\/\/yoast.com\/product\/yoast-seo-wordpress\/ -->\n<title>Kak\u00e1 volta, marca o dele mas S\u00e3o Paulo perde para o Goi\u00e1s - Notibras<\/title>\n<meta name=\"robots\" content=\"index, follow, max-snippet:-1, max-image-preview:large, max-video-preview:-1\" \/>\n<link rel=\"canonical\" href=\"https:\/\/www.notibras.com\/site\/kaka-volta-marca-o-dele-mas-sao-paulo-perde-para-o-goias\/\" \/>\n<meta property=\"og:locale\" content=\"pt_BR\" \/>\n<meta property=\"og:type\" content=\"article\" \/>\n<meta property=\"og:title\" content=\"Kak\u00e1 volta, marca o dele mas S\u00e3o Paulo perde para o Goi\u00e1s - Notibras\" \/>\n<meta property=\"og:description\" content=\"Desde o dia 9 de agosto de 2003, Kak\u00e1 n\u00e3o vestia a camisa do S\u00e3o Paulo para exercer a sua profiss\u00e3o. Neste 27 de julho de 2014, o atleta que deixou o Morumbi como uma promessa, mas aos gritos de \u201cpipoqueiro\u201d, voltou ao time que o revelou para liderar uma poss\u00edvel caminhada ao t\u00edtulo brasileiro. [&hellip;]\" \/>\n<meta property=\"og:url\" content=\"https:\/\/www.notibras.com\/site\/kaka-volta-marca-o-dele-mas-sao-paulo-perde-para-o-goias\/\" \/>\n<meta property=\"og:site_name\" content=\"Notibras\" \/>\n<meta property=\"article:publisher\" content=\"https:\/\/www.facebook.com\/notibras\/\" \/>\n<meta property=\"article:published_time\" content=\"2014-07-27T21:26:47+00:00\" \/>\n<meta property=\"og:image\" content=\"https:\/\/www.notibras.com\/site\/wp-content\/uploads\/2014\/07\/golamaralgoiasxsaopauloadalbertomarquesagifgazeta.jpg\" \/>\n\t<meta property=\"og:image:width\" content=\"750\" \/>\n\t<meta property=\"og:image:height\" content=\"500\" \/>\n\t<meta property=\"og:image:type\" content=\"image\/jpeg\" \/>\n<meta name=\"author\" content=\"Reda\u00e7\u00e3o\" \/>\n<meta name=\"twitter:card\" content=\"summary_large_image\" \/>\n<meta name=\"twitter:creator\" content=\"@Notibras\" \/>\n<meta name=\"twitter:site\" content=\"@Notibras\" \/>\n<meta name=\"twitter:label1\" content=\"Escrito por\" \/>\n\t<meta name=\"twitter:data1\" content=\"Reda\u00e7\u00e3o\" \/>\n\t<meta name=\"twitter:label2\" content=\"Est. tempo de leitura\" \/>\n\t<meta name=\"twitter:data2\" content=\"4 minutos\" \/>\n<script type=\"application\/ld+json\" class=\"yoast-schema-graph\">{\"@context\":\"https:\/\/schema.org\",\"@graph\":[{\"@type\":\"Article\",\"@id\":\"https:\/\/www.notibras.com\/site\/kaka-volta-marca-o-dele-mas-sao-paulo-perde-para-o-goias\/#article\",\"isPartOf\":{\"@id\":\"https:\/\/www.notibras.com\/site\/kaka-volta-marca-o-dele-mas-sao-paulo-perde-para-o-goias\/\"},\"author\":{\"name\":\"Reda\u00e7\u00e3o\",\"@id\":\"https:\/\/www.notibras.com\/site\/#\/schema\/person\/36ab0979449956132d3e5b517ea76ac8\"},\"headline\":\"Kak\u00e1 volta, marca o dele mas S\u00e3o Paulo perde para o Goi\u00e1s\",\"datePublished\":\"2014-07-27T21:26:47+00:00\",\"mainEntityOfPage\":{\"@id\":\"https:\/\/www.notibras.com\/site\/kaka-volta-marca-o-dele-mas-sao-paulo-perde-para-o-goias\/\"},\"wordCount\":735,\"commentCount\":0,\"publisher\":{\"@id\":\"https:\/\/www.notibras.com\/site\/#organization\"},\"image\":{\"@id\":\"https:\/\/www.notibras.com\/site\/kaka-volta-marca-o-dele-mas-sao-paulo-perde-para-o-goias\/#primaryimage\"},\"thumbnailUrl\":\"https:\/\/www.notibras.com\/site\/wp-content\/uploads\/2014\/07\/golamaralgoiasxsaopauloadalbertomarquesagifgazeta.jpg\",\"articleSection\":[\"Esportes\",\"Futebol\"],\"inLanguage\":\"pt-BR\",\"potentialAction\":[{\"@type\":\"CommentAction\",\"name\":\"Comment\",\"target\":[\"https:\/\/www.notibras.com\/site\/kaka-volta-marca-o-dele-mas-sao-paulo-perde-para-o-goias\/#respond\"]}]},{\"@type\":\"WebPage\",\"@id\":\"https:\/\/www.notibras.com\/site\/kaka-volta-marca-o-dele-mas-sao-paulo-perde-para-o-goias\/\",\"url\":\"https:\/\/www.notibras.com\/site\/kaka-volta-marca-o-dele-mas-sao-paulo-perde-para-o-goias\/\",\"name\":\"Kak\u00e1 volta, marca o dele mas S\u00e3o Paulo perde para o Goi\u00e1s - Notibras\",\"isPartOf\":{\"@id\":\"https:\/\/www.notibras.com\/site\/#website\"},\"primaryImageOfPage\":{\"@id\":\"https:\/\/www.notibras.com\/site\/kaka-volta-marca-o-dele-mas-sao-paulo-perde-para-o-goias\/#primaryimage\"},\"image\":{\"@id\":\"https:\/\/www.notibras.com\/site\/kaka-volta-marca-o-dele-mas-sao-paulo-perde-para-o-goias\/#primaryimage\"},\"thumbnailUrl\":\"https:\/\/www.notibras.com\/site\/wp-content\/uploads\/2014\/07\/golamaralgoiasxsaopauloadalbertomarquesagifgazeta.jpg\",\"datePublished\":\"2014-07-27T21:26:47+00:00\",\"breadcrumb\":{\"@id\":\"https:\/\/www.notibras.com\/site\/kaka-volta-marca-o-dele-mas-sao-paulo-perde-para-o-goias\/#breadcrumb\"},\"inLanguage\":\"pt-BR\",\"potentialAction\":[{\"@type\":\"ReadAction\",\"target\":[\"https:\/\/www.notibras.com\/site\/kaka-volta-marca-o-dele-mas-sao-paulo-perde-para-o-goias\/\"]}]},{\"@type\":\"ImageObject\",\"inLanguage\":\"pt-BR\",\"@id\":\"https:\/\/www.notibras.com\/site\/kaka-volta-marca-o-dele-mas-sao-paulo-perde-para-o-goias\/#primaryimage\",\"url\":\"https:\/\/www.notibras.com\/site\/wp-content\/uploads\/2014\/07\/golamaralgoiasxsaopauloadalbertomarquesagifgazeta.jpg\",\"contentUrl\":\"https:\/\/www.notibras.com\/site\/wp-content\/uploads\/2014\/07\/golamaralgoiasxsaopauloadalbertomarquesagifgazeta.jpg\",\"width\":750,\"height\":500},{\"@type\":\"BreadcrumbList\",\"@id\":\"https:\/\/www.notibras.com\/site\/kaka-volta-marca-o-dele-mas-sao-paulo-perde-para-o-goias\/#breadcrumb\",\"itemListElement\":[{\"@type\":\"ListItem\",\"position\":1,\"name\":\"In\u00edcio\",\"item\":\"https:\/\/www.notibras.com\/site\/\"},{\"@type\":\"ListItem\",\"position\":2,\"name\":\"Kak\u00e1 volta, marca o dele mas S\u00e3o Paulo perde para o Goi\u00e1s\"}]},{\"@type\":\"WebSite\",\"@id\":\"https:\/\/www.notibras.com\/site\/#website\",\"url\":\"https:\/\/www.notibras.com\/site\/\",\"name\":\"Notibras\",\"description\":\"Not\u00edcias de Bras\u00edlia, do Brasil e do Mundo\",\"publisher\":{\"@id\":\"https:\/\/www.notibras.com\/site\/#organization\"},\"potentialAction\":[{\"@type\":\"SearchAction\",\"target\":{\"@type\":\"EntryPoint\",\"urlTemplate\":\"https:\/\/www.notibras.com\/site\/?s={search_term_string}\"},\"query-input\":{\"@type\":\"PropertyValueSpecification\",\"valueRequired\":true,\"valueName\":\"search_term_string\"}}],\"inLanguage\":\"pt-BR\"},{\"@type\":\"Organization\",\"@id\":\"https:\/\/www.notibras.com\/site\/#organization\",\"name\":\"Grupo Notibras de Comunica\u00e7\u00e3o\",\"url\":\"https:\/\/www.notibras.com\/site\/\",\"logo\":{\"@type\":\"ImageObject\",\"inLanguage\":\"pt-BR\",\"@id\":\"https:\/\/www.notibras.com\/site\/#\/schema\/logo\/image\/\",\"url\":\"https:\/\/www.notibras.com\/site\/wp-content\/uploads\/2023\/01\/notibras23.png\",\"contentUrl\":\"https:\/\/www.notibras.com\/site\/wp-content\/uploads\/2023\/01\/notibras23.png\",\"width\":350,\"height\":87,\"caption\":\"Grupo Notibras de Comunica\u00e7\u00e3o\"},\"image\":{\"@id\":\"https:\/\/www.notibras.com\/site\/#\/schema\/logo\/image\/\"},\"sameAs\":[\"https:\/\/www.facebook.com\/notibras\/\",\"https:\/\/x.com\/Notibras\",\"https:\/\/www.instagram.com\/notibras\/\"]},{\"@type\":\"Person\",\"@id\":\"https:\/\/www.notibras.com\/site\/#\/schema\/person\/36ab0979449956132d3e5b517ea76ac8\",\"name\":\"Reda\u00e7\u00e3o\",\"image\":{\"@type\":\"ImageObject\",\"inLanguage\":\"pt-BR\",\"@id\":\"https:\/\/secure.gravatar.com\/avatar\/e0a867bdedb85fd243eadf09663511f96fc81e0720a4a42581f334ad4303aa6b?s=96&d=mm&r=g\",\"url\":\"https:\/\/secure.gravatar.com\/avatar\/e0a867bdedb85fd243eadf09663511f96fc81e0720a4a42581f334ad4303aa6b?s=96&d=mm&r=g\",\"contentUrl\":\"https:\/\/secure.gravatar.com\/avatar\/e0a867bdedb85fd243eadf09663511f96fc81e0720a4a42581f334ad4303aa6b?s=96&d=mm&r=g\",\"caption\":\"Reda\u00e7\u00e3o\"}}]}<\/script>\n<!-- \/ Yoast SEO plugin. -->","yoast_head_json":{"title":"Kak\u00e1 volta, marca o dele mas S\u00e3o Paulo perde para o Goi\u00e1s - Notibras","robots":{"index":"index","follow":"follow","max-snippet":"max-snippet:-1","max-image-preview":"max-image-preview:large","max-video-preview":"max-video-preview:-1"},"canonical":"https:\/\/www.notibras.com\/site\/kaka-volta-marca-o-dele-mas-sao-paulo-perde-para-o-goias\/","og_locale":"pt_BR","og_type":"article","og_title":"Kak\u00e1 volta, marca o dele mas S\u00e3o Paulo perde para o Goi\u00e1s - Notibras","og_description":"Desde o dia 9 de agosto de 2003, Kak\u00e1 n\u00e3o vestia a camisa do S\u00e3o Paulo para exercer a sua profiss\u00e3o. Neste 27 de julho de 2014, o atleta que deixou o Morumbi como uma promessa, mas aos gritos de \u201cpipoqueiro\u201d, voltou ao time que o revelou para liderar uma poss\u00edvel caminhada ao t\u00edtulo brasileiro. [&hellip;]","og_url":"https:\/\/www.notibras.com\/site\/kaka-volta-marca-o-dele-mas-sao-paulo-perde-para-o-goias\/","og_site_name":"Notibras","article_publisher":"https:\/\/www.facebook.com\/notibras\/","article_published_time":"2014-07-27T21:26:47+00:00","og_image":[{"width":750,"height":500,"url":"https:\/\/www.notibras.com\/site\/wp-content\/uploads\/2014\/07\/golamaralgoiasxsaopauloadalbertomarquesagifgazeta.jpg","type":"image\/jpeg"}],"author":"Reda\u00e7\u00e3o","twitter_card":"summary_large_image","twitter_creator":"@Notibras","twitter_site":"@Notibras","twitter_misc":{"Escrito por":"Reda\u00e7\u00e3o","Est. tempo de leitura":"4 minutos"},"schema":{"@context":"https:\/\/schema.org","@graph":[{"@type":"Article","@id":"https:\/\/www.notibras.com\/site\/kaka-volta-marca-o-dele-mas-sao-paulo-perde-para-o-goias\/#article","isPartOf":{"@id":"https:\/\/www.notibras.com\/site\/kaka-volta-marca-o-dele-mas-sao-paulo-perde-para-o-goias\/"},"author":{"name":"Reda\u00e7\u00e3o","@id":"https:\/\/www.notibras.com\/site\/#\/schema\/person\/36ab0979449956132d3e5b517ea76ac8"},"headline":"Kak\u00e1 volta, marca o dele mas S\u00e3o Paulo perde para o Goi\u00e1s","datePublished":"2014-07-27T21:26:47+00:00","mainEntityOfPage":{"@id":"https:\/\/www.notibras.com\/site\/kaka-volta-marca-o-dele-mas-sao-paulo-perde-para-o-goias\/"},"wordCount":735,"commentCount":0,"publisher":{"@id":"https:\/\/www.notibras.com\/site\/#organization"},"image":{"@id":"https:\/\/www.notibras.com\/site\/kaka-volta-marca-o-dele-mas-sao-paulo-perde-para-o-goias\/#primaryimage"},"thumbnailUrl":"https:\/\/www.notibras.com\/site\/wp-content\/uploads\/2014\/07\/golamaralgoiasxsaopauloadalbertomarquesagifgazeta.jpg","articleSection":["Esportes","Futebol"],"inLanguage":"pt-BR","potentialAction":[{"@type":"CommentAction","name":"Comment","target":["https:\/\/www.notibras.com\/site\/kaka-volta-marca-o-dele-mas-sao-paulo-perde-para-o-goias\/#respond"]}]},{"@type":"WebPage","@id":"https:\/\/www.notibras.com\/site\/kaka-volta-marca-o-dele-mas-sao-paulo-perde-para-o-goias\/","url":"https:\/\/www.notibras.com\/site\/kaka-volta-marca-o-dele-mas-sao-paulo-perde-para-o-goias\/","name":"Kak\u00e1 volta, marca o dele mas S\u00e3o Paulo perde para o Goi\u00e1s - Notibras","isPartOf":{"@id":"https:\/\/www.notibras.com\/site\/#website"},"primaryImageOfPage":{"@id":"https:\/\/www.notibras.com\/site\/kaka-volta-marca-o-dele-mas-sao-paulo-perde-para-o-goias\/#primaryimage"},"image":{"@id":"https:\/\/www.notibras.com\/site\/kaka-volta-marca-o-dele-mas-sao-paulo-perde-para-o-goias\/#primaryimage"},"thumbnailUrl":"https:\/\/www.notibras.com\/site\/wp-content\/uploads\/2014\/07\/golamaralgoiasxsaopauloadalbertomarquesagifgazeta.jpg","datePublished":"2014-07-27T21:26:47+00:00","breadcrumb":{"@id":"https:\/\/www.notibras.com\/site\/kaka-volta-marca-o-dele-mas-sao-paulo-perde-para-o-goias\/#breadcrumb"},"inLanguage":"pt-BR","potentialAction":[{"@type":"ReadAction","target":["https:\/\/www.notibras.com\/site\/kaka-volta-marca-o-dele-mas-sao-paulo-perde-para-o-goias\/"]}]},{"@type":"ImageObject","inLanguage":"pt-BR","@id":"https:\/\/www.notibras.com\/site\/kaka-volta-marca-o-dele-mas-sao-paulo-perde-para-o-goias\/#primaryimage","url":"https:\/\/www.notibras.com\/site\/wp-content\/uploads\/2014\/07\/golamaralgoiasxsaopauloadalbertomarquesagifgazeta.jpg","contentUrl":"https:\/\/www.notibras.com\/site\/wp-content\/uploads\/2014\/07\/golamaralgoiasxsaopauloadalbertomarquesagifgazeta.jpg","width":750,"height":500},{"@type":"BreadcrumbList","@id":"https:\/\/www.notibras.com\/site\/kaka-volta-marca-o-dele-mas-sao-paulo-perde-para-o-goias\/#breadcrumb","itemListElement":[{"@type":"ListItem","position":1,"name":"In\u00edcio","item":"https:\/\/www.notibras.com\/site\/"},{"@type":"ListItem","position":2,"name":"Kak\u00e1 volta, marca o dele mas S\u00e3o Paulo perde para o Goi\u00e1s"}]},{"@type":"WebSite","@id":"https:\/\/www.notibras.com\/site\/#website","url":"https:\/\/www.notibras.com\/site\/","name":"Notibras","description":"Not\u00edcias de Bras\u00edlia, do Brasil e do Mundo","publisher":{"@id":"https:\/\/www.notibras.com\/site\/#organization"},"potentialAction":[{"@type":"SearchAction","target":{"@type":"EntryPoint","urlTemplate":"https:\/\/www.notibras.com\/site\/?s={search_term_string}"},"query-input":{"@type":"PropertyValueSpecification","valueRequired":true,"valueName":"search_term_string"}}],"inLanguage":"pt-BR"},{"@type":"Organization","@id":"https:\/\/www.notibras.com\/site\/#organization","name":"Grupo Notibras de Comunica\u00e7\u00e3o","url":"https:\/\/www.notibras.com\/site\/","logo":{"@type":"ImageObject","inLanguage":"pt-BR","@id":"https:\/\/www.notibras.com\/site\/#\/schema\/logo\/image\/","url":"https:\/\/www.notibras.com\/site\/wp-content\/uploads\/2023\/01\/notibras23.png","contentUrl":"https:\/\/www.notibras.com\/site\/wp-content\/uploads\/2023\/01\/notibras23.png","width":350,"height":87,"caption":"Grupo Notibras de Comunica\u00e7\u00e3o"},"image":{"@id":"https:\/\/www.notibras.com\/site\/#\/schema\/logo\/image\/"},"sameAs":["https:\/\/www.facebook.com\/notibras\/","https:\/\/x.com\/Notibras","https:\/\/www.instagram.com\/notibras\/"]},{"@type":"Person","@id":"https:\/\/www.notibras.com\/site\/#\/schema\/person\/36ab0979449956132d3e5b517ea76ac8","name":"Reda\u00e7\u00e3o","image":{"@type":"ImageObject","inLanguage":"pt-BR","@id":"https:\/\/secure.gravatar.com\/avatar\/e0a867bdedb85fd243eadf09663511f96fc81e0720a4a42581f334ad4303aa6b?s=96&d=mm&r=g","url":"https:\/\/secure.gravatar.com\/avatar\/e0a867bdedb85fd243eadf09663511f96fc81e0720a4a42581f334ad4303aa6b?s=96&d=mm&r=g","contentUrl":"https:\/\/secure.gravatar.com\/avatar\/e0a867bdedb85fd243eadf09663511f96fc81e0720a4a42581f334ad4303aa6b?s=96&d=mm&r=g","caption":"Reda\u00e7\u00e3o"}}]}},"amp_enabled":true,"_links":{"self":[{"href":"https:\/\/www.notibras.com\/site\/wp-json\/wp\/v2\/posts\/17614","targetHints":{"allow":["GET"]}}],"collection":[{"href":"https:\/\/www.notibras.com\/site\/wp-json\/wp\/v2\/posts"}],"about":[{"href":"https:\/\/www.notibras.com\/site\/wp-json\/wp\/v2\/types\/post"}],"author":[{"embeddable":true,"href":"https:\/\/www.notibras.com\/site\/wp-json\/wp\/v2\/users\/2"}],"replies":[{"embeddable":true,"href":"https:\/\/www.notibras.com\/site\/wp-json\/wp\/v2\/comments?post=17614"}],"version-history":[{"count":0,"href":"https:\/\/www.notibras.com\/site\/wp-json\/wp\/v2\/posts\/17614\/revisions"}],"wp:featuredmedia":[{"embeddable":true,"href":"https:\/\/www.notibras.com\/site\/wp-json\/wp\/v2\/media\/17615"}],"wp:attachment":[{"href":"https:\/\/www.notibras.com\/site\/wp-json\/wp\/v2\/media?parent=17614"}],"wp:term":[{"taxonomy":"category","embeddable":true,"href":"https:\/\/www.notibras.com\/site\/wp-json\/wp\/v2\/categories?post=17614"},{"taxonomy":"post_tag","embeddable":true,"href":"https:\/\/www.notibras.com\/site\/wp-json\/wp\/v2\/tags?post=17614"}],"curies":[{"name":"wp","href":"https:\/\/api.w.org\/{rel}","templated":true}]}}