{"id":17617,"date":"2014-07-27T18:31:07","date_gmt":"2014-07-27T21:31:07","guid":{"rendered":"http:\/\/www.notibras.com\/site\/?p=17617"},"modified":"2014-07-27T18:31:07","modified_gmt":"2014-07-27T21:31:07","slug":"leao-engole-o-galo-na-ilha-do-retiro-e-fica-mais-perto-do-g4","status":"publish","type":"post","link":"https:\/\/www.notibras.com\/site\/leao-engole-o-galo-na-ilha-do-retiro-e-fica-mais-perto-do-g4\/","title":{"rendered":"Le\u00e3o engole o Galo na Ilha do Retiro e fica mais perto do G4"},"content":{"rendered":"<p>Com quatro jogos sem derrota e bom desempenho no per\u00edodo p\u00f3s-Copa do Mundo, o Sport come\u00e7a a se credenciar a uma vaga no G-4 do Campeonato Brasileiro. Um ind\u00edcio disso foi dado na tarde deste domingo, quando o time recebeu o Atl\u00e9tico-MG na Ilha do Retiro e venceu por 2 a 1 para colar na zona de classifica\u00e7\u00e3o para a pr\u00f3xima Copa Libertadores.<\/p>\n<p class=\"text\">Com o placar, o Sport chega aos 21 pontos, na 5\u00aa coloca\u00e7\u00e3o da competi\u00e7\u00e3o, um ponto atr\u00e1s do quarto colocado Internacional, o \u00faltimo a integrar o G-4. J\u00e1 o Atl\u00e9tico-MG estaciona na zona intermedi\u00e1ria da classifica\u00e7\u00e3o, com 15 pontos e o 11\u00ba lugar.<\/p>\n<p class=\"text\">Na pr\u00f3xima rodada do Campeonato Brasileiro, o Sport entra em campo fora de casa para pegar o Figueirense, em confronto marcado para as 16h (de Bras\u00edlia), no Est\u00e1dio Orlando Scarpelli, em Florian\u00f3polis (SC). Um pouco mais tarde, \u00e0s 18h30, o Atl\u00e9tico-MG recebe o Atl\u00e9tico-PR no Est\u00e1dio Independ\u00eancia, em Belo Horizonte.<\/p>\n<blockquote>\n<p class=\"text\">Na Ilha do Retiro, as equipes come\u00e7aram a partida sem pressa e com muita cautela. O primeiro tempo teve poucas chances de gol. A primeira delas veio com o Atl\u00e9tico-MG. Aos 25min, Diego Tardelli foi lan\u00e7ado no ataque, invadiu a \u00e1rea e tocou na sa\u00edda do goleiro Magr\u00e3o, que conseguiu excelente defesa. O Sport amea\u00e7ou pressionar no final do primeiro e quase fez aos 40min, com chute cruzado de Z\u00e9 M\u00e1rio.<\/p>\n<\/blockquote>\n<p class=\"text\">Apesar do melhor desempenho atleticano na etapa inicial, o Sport conseguiu abrir o placar no in\u00edcio do segundo tempo. Aos 6min, Durval cobrou falta no ataque, a zaga do time mineiro n\u00e3o fez o corte e deixou para Felipe Azevedo tocar, de dentro da \u00e1rea, na sa\u00edda de Victor. O Atl\u00e9tico-MG, ent\u00e3o, foi buscar a rea\u00e7\u00e3o e quase empatou aos 12min, com passe de Maicosuel para finaliza\u00e7\u00e3o de Guilherme, para fora.<\/p>\n<p class=\"text\">O Sport, no entanto, mostrou efici\u00eancia e ampliou o placar aos 23min ap\u00f3s mais uma falha atleticana: Em bola levantada na \u00e1rea, L\u00e9o Silva errou o corte, e Durval passou entre dois rivais para, mesmo caindo, completar para o gol. O Atl\u00e9tico-MG reanimou a partida aos 37min, quando Diego Tardelli foi derrubado na \u00e1rea e sofreu p\u00eanalti. Ele mesmo cobrou rasteiro e diminuiu, mas n\u00e3o foi suficiente para evitar a derrota.<\/p>\n","protected":false},"excerpt":{"rendered":"<p>Com quatro jogos sem derrota e bom desempenho no per\u00edodo p\u00f3s-Copa do Mundo, o Sport come\u00e7a a se credenciar a uma vaga no G-4 do Campeonato Brasileiro. Um ind\u00edcio disso foi dado na tarde deste domingo, quando o time recebeu o Atl\u00e9tico-MG na Ilha do Retiro e venceu por 2 a 1 para colar na [&hellip;]<\/p>\n","protected":false},"author":2,"featured_media":17618,"comment_status":"open","ping_status":"closed","sticky":false,"template":"","format":"standard","meta":{"_acf_changed":false,"footnotes":""},"categories":[19,29],"tags":[],"class_list":["post-17617","post","type-post","status-publish","format-standard","has-post-thumbnail","hentry","category-esportes","category-futebol"],"acf":[],"yoast_head":"<!-- This site is optimized with the Yoast SEO plugin v27.2 - https:\/\/yoast.com\/product\/yoast-seo-wordpress\/ -->\n<title>Le\u00e3o engole o Galo na Ilha do Retiro e fica mais perto do G4 - Notibras<\/title>\n<meta name=\"robots\" content=\"index, follow, max-snippet:-1, max-image-preview:large, max-video-preview:-1\" \/>\n<link rel=\"canonical\" href=\"https:\/\/www.notibras.com\/site\/leao-engole-o-galo-na-ilha-do-retiro-e-fica-mais-perto-do-g4\/\" \/>\n<meta property=\"og:locale\" content=\"pt_BR\" \/>\n<meta property=\"og:type\" content=\"article\" \/>\n<meta property=\"og:title\" content=\"Le\u00e3o engole o Galo na Ilha do Retiro e fica mais perto do G4 - Notibras\" \/>\n<meta property=\"og:description\" content=\"Com quatro jogos sem derrota e bom desempenho no per\u00edodo p\u00f3s-Copa do Mundo, o Sport come\u00e7a a se credenciar a uma vaga no G-4 do Campeonato Brasileiro. Um ind\u00edcio disso foi dado na tarde deste domingo, quando o time recebeu o Atl\u00e9tico-MG na Ilha do Retiro e venceu por 2 a 1 para colar na [&hellip;]\" \/>\n<meta property=\"og:url\" content=\"https:\/\/www.notibras.com\/site\/leao-engole-o-galo-na-ilha-do-retiro-e-fica-mais-perto-do-g4\/\" \/>\n<meta property=\"og:site_name\" content=\"Notibras\" \/>\n<meta property=\"article:publisher\" content=\"https:\/\/www.facebook.com\/notibras\/\" \/>\n<meta property=\"article:published_time\" content=\"2014-07-27T21:31:07+00:00\" \/>\n<meta property=\"og:image\" content=\"https:\/\/www.notibras.com\/site\/wp-content\/uploads\/2014\/07\/zemarioreversportxatleticomgantoniocarneirolancepress.jpg\" \/>\n\t<meta property=\"og:image:width\" content=\"674\" \/>\n\t<meta property=\"og:image:height\" content=\"500\" \/>\n\t<meta property=\"og:image:type\" content=\"image\/jpeg\" \/>\n<meta name=\"author\" content=\"Reda\u00e7\u00e3o\" \/>\n<meta name=\"twitter:card\" content=\"summary_large_image\" \/>\n<meta name=\"twitter:creator\" content=\"@Notibras\" \/>\n<meta name=\"twitter:site\" content=\"@Notibras\" \/>\n<meta name=\"twitter:label1\" content=\"Escrito por\" \/>\n\t<meta name=\"twitter:data1\" content=\"Reda\u00e7\u00e3o\" \/>\n\t<meta name=\"twitter:label2\" content=\"Est. tempo de leitura\" \/>\n\t<meta name=\"twitter:data2\" content=\"2 minutos\" \/>\n<script type=\"application\/ld+json\" class=\"yoast-schema-graph\">{\"@context\":\"https:\/\/schema.org\",\"@graph\":[{\"@type\":\"Article\",\"@id\":\"https:\/\/www.notibras.com\/site\/leao-engole-o-galo-na-ilha-do-retiro-e-fica-mais-perto-do-g4\/#article\",\"isPartOf\":{\"@id\":\"https:\/\/www.notibras.com\/site\/leao-engole-o-galo-na-ilha-do-retiro-e-fica-mais-perto-do-g4\/\"},\"author\":{\"name\":\"Reda\u00e7\u00e3o\",\"@id\":\"https:\/\/www.notibras.com\/site\/#\/schema\/person\/36ab0979449956132d3e5b517ea76ac8\"},\"headline\":\"Le\u00e3o engole o Galo na Ilha do Retiro e fica mais perto do G4\",\"datePublished\":\"2014-07-27T21:31:07+00:00\",\"mainEntityOfPage\":{\"@id\":\"https:\/\/www.notibras.com\/site\/leao-engole-o-galo-na-ilha-do-retiro-e-fica-mais-perto-do-g4\/\"},\"wordCount\":419,\"commentCount\":0,\"publisher\":{\"@id\":\"https:\/\/www.notibras.com\/site\/#organization\"},\"image\":{\"@id\":\"https:\/\/www.notibras.com\/site\/leao-engole-o-galo-na-ilha-do-retiro-e-fica-mais-perto-do-g4\/#primaryimage\"},\"thumbnailUrl\":\"https:\/\/www.notibras.com\/site\/wp-content\/uploads\/2014\/07\/zemarioreversportxatleticomgantoniocarneirolancepress.jpg\",\"articleSection\":[\"Esportes\",\"Futebol\"],\"inLanguage\":\"pt-BR\",\"potentialAction\":[{\"@type\":\"CommentAction\",\"name\":\"Comment\",\"target\":[\"https:\/\/www.notibras.com\/site\/leao-engole-o-galo-na-ilha-do-retiro-e-fica-mais-perto-do-g4\/#respond\"]}]},{\"@type\":\"WebPage\",\"@id\":\"https:\/\/www.notibras.com\/site\/leao-engole-o-galo-na-ilha-do-retiro-e-fica-mais-perto-do-g4\/\",\"url\":\"https:\/\/www.notibras.com\/site\/leao-engole-o-galo-na-ilha-do-retiro-e-fica-mais-perto-do-g4\/\",\"name\":\"Le\u00e3o engole o Galo na Ilha do Retiro e fica mais perto do G4 - Notibras\",\"isPartOf\":{\"@id\":\"https:\/\/www.notibras.com\/site\/#website\"},\"primaryImageOfPage\":{\"@id\":\"https:\/\/www.notibras.com\/site\/leao-engole-o-galo-na-ilha-do-retiro-e-fica-mais-perto-do-g4\/#primaryimage\"},\"image\":{\"@id\":\"https:\/\/www.notibras.com\/site\/leao-engole-o-galo-na-ilha-do-retiro-e-fica-mais-perto-do-g4\/#primaryimage\"},\"thumbnailUrl\":\"https:\/\/www.notibras.com\/site\/wp-content\/uploads\/2014\/07\/zemarioreversportxatleticomgantoniocarneirolancepress.jpg\",\"datePublished\":\"2014-07-27T21:31:07+00:00\",\"breadcrumb\":{\"@id\":\"https:\/\/www.notibras.com\/site\/leao-engole-o-galo-na-ilha-do-retiro-e-fica-mais-perto-do-g4\/#breadcrumb\"},\"inLanguage\":\"pt-BR\",\"potentialAction\":[{\"@type\":\"ReadAction\",\"target\":[\"https:\/\/www.notibras.com\/site\/leao-engole-o-galo-na-ilha-do-retiro-e-fica-mais-perto-do-g4\/\"]}]},{\"@type\":\"ImageObject\",\"inLanguage\":\"pt-BR\",\"@id\":\"https:\/\/www.notibras.com\/site\/leao-engole-o-galo-na-ilha-do-retiro-e-fica-mais-perto-do-g4\/#primaryimage\",\"url\":\"https:\/\/www.notibras.com\/site\/wp-content\/uploads\/2014\/07\/zemarioreversportxatleticomgantoniocarneirolancepress.jpg\",\"contentUrl\":\"https:\/\/www.notibras.com\/site\/wp-content\/uploads\/2014\/07\/zemarioreversportxatleticomgantoniocarneirolancepress.jpg\",\"width\":674,\"height\":500},{\"@type\":\"BreadcrumbList\",\"@id\":\"https:\/\/www.notibras.com\/site\/leao-engole-o-galo-na-ilha-do-retiro-e-fica-mais-perto-do-g4\/#breadcrumb\",\"itemListElement\":[{\"@type\":\"ListItem\",\"position\":1,\"name\":\"In\u00edcio\",\"item\":\"https:\/\/www.notibras.com\/site\/\"},{\"@type\":\"ListItem\",\"position\":2,\"name\":\"Le\u00e3o engole o Galo na Ilha do Retiro e fica mais perto do G4\"}]},{\"@type\":\"WebSite\",\"@id\":\"https:\/\/www.notibras.com\/site\/#website\",\"url\":\"https:\/\/www.notibras.com\/site\/\",\"name\":\"Notibras\",\"description\":\"Not\u00edcias de Bras\u00edlia, do Brasil e do Mundo\",\"publisher\":{\"@id\":\"https:\/\/www.notibras.com\/site\/#organization\"},\"potentialAction\":[{\"@type\":\"SearchAction\",\"target\":{\"@type\":\"EntryPoint\",\"urlTemplate\":\"https:\/\/www.notibras.com\/site\/?s={search_term_string}\"},\"query-input\":{\"@type\":\"PropertyValueSpecification\",\"valueRequired\":true,\"valueName\":\"search_term_string\"}}],\"inLanguage\":\"pt-BR\"},{\"@type\":\"Organization\",\"@id\":\"https:\/\/www.notibras.com\/site\/#organization\",\"name\":\"Grupo Notibras de Comunica\u00e7\u00e3o\",\"url\":\"https:\/\/www.notibras.com\/site\/\",\"logo\":{\"@type\":\"ImageObject\",\"inLanguage\":\"pt-BR\",\"@id\":\"https:\/\/www.notibras.com\/site\/#\/schema\/logo\/image\/\",\"url\":\"https:\/\/www.notibras.com\/site\/wp-content\/uploads\/2023\/01\/notibras23.png\",\"contentUrl\":\"https:\/\/www.notibras.com\/site\/wp-content\/uploads\/2023\/01\/notibras23.png\",\"width\":350,\"height\":87,\"caption\":\"Grupo Notibras de Comunica\u00e7\u00e3o\"},\"image\":{\"@id\":\"https:\/\/www.notibras.com\/site\/#\/schema\/logo\/image\/\"},\"sameAs\":[\"https:\/\/www.facebook.com\/notibras\/\",\"https:\/\/x.com\/Notibras\",\"https:\/\/www.instagram.com\/notibras\/\"]},{\"@type\":\"Person\",\"@id\":\"https:\/\/www.notibras.com\/site\/#\/schema\/person\/36ab0979449956132d3e5b517ea76ac8\",\"name\":\"Reda\u00e7\u00e3o\",\"image\":{\"@type\":\"ImageObject\",\"inLanguage\":\"pt-BR\",\"@id\":\"https:\/\/secure.gravatar.com\/avatar\/e0a867bdedb85fd243eadf09663511f96fc81e0720a4a42581f334ad4303aa6b?s=96&d=mm&r=g\",\"url\":\"https:\/\/secure.gravatar.com\/avatar\/e0a867bdedb85fd243eadf09663511f96fc81e0720a4a42581f334ad4303aa6b?s=96&d=mm&r=g\",\"contentUrl\":\"https:\/\/secure.gravatar.com\/avatar\/e0a867bdedb85fd243eadf09663511f96fc81e0720a4a42581f334ad4303aa6b?s=96&d=mm&r=g\",\"caption\":\"Reda\u00e7\u00e3o\"}}]}<\/script>\n<!-- \/ Yoast SEO plugin. -->","yoast_head_json":{"title":"Le\u00e3o engole o Galo na Ilha do Retiro e fica mais perto do G4 - Notibras","robots":{"index":"index","follow":"follow","max-snippet":"max-snippet:-1","max-image-preview":"max-image-preview:large","max-video-preview":"max-video-preview:-1"},"canonical":"https:\/\/www.notibras.com\/site\/leao-engole-o-galo-na-ilha-do-retiro-e-fica-mais-perto-do-g4\/","og_locale":"pt_BR","og_type":"article","og_title":"Le\u00e3o engole o Galo na Ilha do Retiro e fica mais perto do G4 - Notibras","og_description":"Com quatro jogos sem derrota e bom desempenho no per\u00edodo p\u00f3s-Copa do Mundo, o Sport come\u00e7a a se credenciar a uma vaga no G-4 do Campeonato Brasileiro. Um ind\u00edcio disso foi dado na tarde deste domingo, quando o time recebeu o Atl\u00e9tico-MG na Ilha do Retiro e venceu por 2 a 1 para colar na [&hellip;]","og_url":"https:\/\/www.notibras.com\/site\/leao-engole-o-galo-na-ilha-do-retiro-e-fica-mais-perto-do-g4\/","og_site_name":"Notibras","article_publisher":"https:\/\/www.facebook.com\/notibras\/","article_published_time":"2014-07-27T21:31:07+00:00","og_image":[{"width":674,"height":500,"url":"https:\/\/www.notibras.com\/site\/wp-content\/uploads\/2014\/07\/zemarioreversportxatleticomgantoniocarneirolancepress.jpg","type":"image\/jpeg"}],"author":"Reda\u00e7\u00e3o","twitter_card":"summary_large_image","twitter_creator":"@Notibras","twitter_site":"@Notibras","twitter_misc":{"Escrito por":"Reda\u00e7\u00e3o","Est. tempo de leitura":"2 minutos"},"schema":{"@context":"https:\/\/schema.org","@graph":[{"@type":"Article","@id":"https:\/\/www.notibras.com\/site\/leao-engole-o-galo-na-ilha-do-retiro-e-fica-mais-perto-do-g4\/#article","isPartOf":{"@id":"https:\/\/www.notibras.com\/site\/leao-engole-o-galo-na-ilha-do-retiro-e-fica-mais-perto-do-g4\/"},"author":{"name":"Reda\u00e7\u00e3o","@id":"https:\/\/www.notibras.com\/site\/#\/schema\/person\/36ab0979449956132d3e5b517ea76ac8"},"headline":"Le\u00e3o engole o Galo na Ilha do Retiro e fica mais perto do G4","datePublished":"2014-07-27T21:31:07+00:00","mainEntityOfPage":{"@id":"https:\/\/www.notibras.com\/site\/leao-engole-o-galo-na-ilha-do-retiro-e-fica-mais-perto-do-g4\/"},"wordCount":419,"commentCount":0,"publisher":{"@id":"https:\/\/www.notibras.com\/site\/#organization"},"image":{"@id":"https:\/\/www.notibras.com\/site\/leao-engole-o-galo-na-ilha-do-retiro-e-fica-mais-perto-do-g4\/#primaryimage"},"thumbnailUrl":"https:\/\/www.notibras.com\/site\/wp-content\/uploads\/2014\/07\/zemarioreversportxatleticomgantoniocarneirolancepress.jpg","articleSection":["Esportes","Futebol"],"inLanguage":"pt-BR","potentialAction":[{"@type":"CommentAction","name":"Comment","target":["https:\/\/www.notibras.com\/site\/leao-engole-o-galo-na-ilha-do-retiro-e-fica-mais-perto-do-g4\/#respond"]}]},{"@type":"WebPage","@id":"https:\/\/www.notibras.com\/site\/leao-engole-o-galo-na-ilha-do-retiro-e-fica-mais-perto-do-g4\/","url":"https:\/\/www.notibras.com\/site\/leao-engole-o-galo-na-ilha-do-retiro-e-fica-mais-perto-do-g4\/","name":"Le\u00e3o engole o Galo na Ilha do Retiro e fica mais perto do G4 - Notibras","isPartOf":{"@id":"https:\/\/www.notibras.com\/site\/#website"},"primaryImageOfPage":{"@id":"https:\/\/www.notibras.com\/site\/leao-engole-o-galo-na-ilha-do-retiro-e-fica-mais-perto-do-g4\/#primaryimage"},"image":{"@id":"https:\/\/www.notibras.com\/site\/leao-engole-o-galo-na-ilha-do-retiro-e-fica-mais-perto-do-g4\/#primaryimage"},"thumbnailUrl":"https:\/\/www.notibras.com\/site\/wp-content\/uploads\/2014\/07\/zemarioreversportxatleticomgantoniocarneirolancepress.jpg","datePublished":"2014-07-27T21:31:07+00:00","breadcrumb":{"@id":"https:\/\/www.notibras.com\/site\/leao-engole-o-galo-na-ilha-do-retiro-e-fica-mais-perto-do-g4\/#breadcrumb"},"inLanguage":"pt-BR","potentialAction":[{"@type":"ReadAction","target":["https:\/\/www.notibras.com\/site\/leao-engole-o-galo-na-ilha-do-retiro-e-fica-mais-perto-do-g4\/"]}]},{"@type":"ImageObject","inLanguage":"pt-BR","@id":"https:\/\/www.notibras.com\/site\/leao-engole-o-galo-na-ilha-do-retiro-e-fica-mais-perto-do-g4\/#primaryimage","url":"https:\/\/www.notibras.com\/site\/wp-content\/uploads\/2014\/07\/zemarioreversportxatleticomgantoniocarneirolancepress.jpg","contentUrl":"https:\/\/www.notibras.com\/site\/wp-content\/uploads\/2014\/07\/zemarioreversportxatleticomgantoniocarneirolancepress.jpg","width":674,"height":500},{"@type":"BreadcrumbList","@id":"https:\/\/www.notibras.com\/site\/leao-engole-o-galo-na-ilha-do-retiro-e-fica-mais-perto-do-g4\/#breadcrumb","itemListElement":[{"@type":"ListItem","position":1,"name":"In\u00edcio","item":"https:\/\/www.notibras.com\/site\/"},{"@type":"ListItem","position":2,"name":"Le\u00e3o engole o Galo na Ilha do Retiro e fica mais perto do G4"}]},{"@type":"WebSite","@id":"https:\/\/www.notibras.com\/site\/#website","url":"https:\/\/www.notibras.com\/site\/","name":"Notibras","description":"Not\u00edcias de Bras\u00edlia, do Brasil e do Mundo","publisher":{"@id":"https:\/\/www.notibras.com\/site\/#organization"},"potentialAction":[{"@type":"SearchAction","target":{"@type":"EntryPoint","urlTemplate":"https:\/\/www.notibras.com\/site\/?s={search_term_string}"},"query-input":{"@type":"PropertyValueSpecification","valueRequired":true,"valueName":"search_term_string"}}],"inLanguage":"pt-BR"},{"@type":"Organization","@id":"https:\/\/www.notibras.com\/site\/#organization","name":"Grupo Notibras de Comunica\u00e7\u00e3o","url":"https:\/\/www.notibras.com\/site\/","logo":{"@type":"ImageObject","inLanguage":"pt-BR","@id":"https:\/\/www.notibras.com\/site\/#\/schema\/logo\/image\/","url":"https:\/\/www.notibras.com\/site\/wp-content\/uploads\/2023\/01\/notibras23.png","contentUrl":"https:\/\/www.notibras.com\/site\/wp-content\/uploads\/2023\/01\/notibras23.png","width":350,"height":87,"caption":"Grupo Notibras de Comunica\u00e7\u00e3o"},"image":{"@id":"https:\/\/www.notibras.com\/site\/#\/schema\/logo\/image\/"},"sameAs":["https:\/\/www.facebook.com\/notibras\/","https:\/\/x.com\/Notibras","https:\/\/www.instagram.com\/notibras\/"]},{"@type":"Person","@id":"https:\/\/www.notibras.com\/site\/#\/schema\/person\/36ab0979449956132d3e5b517ea76ac8","name":"Reda\u00e7\u00e3o","image":{"@type":"ImageObject","inLanguage":"pt-BR","@id":"https:\/\/secure.gravatar.com\/avatar\/e0a867bdedb85fd243eadf09663511f96fc81e0720a4a42581f334ad4303aa6b?s=96&d=mm&r=g","url":"https:\/\/secure.gravatar.com\/avatar\/e0a867bdedb85fd243eadf09663511f96fc81e0720a4a42581f334ad4303aa6b?s=96&d=mm&r=g","contentUrl":"https:\/\/secure.gravatar.com\/avatar\/e0a867bdedb85fd243eadf09663511f96fc81e0720a4a42581f334ad4303aa6b?s=96&d=mm&r=g","caption":"Reda\u00e7\u00e3o"}}]}},"amp_enabled":true,"_links":{"self":[{"href":"https:\/\/www.notibras.com\/site\/wp-json\/wp\/v2\/posts\/17617","targetHints":{"allow":["GET"]}}],"collection":[{"href":"https:\/\/www.notibras.com\/site\/wp-json\/wp\/v2\/posts"}],"about":[{"href":"https:\/\/www.notibras.com\/site\/wp-json\/wp\/v2\/types\/post"}],"author":[{"embeddable":true,"href":"https:\/\/www.notibras.com\/site\/wp-json\/wp\/v2\/users\/2"}],"replies":[{"embeddable":true,"href":"https:\/\/www.notibras.com\/site\/wp-json\/wp\/v2\/comments?post=17617"}],"version-history":[{"count":0,"href":"https:\/\/www.notibras.com\/site\/wp-json\/wp\/v2\/posts\/17617\/revisions"}],"wp:featuredmedia":[{"embeddable":true,"href":"https:\/\/www.notibras.com\/site\/wp-json\/wp\/v2\/media\/17618"}],"wp:attachment":[{"href":"https:\/\/www.notibras.com\/site\/wp-json\/wp\/v2\/media?parent=17617"}],"wp:term":[{"taxonomy":"category","embeddable":true,"href":"https:\/\/www.notibras.com\/site\/wp-json\/wp\/v2\/categories?post=17617"},{"taxonomy":"post_tag","embeddable":true,"href":"https:\/\/www.notibras.com\/site\/wp-json\/wp\/v2\/tags?post=17617"}],"curies":[{"name":"wp","href":"https:\/\/api.w.org\/{rel}","templated":true}]}}