{"id":17748,"date":"2014-07-28T21:00:09","date_gmt":"2014-07-29T00:00:09","guid":{"rendered":"http:\/\/www.notibras.com\/site\/?p=17748"},"modified":"2014-07-28T21:01:05","modified_gmt":"2014-07-29T00:01:05","slug":"julho-chega-ao-fim-com-mais-de-600-incendios-no-cerrado","status":"publish","type":"post","link":"https:\/\/www.notibras.com\/site\/julho-chega-ao-fim-com-mais-de-600-incendios-no-cerrado\/","title":{"rendered":"Julho chega ao fim com mais de 600 inc\u00eandios na regi\u00e3o do cerrado"},"content":{"rendered":"<p>Com a chegada do per\u00edodo mais seco, em que a umidade relativa do ar pode atingir n\u00edveis cr\u00edticos, come\u00e7am os inc\u00eandios nas matas do Distrito Federal. Para combater o fogo, que chega a consumir grandes extens\u00f5es da mata nativa do Cerrado, o Corpo de Bombeiros Militar do Distrito Federal trabalha todos os anos, durante a estiagem, com a Opera\u00e7\u00e3o Verde Vivo.<\/p>\n<p>A opera\u00e7\u00e3o deste ano come\u00e7ou no dia 17 de maio e vai at\u00e9 novembro.<\/p>\n<p>Os trabalhos implicam aumento no efetivo da corpora\u00e7\u00e3o, reloca\u00e7\u00e3o de viaturas de outras unidades e a disponibiliza\u00e7\u00e3o de equipamentos espec\u00edficos de combate a inc\u00eandios nas \u00e1reas mais suscet\u00edveis. Em 2014, o Corpo de Bombeiros mobiliza diariamente na opera\u00e7\u00e3o 170 soldados, que comprem escala de 24 horas, e fica com 130 de sobreaviso. Os soldados contam com o apoio de oito centros de socorro, que cobrem toda a regi\u00e3o do Distrito Federal, al\u00e9m de 24 viaturas e quatro aeronaves.<\/p>\n<p>De acordo com a corpora\u00e7\u00e3o, do come\u00e7o deste ano at\u00e9 o corrente m\u00eas, foram registradas no Distrito Federal 1.226 ocorr\u00eancias de inc\u00eandio com aproximadamente 1.600 hectares queimados. Apenas neste m\u00eas, foram 638 casos, com 1.014,44 hectares queimados. Em julho do ano passado, o n\u00famero de inc\u00eandios chegou a 841 com 1.398, 85 hectares queimados \u2013 em todo o ano, foram 4.069 ocorr\u00eancias, com a queima de 7.853,48 hectares.<\/p>\n<blockquote><p>O Cerrado \u00e9 o segundo maior bioma brasileiro, perdendo somente para a Floresta Amaz\u00f4nica. Os inc\u00eandios no Cerrado provocam uma s\u00e9rie de problemas ambientais, destroem a vida vegetal e animal e contribuem para a redu\u00e7\u00e3o de recursos naturais como nascentes e o empobrecimento do solo para plantio e desenvolvimento da regi\u00e3o.<\/p><\/blockquote>\n<p>Os inc\u00eandios florestais podem ter causas naturais, como queda de raios, ou ser provocados por fatores humanos, como soltura de bal\u00f5es, pr\u00e1tica de queimadas para preparar o solo para a agricultura e queima de lixo, al\u00e9m de pontas de cigarro jogadas, principalmente \u00e0 margem de estradas.<\/p>\n<p>\u00c9 proibido o uso de fogo em \u00e1reas de floresta e nas demais formas de vegeta\u00e7\u00e3o \u2013 a queimada sem licen\u00e7a do \u00f3rg\u00e3o ambiental \u00e9 tida como inc\u00eandio criminoso e punida pela Lei de Crimes Ambientais. A pena para os repons\u00e1veis vai de um a quatro anos de reclus\u00e3o.<\/p>\n","protected":false},"excerpt":{"rendered":"<p>Com a chegada do per\u00edodo mais seco, em que a umidade relativa do ar pode atingir n\u00edveis cr\u00edticos, come\u00e7am os inc\u00eandios nas matas do Distrito Federal. Para combater o fogo, que chega a consumir grandes extens\u00f5es da mata nativa do Cerrado, o Corpo de Bombeiros Militar do Distrito Federal trabalha todos os anos, durante a [&hellip;]<\/p>\n","protected":false},"author":2,"featured_media":17749,"comment_status":"open","ping_status":"closed","sticky":false,"template":"","format":"standard","meta":{"_acf_changed":false,"footnotes":""},"categories":[1],"tags":[],"class_list":["post-17748","post","type-post","status-publish","format-standard","has-post-thumbnail","hentry","category-brasilia"],"acf":[],"_links":{"self":[{"href":"https:\/\/www.notibras.com\/site\/wp-json\/wp\/v2\/posts\/17748","targetHints":{"allow":["GET"]}}],"collection":[{"href":"https:\/\/www.notibras.com\/site\/wp-json\/wp\/v2\/posts"}],"about":[{"href":"https:\/\/www.notibras.com\/site\/wp-json\/wp\/v2\/types\/post"}],"author":[{"embeddable":true,"href":"https:\/\/www.notibras.com\/site\/wp-json\/wp\/v2\/users\/2"}],"replies":[{"embeddable":true,"href":"https:\/\/www.notibras.com\/site\/wp-json\/wp\/v2\/comments?post=17748"}],"version-history":[{"count":0,"href":"https:\/\/www.notibras.com\/site\/wp-json\/wp\/v2\/posts\/17748\/revisions"}],"wp:featuredmedia":[{"embeddable":true,"href":"https:\/\/www.notibras.com\/site\/wp-json\/wp\/v2\/media\/17749"}],"wp:attachment":[{"href":"https:\/\/www.notibras.com\/site\/wp-json\/wp\/v2\/media?parent=17748"}],"wp:term":[{"taxonomy":"category","embeddable":true,"href":"https:\/\/www.notibras.com\/site\/wp-json\/wp\/v2\/categories?post=17748"},{"taxonomy":"post_tag","embeddable":true,"href":"https:\/\/www.notibras.com\/site\/wp-json\/wp\/v2\/tags?post=17748"}],"curies":[{"name":"wp","href":"https:\/\/api.w.org\/{rel}","templated":true}]}}