{"id":17768,"date":"2014-07-29T01:31:07","date_gmt":"2014-07-29T04:31:07","guid":{"rendered":"http:\/\/www.notibras.com\/site\/?p=17768"},"modified":"2014-07-29T22:04:38","modified_gmt":"2014-07-30T01:04:38","slug":"ministerio-publico-sugere-inicio-imediato-de-racionamento-de-agua","status":"publish","type":"post","link":"https:\/\/www.notibras.com\/site\/ministerio-publico-sugere-inicio-imediato-de-racionamento-de-agua\/","title":{"rendered":"MP sugere in\u00edcio imediato de racionamento de \u00e1gua em SP"},"content":{"rendered":"<p>O Minist\u00e9rio P\u00fablico Federal em S\u00e3o Paulo recomendou, nesta segunda-feira (28), que o governo de S\u00e3o Paulo apresente projetos para o in\u00edcio imediato do racionamento de \u00e1gua na regi\u00e3o metropolitana abastecida pelo Sistema Cantareira.<\/p>\n<p>A recomenda\u00e7\u00e3o, que faz parte de um inqu\u00e9rito civil p\u00fablico para apurar a crise h\u00eddrica no Estado, tem como objetivo evitar um colapso dos reservat\u00f3rios que abastecem 45% da regi\u00e3o metropolitana e se baseia em um estudo da Unicamp que indica que o volume do Cantareira pode acabar em menos de 100 dias.<\/p>\n<p>O MP critica que o governo de Geraldo Alckmin e a Sabesp descartaram o racionamento e estabeleceu apenas a concess\u00e3o de descontos a quem economizar \u00e1gua, apesar da previs\u00e3o de poucas chuvas nos pr\u00f3ximos meses e dos baixos \u00edndices dos reservat\u00f3rios.<\/p>\n<blockquote><p>O governador Geraldo Alckmin e a Sabesp t\u00eam 10 dias para informar as provid\u00eancias a serem tomadas em rela\u00e7\u00e3o \u00e0 recomenda\u00e7\u00e3o. O MPF n\u00e3o descarta a ado\u00e7\u00e3o de medidas judiciais caso a recomenda\u00e7\u00e3o n\u00e3o seja seguida.<\/p><\/blockquote>\n<p>Em nota, a Sabesp disse discordar da recomenda\u00e7\u00e3o do MPF, e que um eventual racionamento &#8220;penalizaria a popula\u00e7\u00e3o e poderia produzir efeitos inversos daqueles pretendidos pelos procuradores&#8221;. &#8220;Os esfor\u00e7os feitos pela popula\u00e7\u00e3o e pela Sabesp at\u00e9 o momento equivalem \u00e0 economia que se obteria com um rod\u00edzio de 36 horas com \u00e1gua por 72 horas sem \u00e1gua. A Sabesp tem 40 anos de hist\u00f3ria e os melhores especialistas da Am\u00e9rica Latina em saneamento. Portanto, tem convic\u00e7\u00e3o das medidas adotadas&#8221;, informou.<\/p>\n","protected":false},"excerpt":{"rendered":"<p>O Minist\u00e9rio P\u00fablico Federal em S\u00e3o Paulo recomendou, nesta segunda-feira (28), que o governo de S\u00e3o Paulo apresente projetos para o in\u00edcio imediato do racionamento de \u00e1gua na regi\u00e3o metropolitana abastecida pelo Sistema Cantareira. A recomenda\u00e7\u00e3o, que faz parte de um inqu\u00e9rito civil p\u00fablico para apurar a crise h\u00eddrica no Estado, tem como objetivo evitar [&hellip;]<\/p>\n","protected":false},"author":2,"featured_media":17769,"comment_status":"open","ping_status":"closed","sticky":false,"template":"","format":"standard","meta":{"_acf_changed":false,"footnotes":""},"categories":[24],"tags":[],"class_list":["post-17768","post","type-post","status-publish","format-standard","has-post-thumbnail","hentry","category-sao-paulo"],"acf":[],"_links":{"self":[{"href":"https:\/\/www.notibras.com\/site\/wp-json\/wp\/v2\/posts\/17768","targetHints":{"allow":["GET"]}}],"collection":[{"href":"https:\/\/www.notibras.com\/site\/wp-json\/wp\/v2\/posts"}],"about":[{"href":"https:\/\/www.notibras.com\/site\/wp-json\/wp\/v2\/types\/post"}],"author":[{"embeddable":true,"href":"https:\/\/www.notibras.com\/site\/wp-json\/wp\/v2\/users\/2"}],"replies":[{"embeddable":true,"href":"https:\/\/www.notibras.com\/site\/wp-json\/wp\/v2\/comments?post=17768"}],"version-history":[{"count":0,"href":"https:\/\/www.notibras.com\/site\/wp-json\/wp\/v2\/posts\/17768\/revisions"}],"wp:featuredmedia":[{"embeddable":true,"href":"https:\/\/www.notibras.com\/site\/wp-json\/wp\/v2\/media\/17769"}],"wp:attachment":[{"href":"https:\/\/www.notibras.com\/site\/wp-json\/wp\/v2\/media?parent=17768"}],"wp:term":[{"taxonomy":"category","embeddable":true,"href":"https:\/\/www.notibras.com\/site\/wp-json\/wp\/v2\/categories?post=17768"},{"taxonomy":"post_tag","embeddable":true,"href":"https:\/\/www.notibras.com\/site\/wp-json\/wp\/v2\/tags?post=17768"}],"curies":[{"name":"wp","href":"https:\/\/api.w.org\/{rel}","templated":true}]}}