{"id":17775,"date":"2014-07-29T09:12:25","date_gmt":"2014-07-29T12:12:25","guid":{"rendered":"http:\/\/www.notibras.com\/site\/?p=17775"},"modified":"2014-07-29T09:51:45","modified_gmt":"2014-07-29T12:51:45","slug":"gdf-reajusta-tarifas-de-taxi-e-bandeirada-passa-de-r-408-para-r-450","status":"publish","type":"post","link":"https:\/\/www.notibras.com\/site\/gdf-reajusta-tarifas-de-taxi-e-bandeirada-passa-de-r-408-para-r-450\/","title":{"rendered":"GDF reajusta tarifas de t\u00e1xi e bandeirada passa de R$ 4,08 para R$ 4,50"},"content":{"rendered":"<p>O governo do Distrito Federal reajustou em 10,42% as tarifas de t\u00e1xi. O decreto foi publicado nesta ter\u00e7a-feira (29) no Di\u00e1rio Oficial e prev\u00ea, que o valor inicial da corrida &#8211; bandeirada &#8211; passe de R$ 4,08 para R$ 4,50. Este foi o segundo aumento em um ano e quatro meses.<\/p>\n<blockquote><p>Com a medida, o quil\u00f4metro percorrido na bandeira 1 sobe de R$ 2,22 para R$ 2,45 e na bandeira 2, de R$ 2,82 para R$ 3,12. J\u00e1 o pre\u00e7o da hora parada vai de R$ 24,70 para R$ 27,29.<\/p><\/blockquote>\n<p>Durante a Copa do Mundo, o GDF chegou a autorizar a cobran\u00e7a de bandeira 2 durante todas as viagens. A medida foi vetada pelo Tribunal de Justi\u00e7a.<\/p>\n","protected":false},"excerpt":{"rendered":"<p>O governo do Distrito Federal reajustou em 10,42% as tarifas de t\u00e1xi. O decreto foi publicado nesta ter\u00e7a-feira (29) no Di\u00e1rio Oficial e prev\u00ea, que o valor inicial da corrida &#8211; bandeirada &#8211; passe de R$ 4,08 para R$ 4,50. Este foi o segundo aumento em um ano e quatro meses. Com a medida, o [&hellip;]<\/p>\n","protected":false},"author":1,"featured_media":17776,"comment_status":"open","ping_status":"closed","sticky":false,"template":"","format":"standard","meta":{"_acf_changed":false,"footnotes":""},"categories":[1],"tags":[],"class_list":["post-17775","post","type-post","status-publish","format-standard","has-post-thumbnail","hentry","category-brasilia"],"acf":[],"_links":{"self":[{"href":"https:\/\/www.notibras.com\/site\/wp-json\/wp\/v2\/posts\/17775","targetHints":{"allow":["GET"]}}],"collection":[{"href":"https:\/\/www.notibras.com\/site\/wp-json\/wp\/v2\/posts"}],"about":[{"href":"https:\/\/www.notibras.com\/site\/wp-json\/wp\/v2\/types\/post"}],"author":[{"embeddable":true,"href":"https:\/\/www.notibras.com\/site\/wp-json\/wp\/v2\/users\/1"}],"replies":[{"embeddable":true,"href":"https:\/\/www.notibras.com\/site\/wp-json\/wp\/v2\/comments?post=17775"}],"version-history":[{"count":0,"href":"https:\/\/www.notibras.com\/site\/wp-json\/wp\/v2\/posts\/17775\/revisions"}],"wp:featuredmedia":[{"embeddable":true,"href":"https:\/\/www.notibras.com\/site\/wp-json\/wp\/v2\/media\/17776"}],"wp:attachment":[{"href":"https:\/\/www.notibras.com\/site\/wp-json\/wp\/v2\/media?parent=17775"}],"wp:term":[{"taxonomy":"category","embeddable":true,"href":"https:\/\/www.notibras.com\/site\/wp-json\/wp\/v2\/categories?post=17775"},{"taxonomy":"post_tag","embeddable":true,"href":"https:\/\/www.notibras.com\/site\/wp-json\/wp\/v2\/tags?post=17775"}],"curies":[{"name":"wp","href":"https:\/\/api.w.org\/{rel}","templated":true}]}}