{"id":17844,"date":"2014-07-29T21:52:17","date_gmt":"2014-07-30T00:52:17","guid":{"rendered":"http:\/\/www.notibras.com\/site\/?p=17844"},"modified":"2014-07-31T02:43:40","modified_gmt":"2014-07-31T05:43:40","slug":"mulher-mata-filho-em-minas-e-grava-video-eu-te-amo-mae-diz-crianca","status":"publish","type":"post","link":"https:\/\/www.notibras.com\/site\/mulher-mata-filho-em-minas-e-grava-video-eu-te-amo-mae-diz-crianca\/","title":{"rendered":"Mulher mata filho de 2 anos e grava v\u00eddeo. &#8216;Eu te amo, m\u00e3e&#8217;"},"content":{"rendered":"<p>A Pol\u00edcia Civil apresentou na tarde desta ter\u00e7a-feira no Departamento de Homic\u00eddios e Prote\u00e7\u00e3o \u00e0 Pessoa de Belo Horizonte (DHPP) a dona de casa Mar\u00edlia Cristiane Gomes, 19 anos, que confessou ter matado o filho de 2 anos e escondido o corpo no sof\u00e1 da casa vizinha onde mora a fam\u00edlia em Ibirit\u00e9, na regi\u00e3o metropolitana de Belo Horizonte.<\/p>\n<p class=\"text\">Durante a apresenta\u00e7\u00e3o, Mar\u00edlia negou ter tido a inten\u00e7\u00e3o de matar o filho Keven Gomes Sobral e disse estar arrependida, mas de acordo com o delegado Davi Batista, durante o depoimento ela mostrou frieza e preocupa\u00e7\u00e3o apenas com a puni\u00e7\u00e3o sofrer\u00e1.<\/p>\n<blockquote>\n<p class=\"text\">&#8220;A todo momento ela chorava, mas era pelo que ela ir\u00e1 pagar e n\u00e3o pela morte do filho,&#8221; disse.\u00a0Um dia antes do crime, Mar\u00edlia chegou a gravar um v\u00eddeo no telefone celular em que pedia o filho para repetir: &#8220;mam\u00e3e, te amo&#8221;.<\/p>\n<\/blockquote>\n<p class=\"text\">O crime foi cometido por um motivo f\u00fatil, segundo apurou a pol\u00edcia: \u201cEla contou que o menino estava dormindo e quando se levantou mexeu no celular. O aparelho caiu e o garoto deu um tapa na m\u00e3o dela quando foi pegar o telefone. Nervosa, ela contou que pegou as duas m\u00e3os da crian\u00e7a e a arremessou com for\u00e7a na cama do casal. O menino bateu a cabe\u00e7a na parede e desmaiou,&#8221; explicou.<\/p>\n<p class=\"text\">Ainda de acordo com o delegado, a dona de casa contou que o menino come\u00e7ou a espumar pela boca e com medo de ser presa, pegou o filho e o levou at\u00e9 a casa dos cunhados dela, que s\u00e3o tios do menino e estavam viajando: &#8220;No local ela tirou o forro do sof\u00e1, enrolou o menino em um len\u00e7ol e o colocou l\u00e1. Depois voltou a colar o forro do m\u00f3vel,&#8221; esclareceu.<\/p>\n<p class=\"text\">O corpo da crian\u00e7a foi encontrado por uma tia, que chegou na casa e notou o mau cheiro vindo do sof\u00e1. A mulher ent\u00e3o chamou o marido e eles encontraram o corpo. Foi pr\u00f3pria m\u00e3e quem acionou a pol\u00edcia, na \u00faltima quinta-feira, dando not\u00edcia do desaparecimento do filho, dizendo que o menino teria sumido enquanto ela lavava roupas. O Corpo de Bombeiros chegou a fazer buscas na regi\u00e3o.<\/p>\n<p class=\"text\">A pol\u00edcia come\u00e7ou a desconfiar da mulher a partir do momento em que ela tentou fazer a libera\u00e7\u00e3o do corpo no IML de Betim: &#8220;Ela parecia tranquila e n\u00e3o mostrava nenhum sentimento pela morte da crian\u00e7a. Durante as investiga\u00e7\u00f5es ela foi ouvida e caiu em contradi\u00e7\u00f5es v\u00e1rias vezes, culpando parentes e at\u00e9 o pai pelo crime&#8221;, afirmou o delegado. &#8220;Por fim ela confessou&#8221;, concluiu.<\/p>\n<p class=\"text\">Mar\u00edlia Cristiane Gomes vai ser indiciada por homic\u00eddio e oculta\u00e7\u00e3o de cad\u00e1ver. Ela teve a pris\u00e3o preventiva decretada. Para os jornalistas, afirmou que quer pagar pelo crime e disse estar sofrendo muito: &#8220;N\u00e3o tinha inten\u00e7\u00e3o de matar o meu filho, queria que algu\u00e9m encontrasse o corpo, por isso chamei os bombeiros,&#8221; disse.<\/p>\n<blockquote>\n<p class=\"text\">O pai da crian\u00e7a, Claudio Ribeiro Sobral, 31 anos, disse que a mulher j\u00e1 havia batido no filho outras vezes, e que quando ele reclamava, &#8220;ela dizia que estava educando o filho&#8221;. Claudio contou que o menino era bastante alegre e n\u00e3o tinha problemas de comportamento. Quando ouviu o depoimento da mulher, ele passou mal e teve que ser amparado por policiais.<\/p>\n<\/blockquote>\n","protected":false},"excerpt":{"rendered":"<p>A Pol\u00edcia Civil apresentou na tarde desta ter\u00e7a-feira no Departamento de Homic\u00eddios e Prote\u00e7\u00e3o \u00e0 Pessoa de Belo Horizonte (DHPP) a dona de casa Mar\u00edlia Cristiane Gomes, 19 anos, que confessou ter matado o filho de 2 anos e escondido o corpo no sof\u00e1 da casa vizinha onde mora a fam\u00edlia em Ibirit\u00e9, na regi\u00e3o [&hellip;]<\/p>\n","protected":false},"author":2,"featured_media":17845,"comment_status":"open","ping_status":"closed","sticky":false,"template":"","format":"standard","meta":{"_acf_changed":false,"footnotes":""},"categories":[16],"tags":[],"class_list":["post-17844","post","type-post","status-publish","format-standard","has-post-thumbnail","hentry","category-brasil"],"acf":[],"_links":{"self":[{"href":"https:\/\/www.notibras.com\/site\/wp-json\/wp\/v2\/posts\/17844","targetHints":{"allow":["GET"]}}],"collection":[{"href":"https:\/\/www.notibras.com\/site\/wp-json\/wp\/v2\/posts"}],"about":[{"href":"https:\/\/www.notibras.com\/site\/wp-json\/wp\/v2\/types\/post"}],"author":[{"embeddable":true,"href":"https:\/\/www.notibras.com\/site\/wp-json\/wp\/v2\/users\/2"}],"replies":[{"embeddable":true,"href":"https:\/\/www.notibras.com\/site\/wp-json\/wp\/v2\/comments?post=17844"}],"version-history":[{"count":0,"href":"https:\/\/www.notibras.com\/site\/wp-json\/wp\/v2\/posts\/17844\/revisions"}],"wp:featuredmedia":[{"embeddable":true,"href":"https:\/\/www.notibras.com\/site\/wp-json\/wp\/v2\/media\/17845"}],"wp:attachment":[{"href":"https:\/\/www.notibras.com\/site\/wp-json\/wp\/v2\/media?parent=17844"}],"wp:term":[{"taxonomy":"category","embeddable":true,"href":"https:\/\/www.notibras.com\/site\/wp-json\/wp\/v2\/categories?post=17844"},{"taxonomy":"post_tag","embeddable":true,"href":"https:\/\/www.notibras.com\/site\/wp-json\/wp\/v2\/tags?post=17844"}],"curies":[{"name":"wp","href":"https:\/\/api.w.org\/{rel}","templated":true}]}}