{"id":17851,"date":"2014-07-29T20:58:14","date_gmt":"2014-07-29T23:58:14","guid":{"rendered":"http:\/\/www.notibras.com\/site\/?p=17851"},"modified":"2014-07-29T22:03:27","modified_gmt":"2014-07-30T01:03:27","slug":"mae-mata-filha-de-seis-anos-em-ritual-de-purificacao","status":"publish","type":"post","link":"https:\/\/www.notibras.com\/site\/mae-mata-filha-de-seis-anos-em-ritual-de-purificacao\/","title":{"rendered":"M\u00e3e mata filha de seis anos em um ritual de purifica\u00e7\u00e3o"},"content":{"rendered":"<p>Vanessa Aparecida Ramos do Nascimento relata com frieza em depoimento para a Pol\u00edcia Civil (PC) como foi a morte da filha Maria Clara Zortea Ramalho, de 6 anos. O v\u00eddeo tem pouco mais de 7 minutos. A m\u00e3e e uma amiga Giulia Albuquerque confessaram matar a menina e enterrar o corpo pr\u00f3ximo a Santa Tereza do Oeste.<\/p>\n<p>A mulher conta que no dia do crime por volta das 3 horas da madrugada a menina foi colocada no porta-malas do carro. \u00c1s sete horas da manh\u00e3, ela teria dito para a amiga para tir\u00e1-la de l\u00e1, mas Giulia teria dito que &#8220;Deus quer que ela fique um pouco mais&#8221;. A garota estava no carro para uma esp\u00e9cie de purifica\u00e7\u00e3o.<\/p>\n<p>\u00c0s 9 horas elas abriram o porta-malas e viram que a menina n\u00e3o respirava. &#8220;Tiramos Maria Clara do carro e levamos para casa. Ela me disse para sair e deixar ela fazer respira\u00e7\u00e3o boca a boca. Depois de 10 minutos voltei para o c\u00f4modo e vi que ela estava morta&#8221;. Vanessa ent\u00e3o teria dita para Giulia que elas deveriam chamar o IML.<\/p>\n<blockquote><p>&#8220;Ela disse que n\u00e3o poder\u00edamos fazer isso, porque a pol\u00edcia ia descobrir as marcas no corpo dela e eu ia ser presa e perderia minha outra filha&#8221;. Al\u00e9m de Maria Clara, Vanessa tinha uma menina de 2 anos que presenciou tudo. As marcas de acordo com depoimento teriam sido causadas por Giulia quando a menina apanhava por desobedecer. &#8220;Ela tamb\u00e9m dizia que Deus daria uma solu\u00e7\u00e3o&#8221;.<\/p><\/blockquote>\n<p>No fim da manh\u00e3 foi quando ela disse que Deus tinha dado a solu\u00e7\u00e3o: enterrar o corpo de Maria Clara. Entre \u00e1s 17 e 18 horas o corpo foi levado para um morro pr\u00f3ximo a Santa Tereza. &#8220;No carro levamos a Emily na cadeirinha e a Maria Clara no porta-malas&#8221;.<\/p>\n<p>O morro o qual Vanessa se refere, seria um local onde ela e amiga j\u00e1 teriam estado v\u00e1rias vezes, inclusive com as duas crian\u00e7as. &#8220;Teve uma passagem de ano que a Giulia n\u00e3o queria ouvir os fogos de artif\u00edcio e fomos para o morro, l\u00e1 dormimos dentro do carro, n\u00f3s quatro&#8221;.<\/p>\n<p>A pol\u00edcia tamb\u00e9m perguntou para a m\u00e3e se ela mantinha um relacionamento amoroso com a amiga, mas ela negou.<\/p>\n<p>Quando chegaram ao matagal, apenas Giulia desceu do carro, segundo Vanessa, e foi at\u00e9 ao local para cavar uma cova. &#8220;Depois ela me chamou e eu entreguei a menina. N\u00e3o vi se era funda a cova, acho que era rasa, n\u00e3o me lembro&#8221;.<\/p>\n<p>Depois de enterrar Maria Clara elas teriam retornado para casa.Vanessa Aparecida Ramos do Nascimento relata com frieza em depoimento para a Pol\u00edcia Civil (PC) como foi a morte da filha Maria Clara Zortea Ramalho, de 6 anos. O v\u00eddeo tem pouco mais de 7 minutos. A m\u00e3e e uma amiga Giulia Albuquerque confessaram matar a menina e enterrar o corpo pr\u00f3ximo a Santa Tereza do Oeste.<\/p>\n","protected":false},"excerpt":{"rendered":"<p>Vanessa Aparecida Ramos do Nascimento relata com frieza em depoimento para a Pol\u00edcia Civil (PC) como foi a morte da filha Maria Clara Zortea Ramalho, de 6 anos. O v\u00eddeo tem pouco mais de 7 minutos. A m\u00e3e e uma amiga Giulia Albuquerque confessaram matar a menina e enterrar o corpo pr\u00f3ximo a Santa Tereza [&hellip;]<\/p>\n","protected":false},"author":2,"featured_media":17852,"comment_status":"open","ping_status":"closed","sticky":false,"template":"","format":"standard","meta":{"_acf_changed":false,"footnotes":""},"categories":[16],"tags":[],"class_list":["post-17851","post","type-post","status-publish","format-standard","has-post-thumbnail","hentry","category-brasil"],"acf":[],"_links":{"self":[{"href":"https:\/\/www.notibras.com\/site\/wp-json\/wp\/v2\/posts\/17851","targetHints":{"allow":["GET"]}}],"collection":[{"href":"https:\/\/www.notibras.com\/site\/wp-json\/wp\/v2\/posts"}],"about":[{"href":"https:\/\/www.notibras.com\/site\/wp-json\/wp\/v2\/types\/post"}],"author":[{"embeddable":true,"href":"https:\/\/www.notibras.com\/site\/wp-json\/wp\/v2\/users\/2"}],"replies":[{"embeddable":true,"href":"https:\/\/www.notibras.com\/site\/wp-json\/wp\/v2\/comments?post=17851"}],"version-history":[{"count":0,"href":"https:\/\/www.notibras.com\/site\/wp-json\/wp\/v2\/posts\/17851\/revisions"}],"wp:featuredmedia":[{"embeddable":true,"href":"https:\/\/www.notibras.com\/site\/wp-json\/wp\/v2\/media\/17852"}],"wp:attachment":[{"href":"https:\/\/www.notibras.com\/site\/wp-json\/wp\/v2\/media?parent=17851"}],"wp:term":[{"taxonomy":"category","embeddable":true,"href":"https:\/\/www.notibras.com\/site\/wp-json\/wp\/v2\/categories?post=17851"},{"taxonomy":"post_tag","embeddable":true,"href":"https:\/\/www.notibras.com\/site\/wp-json\/wp\/v2\/tags?post=17851"}],"curies":[{"name":"wp","href":"https:\/\/api.w.org\/{rel}","templated":true}]}}