{"id":17889,"date":"2014-07-30T14:29:12","date_gmt":"2014-07-30T17:29:12","guid":{"rendered":"http:\/\/www.notibras.com\/site\/?p=17889"},"modified":"2014-07-30T14:29:12","modified_gmt":"2014-07-30T17:29:12","slug":"o-esforco-concentrado-e-a-encenacao-do-congresso-nacional","status":"publish","type":"post","link":"https:\/\/www.notibras.com\/site\/o-esforco-concentrado-e-a-encenacao-do-congresso-nacional\/","title":{"rendered":"O esfor\u00e7o concentrado e a encena\u00e7\u00e3o do Congresso Nacional"},"content":{"rendered":"<p>Deputados e senadores v\u00e3o interromper suas campanhas eleitorais, retornado \u00e0 Bras\u00edlia para participa\u00e7\u00e3o de um \u2018\u2019esfor\u00e7o concentrado\u2019\u2019 de dois dias, nas pr\u00f3ximas ter\u00e7a e quarta feiras.\u00a0 \u00c9 uma tentativa engenhosa arquitetada para tentar convencer a sociedade de que o Congresso Nacional est\u00e1 funcionando. Mas j\u00e1 na quinta-feira, os parlamentares colocam novamente o p\u00e9 na estrada para continuarem a ca\u00e7a de votos.<\/p>\n<p>Para os dias 2 e 3 de setembro est\u00e1 programado um segundo \u2018\u2019esfor\u00e7o concentrado\u2019\u2019.<\/p>\n<p>At\u00e9 que tem projetos importantes e de interesse da sociedade para serem votados. O mais importante deles \u00e9 a Lei das Diretrizes\u00a0 Or\u00e7ament\u00e1rias para 2015. Tal proposta, pela Constitui\u00e7\u00e3o, devera ter sido votada antes do per\u00edodo de f\u00e9rias, iniciado no dia 17 de julho. Mas isso n\u00e3o aconteceu\u00a0 por falta de qu\u00f3rum. Os parlamentares estavam liberados para assistirem aos jogos da Copa do Mundo.<\/p>\n<blockquote><p>O \u00eaxito dos dois \u2018\u2019esfor\u00e7os concentrados\u2019\u2019 poder\u00e1 se frustrar pelo fato de a oposi\u00e7\u00e3o anunciar que vai continuar obstruindo as vota\u00e7\u00f5es enquanto a presidente Dilma Rousseff n\u00e3o revogar o decreto que prev\u00ea a forma\u00e7\u00e3o de Conselhos Populares com o objetivo\u00a0 de influenciar em decis\u00f5es sobre pol\u00edticas governamentais. N\u00e3o h\u00e1 sinal do Pal\u00e1cio do Planalto que ela vai recuar.<\/p><\/blockquote>\n<p>Para a oposi\u00e7\u00e3o, o decreto invade as prerrogativas do Poder Legislativo. Ele \u00e9 inconstitucional, \u00e9 um afronta ao regime de representa\u00e7\u00e3o.<\/p>\n<p>Portanto, os dois \u2018\u2019esfor\u00e7os concentrados\u2019\u2019 correm o risco de n\u00e3o acontecerem, o que validar\u00e1 o \u2018\u2019 engana que eu gosto\u2019\u2019.<\/p>\n<p>Dos atuais 594 parlamentares, 12 senadores e 37 deputados desistiram de tentar um novo mandato nas elei\u00e7\u00f5es de outubro. Entre eles est\u00e3o pol\u00edticos com larga experi\u00eancia na vida p\u00fablica, como os senadores Jos\u00e9 Sarney (PMDB-MA), Pedro Simom (PMDB-RS) e Casildo Maldaner (PMDB-SC) e Epit\u00e1cio Cafeteira (PTB-MA).<\/p>\n<p>Os motivos desses desinteresses s\u00e3o v\u00e1rios: idade avan\u00e7ada, problemas de sa\u00fade, frustra\u00e7\u00e3o com a pol\u00edtica e volta aos neg\u00f3cios da fam\u00edlia. Entre os deputados est\u00e3o Inoc\u00eancio de Oliveira, Dr. Rosinha, Abelardo Lupion, Gabriel Chalita, J\u00falio Semeghini e Jos\u00e9 Aparecido.<\/p>\n<p>E quem\u00a0 dever\u00e1 ser impedido de disputar a reelei\u00e7\u00e3o \u00e9 o deputado Paulo Maluf. O registro de sua candidatura foi impregnado pela Procuradoria Regional Eleitoral de S\u00e3o Paulo. A alega\u00e7\u00e3o \u00e9 de que ele foi condenado pelo Tribunal de Justi\u00e7a, no fim do ano passado, por improbidade administrativa no processo de constru\u00e7\u00e3o do T\u00fanel Ayrton Senna. De acordo com a senten\u00e7a, o ent\u00e3o prefeito da capital paulista (1993-1996) super &#8211; faturou a obra. Ele foi enquadrado na Lei da Ficha Limpa.<\/p>\n<p><strong>Cl\u00e1udio Coletti<\/strong><\/p>\n","protected":false},"excerpt":{"rendered":"<p>Deputados e senadores v\u00e3o interromper suas campanhas eleitorais, retornado \u00e0 Bras\u00edlia para participa\u00e7\u00e3o de um \u2018\u2019esfor\u00e7o concentrado\u2019\u2019 de dois dias, nas pr\u00f3ximas ter\u00e7a e quarta feiras.\u00a0 \u00c9 uma tentativa engenhosa arquitetada para tentar convencer a sociedade de que o Congresso Nacional est\u00e1 funcionando. Mas j\u00e1 na quinta-feira, os parlamentares colocam novamente o p\u00e9 na estrada [&hellip;]<\/p>\n","protected":false},"author":2,"featured_media":17891,"comment_status":"open","ping_status":"closed","sticky":false,"template":"","format":"standard","meta":{"_acf_changed":false,"footnotes":""},"categories":[25],"tags":[],"class_list":["post-17889","post","type-post","status-publish","format-standard","has-post-thumbnail","hentry","category-opina-ai"],"acf":[],"yoast_head":"<!-- This site is optimized with the Yoast SEO plugin v27.5 - https:\/\/yoast.com\/product\/yoast-seo-wordpress\/ -->\n<title>O esfor\u00e7o concentrado e a encena\u00e7\u00e3o do Congresso Nacional - Notibras<\/title>\n<meta name=\"robots\" content=\"index, follow, max-snippet:-1, max-image-preview:large, max-video-preview:-1\" \/>\n<link rel=\"canonical\" href=\"https:\/\/www.notibras.com\/site\/o-esforco-concentrado-e-a-encenacao-do-congresso-nacional\/\" \/>\n<meta property=\"og:locale\" content=\"pt_BR\" \/>\n<meta property=\"og:type\" content=\"article\" \/>\n<meta property=\"og:title\" content=\"O esfor\u00e7o concentrado e a encena\u00e7\u00e3o do Congresso Nacional - Notibras\" \/>\n<meta property=\"og:description\" content=\"Deputados e senadores v\u00e3o interromper suas campanhas eleitorais, retornado \u00e0 Bras\u00edlia para participa\u00e7\u00e3o de um \u2018\u2019esfor\u00e7o concentrado\u2019\u2019 de dois dias, nas pr\u00f3ximas ter\u00e7a e quarta feiras.\u00a0 \u00c9 uma tentativa engenhosa arquitetada para tentar convencer a sociedade de que o Congresso Nacional est\u00e1 funcionando. Mas j\u00e1 na quinta-feira, os parlamentares colocam novamente o p\u00e9 na estrada [&hellip;]\" \/>\n<meta property=\"og:url\" content=\"https:\/\/www.notibras.com\/site\/o-esforco-concentrado-e-a-encenacao-do-congresso-nacional\/\" \/>\n<meta property=\"og:site_name\" content=\"Notibras\" \/>\n<meta property=\"article:publisher\" content=\"https:\/\/www.facebook.com\/notibras\/\" \/>\n<meta property=\"article:published_time\" content=\"2014-07-30T17:29:12+00:00\" \/>\n<meta property=\"og:image\" content=\"https:\/\/www.notibras.com\/site\/wp-content\/uploads\/2014\/07\/congresso_2014-05-22.jpg\" \/>\n\t<meta property=\"og:image:width\" content=\"640\" \/>\n\t<meta property=\"og:image:height\" content=\"423\" \/>\n\t<meta property=\"og:image:type\" content=\"image\/jpeg\" \/>\n<meta name=\"author\" content=\"Reda\u00e7\u00e3o\" \/>\n<meta name=\"twitter:card\" content=\"summary_large_image\" \/>\n<meta name=\"twitter:creator\" content=\"@Notibras\" \/>\n<meta name=\"twitter:site\" content=\"@Notibras\" \/>\n<meta name=\"twitter:label1\" content=\"Escrito por\" \/>\n\t<meta name=\"twitter:data1\" content=\"Reda\u00e7\u00e3o\" \/>\n\t<meta name=\"twitter:label2\" content=\"Est. tempo de leitura\" \/>\n\t<meta name=\"twitter:data2\" content=\"2 minutos\" \/>\n<script type=\"application\/ld+json\" class=\"yoast-schema-graph\">{\"@context\":\"https:\\\/\\\/schema.org\",\"@graph\":[{\"@type\":\"Article\",\"@id\":\"https:\\\/\\\/www.notibras.com\\\/site\\\/o-esforco-concentrado-e-a-encenacao-do-congresso-nacional\\\/#article\",\"isPartOf\":{\"@id\":\"https:\\\/\\\/www.notibras.com\\\/site\\\/o-esforco-concentrado-e-a-encenacao-do-congresso-nacional\\\/\"},\"author\":{\"name\":\"Reda\u00e7\u00e3o\",\"@id\":\"https:\\\/\\\/www.notibras.com\\\/site\\\/#\\\/schema\\\/person\\\/36ab0979449956132d3e5b517ea76ac8\"},\"headline\":\"O esfor\u00e7o concentrado e a encena\u00e7\u00e3o do Congresso Nacional\",\"datePublished\":\"2014-07-30T17:29:12+00:00\",\"mainEntityOfPage\":{\"@id\":\"https:\\\/\\\/www.notibras.com\\\/site\\\/o-esforco-concentrado-e-a-encenacao-do-congresso-nacional\\\/\"},\"wordCount\":456,\"commentCount\":0,\"publisher\":{\"@id\":\"https:\\\/\\\/www.notibras.com\\\/site\\\/#organization\"},\"image\":{\"@id\":\"https:\\\/\\\/www.notibras.com\\\/site\\\/o-esforco-concentrado-e-a-encenacao-do-congresso-nacional\\\/#primaryimage\"},\"thumbnailUrl\":\"https:\\\/\\\/www.notibras.com\\\/site\\\/wp-content\\\/uploads\\\/2014\\\/07\\\/congresso_2014-05-22.jpg\",\"articleSection\":[\"Opina a\u00ed\"],\"inLanguage\":\"pt-BR\",\"potentialAction\":[{\"@type\":\"CommentAction\",\"name\":\"Comment\",\"target\":[\"https:\\\/\\\/www.notibras.com\\\/site\\\/o-esforco-concentrado-e-a-encenacao-do-congresso-nacional\\\/#respond\"]}]},{\"@type\":\"WebPage\",\"@id\":\"https:\\\/\\\/www.notibras.com\\\/site\\\/o-esforco-concentrado-e-a-encenacao-do-congresso-nacional\\\/\",\"url\":\"https:\\\/\\\/www.notibras.com\\\/site\\\/o-esforco-concentrado-e-a-encenacao-do-congresso-nacional\\\/\",\"name\":\"O esfor\u00e7o concentrado e a encena\u00e7\u00e3o do Congresso Nacional - Notibras\",\"isPartOf\":{\"@id\":\"https:\\\/\\\/www.notibras.com\\\/site\\\/#website\"},\"primaryImageOfPage\":{\"@id\":\"https:\\\/\\\/www.notibras.com\\\/site\\\/o-esforco-concentrado-e-a-encenacao-do-congresso-nacional\\\/#primaryimage\"},\"image\":{\"@id\":\"https:\\\/\\\/www.notibras.com\\\/site\\\/o-esforco-concentrado-e-a-encenacao-do-congresso-nacional\\\/#primaryimage\"},\"thumbnailUrl\":\"https:\\\/\\\/www.notibras.com\\\/site\\\/wp-content\\\/uploads\\\/2014\\\/07\\\/congresso_2014-05-22.jpg\",\"datePublished\":\"2014-07-30T17:29:12+00:00\",\"breadcrumb\":{\"@id\":\"https:\\\/\\\/www.notibras.com\\\/site\\\/o-esforco-concentrado-e-a-encenacao-do-congresso-nacional\\\/#breadcrumb\"},\"inLanguage\":\"pt-BR\",\"potentialAction\":[{\"@type\":\"ReadAction\",\"target\":[\"https:\\\/\\\/www.notibras.com\\\/site\\\/o-esforco-concentrado-e-a-encenacao-do-congresso-nacional\\\/\"]}]},{\"@type\":\"ImageObject\",\"inLanguage\":\"pt-BR\",\"@id\":\"https:\\\/\\\/www.notibras.com\\\/site\\\/o-esforco-concentrado-e-a-encenacao-do-congresso-nacional\\\/#primaryimage\",\"url\":\"https:\\\/\\\/www.notibras.com\\\/site\\\/wp-content\\\/uploads\\\/2014\\\/07\\\/congresso_2014-05-22.jpg\",\"contentUrl\":\"https:\\\/\\\/www.notibras.com\\\/site\\\/wp-content\\\/uploads\\\/2014\\\/07\\\/congresso_2014-05-22.jpg\",\"width\":640,\"height\":423},{\"@type\":\"BreadcrumbList\",\"@id\":\"https:\\\/\\\/www.notibras.com\\\/site\\\/o-esforco-concentrado-e-a-encenacao-do-congresso-nacional\\\/#breadcrumb\",\"itemListElement\":[{\"@type\":\"ListItem\",\"position\":1,\"name\":\"In\u00edcio\",\"item\":\"https:\\\/\\\/www.notibras.com\\\/site\\\/\"},{\"@type\":\"ListItem\",\"position\":2,\"name\":\"O esfor\u00e7o concentrado e a encena\u00e7\u00e3o do Congresso Nacional\"}]},{\"@type\":\"WebSite\",\"@id\":\"https:\\\/\\\/www.notibras.com\\\/site\\\/#website\",\"url\":\"https:\\\/\\\/www.notibras.com\\\/site\\\/\",\"name\":\"Notibras\",\"description\":\"Not\u00edcias de Bras\u00edlia, do Brasil e do Mundo\",\"publisher\":{\"@id\":\"https:\\\/\\\/www.notibras.com\\\/site\\\/#organization\"},\"potentialAction\":[{\"@type\":\"SearchAction\",\"target\":{\"@type\":\"EntryPoint\",\"urlTemplate\":\"https:\\\/\\\/www.notibras.com\\\/site\\\/?s={search_term_string}\"},\"query-input\":{\"@type\":\"PropertyValueSpecification\",\"valueRequired\":true,\"valueName\":\"search_term_string\"}}],\"inLanguage\":\"pt-BR\"},{\"@type\":\"Organization\",\"@id\":\"https:\\\/\\\/www.notibras.com\\\/site\\\/#organization\",\"name\":\"Grupo Notibras de Comunica\u00e7\u00e3o\",\"url\":\"https:\\\/\\\/www.notibras.com\\\/site\\\/\",\"logo\":{\"@type\":\"ImageObject\",\"inLanguage\":\"pt-BR\",\"@id\":\"https:\\\/\\\/www.notibras.com\\\/site\\\/#\\\/schema\\\/logo\\\/image\\\/\",\"url\":\"https:\\\/\\\/www.notibras.com\\\/site\\\/wp-content\\\/uploads\\\/2023\\\/01\\\/notibras23.png\",\"contentUrl\":\"https:\\\/\\\/www.notibras.com\\\/site\\\/wp-content\\\/uploads\\\/2023\\\/01\\\/notibras23.png\",\"width\":350,\"height\":87,\"caption\":\"Grupo Notibras de Comunica\u00e7\u00e3o\"},\"image\":{\"@id\":\"https:\\\/\\\/www.notibras.com\\\/site\\\/#\\\/schema\\\/logo\\\/image\\\/\"},\"sameAs\":[\"https:\\\/\\\/www.facebook.com\\\/notibras\\\/\",\"https:\\\/\\\/x.com\\\/Notibras\",\"https:\\\/\\\/www.instagram.com\\\/notibras\\\/\"]},{\"@type\":\"Person\",\"@id\":\"https:\\\/\\\/www.notibras.com\\\/site\\\/#\\\/schema\\\/person\\\/36ab0979449956132d3e5b517ea76ac8\",\"name\":\"Reda\u00e7\u00e3o\",\"image\":{\"@type\":\"ImageObject\",\"inLanguage\":\"pt-BR\",\"@id\":\"https:\\\/\\\/secure.gravatar.com\\\/avatar\\\/e0a867bdedb85fd243eadf09663511f96fc81e0720a4a42581f334ad4303aa6b?s=96&d=mm&r=g\",\"url\":\"https:\\\/\\\/secure.gravatar.com\\\/avatar\\\/e0a867bdedb85fd243eadf09663511f96fc81e0720a4a42581f334ad4303aa6b?s=96&d=mm&r=g\",\"contentUrl\":\"https:\\\/\\\/secure.gravatar.com\\\/avatar\\\/e0a867bdedb85fd243eadf09663511f96fc81e0720a4a42581f334ad4303aa6b?s=96&d=mm&r=g\",\"caption\":\"Reda\u00e7\u00e3o\"}}]}<\/script>\n<!-- \/ Yoast SEO plugin. -->","yoast_head_json":{"title":"O esfor\u00e7o concentrado e a encena\u00e7\u00e3o do Congresso Nacional - Notibras","robots":{"index":"index","follow":"follow","max-snippet":"max-snippet:-1","max-image-preview":"max-image-preview:large","max-video-preview":"max-video-preview:-1"},"canonical":"https:\/\/www.notibras.com\/site\/o-esforco-concentrado-e-a-encenacao-do-congresso-nacional\/","og_locale":"pt_BR","og_type":"article","og_title":"O esfor\u00e7o concentrado e a encena\u00e7\u00e3o do Congresso Nacional - Notibras","og_description":"Deputados e senadores v\u00e3o interromper suas campanhas eleitorais, retornado \u00e0 Bras\u00edlia para participa\u00e7\u00e3o de um \u2018\u2019esfor\u00e7o concentrado\u2019\u2019 de dois dias, nas pr\u00f3ximas ter\u00e7a e quarta feiras.\u00a0 \u00c9 uma tentativa engenhosa arquitetada para tentar convencer a sociedade de que o Congresso Nacional est\u00e1 funcionando. Mas j\u00e1 na quinta-feira, os parlamentares colocam novamente o p\u00e9 na estrada [&hellip;]","og_url":"https:\/\/www.notibras.com\/site\/o-esforco-concentrado-e-a-encenacao-do-congresso-nacional\/","og_site_name":"Notibras","article_publisher":"https:\/\/www.facebook.com\/notibras\/","article_published_time":"2014-07-30T17:29:12+00:00","og_image":[{"width":640,"height":423,"url":"https:\/\/www.notibras.com\/site\/wp-content\/uploads\/2014\/07\/congresso_2014-05-22.jpg","type":"image\/jpeg"}],"author":"Reda\u00e7\u00e3o","twitter_card":"summary_large_image","twitter_creator":"@Notibras","twitter_site":"@Notibras","twitter_misc":{"Escrito por":"Reda\u00e7\u00e3o","Est. tempo de leitura":"2 minutos"},"schema":{"@context":"https:\/\/schema.org","@graph":[{"@type":"Article","@id":"https:\/\/www.notibras.com\/site\/o-esforco-concentrado-e-a-encenacao-do-congresso-nacional\/#article","isPartOf":{"@id":"https:\/\/www.notibras.com\/site\/o-esforco-concentrado-e-a-encenacao-do-congresso-nacional\/"},"author":{"name":"Reda\u00e7\u00e3o","@id":"https:\/\/www.notibras.com\/site\/#\/schema\/person\/36ab0979449956132d3e5b517ea76ac8"},"headline":"O esfor\u00e7o concentrado e a encena\u00e7\u00e3o do Congresso Nacional","datePublished":"2014-07-30T17:29:12+00:00","mainEntityOfPage":{"@id":"https:\/\/www.notibras.com\/site\/o-esforco-concentrado-e-a-encenacao-do-congresso-nacional\/"},"wordCount":456,"commentCount":0,"publisher":{"@id":"https:\/\/www.notibras.com\/site\/#organization"},"image":{"@id":"https:\/\/www.notibras.com\/site\/o-esforco-concentrado-e-a-encenacao-do-congresso-nacional\/#primaryimage"},"thumbnailUrl":"https:\/\/www.notibras.com\/site\/wp-content\/uploads\/2014\/07\/congresso_2014-05-22.jpg","articleSection":["Opina a\u00ed"],"inLanguage":"pt-BR","potentialAction":[{"@type":"CommentAction","name":"Comment","target":["https:\/\/www.notibras.com\/site\/o-esforco-concentrado-e-a-encenacao-do-congresso-nacional\/#respond"]}]},{"@type":"WebPage","@id":"https:\/\/www.notibras.com\/site\/o-esforco-concentrado-e-a-encenacao-do-congresso-nacional\/","url":"https:\/\/www.notibras.com\/site\/o-esforco-concentrado-e-a-encenacao-do-congresso-nacional\/","name":"O esfor\u00e7o concentrado e a encena\u00e7\u00e3o do Congresso Nacional - Notibras","isPartOf":{"@id":"https:\/\/www.notibras.com\/site\/#website"},"primaryImageOfPage":{"@id":"https:\/\/www.notibras.com\/site\/o-esforco-concentrado-e-a-encenacao-do-congresso-nacional\/#primaryimage"},"image":{"@id":"https:\/\/www.notibras.com\/site\/o-esforco-concentrado-e-a-encenacao-do-congresso-nacional\/#primaryimage"},"thumbnailUrl":"https:\/\/www.notibras.com\/site\/wp-content\/uploads\/2014\/07\/congresso_2014-05-22.jpg","datePublished":"2014-07-30T17:29:12+00:00","breadcrumb":{"@id":"https:\/\/www.notibras.com\/site\/o-esforco-concentrado-e-a-encenacao-do-congresso-nacional\/#breadcrumb"},"inLanguage":"pt-BR","potentialAction":[{"@type":"ReadAction","target":["https:\/\/www.notibras.com\/site\/o-esforco-concentrado-e-a-encenacao-do-congresso-nacional\/"]}]},{"@type":"ImageObject","inLanguage":"pt-BR","@id":"https:\/\/www.notibras.com\/site\/o-esforco-concentrado-e-a-encenacao-do-congresso-nacional\/#primaryimage","url":"https:\/\/www.notibras.com\/site\/wp-content\/uploads\/2014\/07\/congresso_2014-05-22.jpg","contentUrl":"https:\/\/www.notibras.com\/site\/wp-content\/uploads\/2014\/07\/congresso_2014-05-22.jpg","width":640,"height":423},{"@type":"BreadcrumbList","@id":"https:\/\/www.notibras.com\/site\/o-esforco-concentrado-e-a-encenacao-do-congresso-nacional\/#breadcrumb","itemListElement":[{"@type":"ListItem","position":1,"name":"In\u00edcio","item":"https:\/\/www.notibras.com\/site\/"},{"@type":"ListItem","position":2,"name":"O esfor\u00e7o concentrado e a encena\u00e7\u00e3o do Congresso Nacional"}]},{"@type":"WebSite","@id":"https:\/\/www.notibras.com\/site\/#website","url":"https:\/\/www.notibras.com\/site\/","name":"Notibras","description":"Not\u00edcias de Bras\u00edlia, do Brasil e do Mundo","publisher":{"@id":"https:\/\/www.notibras.com\/site\/#organization"},"potentialAction":[{"@type":"SearchAction","target":{"@type":"EntryPoint","urlTemplate":"https:\/\/www.notibras.com\/site\/?s={search_term_string}"},"query-input":{"@type":"PropertyValueSpecification","valueRequired":true,"valueName":"search_term_string"}}],"inLanguage":"pt-BR"},{"@type":"Organization","@id":"https:\/\/www.notibras.com\/site\/#organization","name":"Grupo Notibras de Comunica\u00e7\u00e3o","url":"https:\/\/www.notibras.com\/site\/","logo":{"@type":"ImageObject","inLanguage":"pt-BR","@id":"https:\/\/www.notibras.com\/site\/#\/schema\/logo\/image\/","url":"https:\/\/www.notibras.com\/site\/wp-content\/uploads\/2023\/01\/notibras23.png","contentUrl":"https:\/\/www.notibras.com\/site\/wp-content\/uploads\/2023\/01\/notibras23.png","width":350,"height":87,"caption":"Grupo Notibras de Comunica\u00e7\u00e3o"},"image":{"@id":"https:\/\/www.notibras.com\/site\/#\/schema\/logo\/image\/"},"sameAs":["https:\/\/www.facebook.com\/notibras\/","https:\/\/x.com\/Notibras","https:\/\/www.instagram.com\/notibras\/"]},{"@type":"Person","@id":"https:\/\/www.notibras.com\/site\/#\/schema\/person\/36ab0979449956132d3e5b517ea76ac8","name":"Reda\u00e7\u00e3o","image":{"@type":"ImageObject","inLanguage":"pt-BR","@id":"https:\/\/secure.gravatar.com\/avatar\/e0a867bdedb85fd243eadf09663511f96fc81e0720a4a42581f334ad4303aa6b?s=96&d=mm&r=g","url":"https:\/\/secure.gravatar.com\/avatar\/e0a867bdedb85fd243eadf09663511f96fc81e0720a4a42581f334ad4303aa6b?s=96&d=mm&r=g","contentUrl":"https:\/\/secure.gravatar.com\/avatar\/e0a867bdedb85fd243eadf09663511f96fc81e0720a4a42581f334ad4303aa6b?s=96&d=mm&r=g","caption":"Reda\u00e7\u00e3o"}}]}},"amp_enabled":true,"_links":{"self":[{"href":"https:\/\/www.notibras.com\/site\/wp-json\/wp\/v2\/posts\/17889","targetHints":{"allow":["GET"]}}],"collection":[{"href":"https:\/\/www.notibras.com\/site\/wp-json\/wp\/v2\/posts"}],"about":[{"href":"https:\/\/www.notibras.com\/site\/wp-json\/wp\/v2\/types\/post"}],"author":[{"embeddable":true,"href":"https:\/\/www.notibras.com\/site\/wp-json\/wp\/v2\/users\/2"}],"replies":[{"embeddable":true,"href":"https:\/\/www.notibras.com\/site\/wp-json\/wp\/v2\/comments?post=17889"}],"version-history":[{"count":0,"href":"https:\/\/www.notibras.com\/site\/wp-json\/wp\/v2\/posts\/17889\/revisions"}],"wp:featuredmedia":[{"embeddable":true,"href":"https:\/\/www.notibras.com\/site\/wp-json\/wp\/v2\/media\/17891"}],"wp:attachment":[{"href":"https:\/\/www.notibras.com\/site\/wp-json\/wp\/v2\/media?parent=17889"}],"wp:term":[{"taxonomy":"category","embeddable":true,"href":"https:\/\/www.notibras.com\/site\/wp-json\/wp\/v2\/categories?post=17889"},{"taxonomy":"post_tag","embeddable":true,"href":"https:\/\/www.notibras.com\/site\/wp-json\/wp\/v2\/tags?post=17889"}],"curies":[{"name":"wp","href":"https:\/\/api.w.org\/{rel}","templated":true}]}}