{"id":17914,"date":"2014-07-30T16:57:07","date_gmt":"2014-07-30T19:57:07","guid":{"rendered":"http:\/\/www.notibras.com\/site\/?p=17914"},"modified":"2014-07-30T16:58:46","modified_gmt":"2014-07-30T19:58:46","slug":"eduardo-pedrosa-23-anos-do-povo-para-o-povo-contra-desgoverno-petista","status":"publish","type":"post","link":"https:\/\/www.notibras.com\/site\/eduardo-pedrosa-23-anos-do-povo-para-o-povo-contra-desgoverno-petista\/","title":{"rendered":"Eduardo Pedrosa, 23 anos. Do povo para o povo, por um DF melhor"},"content":{"rendered":"<p>Uma voz jovem se levanta contra a administra\u00e7\u00e3o do governador Agnelo Queiroz (PT), rejeitado, conforme diferentes pesquisas, por mais de 70% da popula\u00e7\u00e3o do Distrito Federal. \u00c9 o empres\u00e1rio Eduardo Pedrosa, 23 anos, que concorre a uma cadeira na C\u00e2mara Legislativa. Como gente do povo, diz o representante do PPS, quero debater, como deputado distrital, os principais problemas que afligem a sociedade&#8221;.<\/p>\n<p>Eduardo avalia que &#8220;a necessidade de mudan\u00e7a e de renova\u00e7\u00e3o no cen\u00e1rio pol\u00edtico \u00e9 uma realidade que todo brasiliense entende. Bras\u00edlia precisa reconstruir sua hist\u00f3ria de autonomia parlamentar a partir de ideias novas, arejadas, capazes de compreender esse novo momento em que o Distrito Federal, o Pa\u00eds e o mundo est\u00e3o vivendo\u201d.<\/p>\n<p>O candidato comp\u00f5e uma safra de novos nomes de pol\u00edticos que nasceram em Bras\u00edlia e que resolveram descruzar os bra\u00e7os e ajudar o Distrito Federal e o povo a retomar o caminho certo, com caracter\u00edsticas que notabilizaram a cidade no passado, quando havia sa\u00fade, educa\u00e7\u00e3o e seguran\u00e7a de qualidade e as nossas cidades eram exemplo para o resto do Pa\u00eds.<\/p>\n<blockquote><p>Eduardo Pedrosa vem de uma fam\u00edlia com tradi\u00e7\u00e3o na defesa do Distrito Federal. Desde o pioneirismo do av\u00f4, o <em>Seu Pedrosa<\/em>, homem reconhecido pela coragem e empreendedorismo, passando pelo pai, Eduardo Pedrosa e pela tia, a deputada distrital Eliana Pedrosa. Ali\u00e1s, como lembram os amigos, ele tem o esp\u00edrito inovador e arrojado do av\u00f4. Consolidou sua primeira empresa ainda nos vinte anos de idade.<\/p><\/blockquote>\n<p>\u00c9 este mesmo arrojo que, agora, o traz para a pol\u00edtica. Eduardo Pedrosa quer fazer da sua indigna\u00e7\u00e3o uma solu\u00e7\u00e3o.<\/p>\n<p>\u201c\u00c9 revoltante ver que as nossas cidades tomaram caminhos t\u00e3o distantes daqueles de antes. Falta seguran\u00e7a e a popula\u00e7\u00e3o est\u00e1 ref\u00e9m do medo. Nossas pistas al\u00e9m de prec\u00e1rias est\u00e3o abarrotadas de carros. Isso porque falta um transporte de qualidade. N\u00e3o existe uma pol\u00edtica p\u00fablica que valorize o professor e, consequentemente, construa escolas de qualidade. Esse \u00e9 um desgoverno que precisa ser revisto. Precisamos fazer esse debate e a C\u00e2mara Legislativa \u00e9 o lugar apropriado para n\u00f3s, gente do povo, ganharmos voz\u201d, disse.<\/p>\n<p>A vida pol\u00edtica de Eduardo Pedrosa n\u00e3o \u00e9 nenhuma novidade para quem o conhece. A milit\u00e2ncia pol\u00edtica vem de longe, desde a adolesc\u00eancia.<\/p>\n<blockquote><p>\u201cMas agora chegou a hora de fazer mais. Tenho andado em nossas cidades. Converso com as pessoas. Vejo os problemas da comunidade. Acho que n\u00e3o podemos ficar imobilizados. Temos de participar, fazer a nossa parte. Eu vou dar voz ao povo. Meu mandato ser\u00e1 o mandato de todos os milhares de brasilienses, nascidos aqui ou candangos de cora\u00e7\u00e3o. Chegou a hora de fazermos hist\u00f3ria e o sangue jovem dessa cidade mostrar\u00e1 que o Distrito Federal encontrou um jeito novo de fazer pol\u00edtica e atender verdadeiramente ao povo\u201d, finalizou.<\/p><\/blockquote>\n","protected":false},"excerpt":{"rendered":"<p>Uma voz jovem se levanta contra a administra\u00e7\u00e3o do governador Agnelo Queiroz (PT), rejeitado, conforme diferentes pesquisas, por mais de 70% da popula\u00e7\u00e3o do Distrito Federal. \u00c9 o empres\u00e1rio Eduardo Pedrosa, 23 anos, que concorre a uma cadeira na C\u00e2mara Legislativa. Como gente do povo, diz o representante do PPS, quero debater, como deputado distrital, [&hellip;]<\/p>\n","protected":false},"author":2,"featured_media":17915,"comment_status":"open","ping_status":"closed","sticky":false,"template":"","format":"standard","meta":{"_acf_changed":false,"footnotes":""},"categories":[33],"tags":[],"class_list":["post-17914","post","type-post","status-publish","format-standard","has-post-thumbnail","hentry","category-eleicoes-2014"],"acf":[],"_links":{"self":[{"href":"https:\/\/www.notibras.com\/site\/wp-json\/wp\/v2\/posts\/17914","targetHints":{"allow":["GET"]}}],"collection":[{"href":"https:\/\/www.notibras.com\/site\/wp-json\/wp\/v2\/posts"}],"about":[{"href":"https:\/\/www.notibras.com\/site\/wp-json\/wp\/v2\/types\/post"}],"author":[{"embeddable":true,"href":"https:\/\/www.notibras.com\/site\/wp-json\/wp\/v2\/users\/2"}],"replies":[{"embeddable":true,"href":"https:\/\/www.notibras.com\/site\/wp-json\/wp\/v2\/comments?post=17914"}],"version-history":[{"count":0,"href":"https:\/\/www.notibras.com\/site\/wp-json\/wp\/v2\/posts\/17914\/revisions"}],"wp:featuredmedia":[{"embeddable":true,"href":"https:\/\/www.notibras.com\/site\/wp-json\/wp\/v2\/media\/17915"}],"wp:attachment":[{"href":"https:\/\/www.notibras.com\/site\/wp-json\/wp\/v2\/media?parent=17914"}],"wp:term":[{"taxonomy":"category","embeddable":true,"href":"https:\/\/www.notibras.com\/site\/wp-json\/wp\/v2\/categories?post=17914"},{"taxonomy":"post_tag","embeddable":true,"href":"https:\/\/www.notibras.com\/site\/wp-json\/wp\/v2\/tags?post=17914"}],"curies":[{"name":"wp","href":"https:\/\/api.w.org\/{rel}","templated":true}]}}