{"id":17918,"date":"2014-07-30T14:41:35","date_gmt":"2014-07-30T17:41:35","guid":{"rendered":"http:\/\/www.notibras.com\/site\/?p=17918"},"modified":"2014-07-30T18:04:24","modified_gmt":"2014-07-30T21:04:24","slug":"dilma-promete-na-cni-mais-atencao-a-politica-industrial-do-brasil","status":"publish","type":"post","link":"https:\/\/www.notibras.com\/site\/dilma-promete-na-cni-mais-atencao-a-politica-industrial-do-brasil\/","title":{"rendered":"Dilma promete na CNI mais aten\u00e7\u00e3o \u00e0 pol\u00edtica industrial do Brasil"},"content":{"rendered":"<p>\u00daltima candidata sabatinada na Confedera\u00e7\u00e3o Nacional da Ind\u00fastria (CNI), nesta quarta 30,\u00a0 a presidente Dilma Rousseff, que disputa a reelei\u00e7\u00e3o, aproveitou a parte inicial de sua fala para fazer um balan\u00e7o das realiza\u00e7\u00f5es do governo e do anterior na \u00e1rea industrial. Dilma lembrou que foi no mesmo plen\u00e1rio, na sabatina de 2010, que prometeu criar a Secretaria Especial da Micro e Pequena Empresa, comandada atualmente pelo empres\u00e1rio Afif Domingos.<\/p>\n<p>\u201cSabemos que nos \u00faltimos anos o Brasil mudou e tem um longo caminho a percorrer\u201d, disse a candidata, ao lembrar que seu governo procurou resgatar a perspectiva industrial, superando preconceitos de que o pa\u00eds n\u00e3o precisaria de uma pol\u00edtica industrial.<\/p>\n<p>Dilma enfatizou o crescimento expressivo da ind\u00fastria naval a partir de 2003. Segundo ela, o n\u00famero de trabalhadores no setor aumentou dez vezes desde ent\u00e3o, com a expans\u00e3o de estaleiros. At\u00e9 2020, a ind\u00fastria naval far\u00e1 investimentos em torno de US$ 100 bilh\u00f5es, impulsionados pela demanda gerada pela explora\u00e7\u00e3o da camada do pr\u00e9-sal. \u201cO pr\u00e9-sal vai constituir o mais importante fator individual de demanda por bens, servi\u00e7os industriais, tecnologia e aprimoramento da nossa capacidade de inova\u00e7\u00e3o\u201d.<\/p>\n<p>A candidata prometeu continuar o debate sobre a necessidade da pol\u00edtica industrial no Brasil, que, segundo ela, \u00e9 criticada por muitos. Para ela, os eixos da pol\u00edtica industrial s\u00e3o a desonera\u00e7\u00e3o tribut\u00e1ria, a concess\u00e3o de cr\u00e9ditos, os incentivos por compras governamentais, a educa\u00e7\u00e3o t\u00e9cnica e cient\u00edfica, a recupera\u00e7\u00e3o do planejamento e a constru\u00e7\u00e3o de marcos regulat\u00f3rios, bem como o fim da burocracia e as parcerias com o setor privado.<\/p>\n<p>A presidente lembrou que esses eixos foram essenciais para minorar os efeitos da crise econ\u00f4mica mundial no pa\u00eds e devem continuar em um poss\u00edvel novo governo.<\/p>\n<blockquote><p>Dilma foi \u00e0 sabatina na CNI acompanhada do vice-presidente Michel Temer, tamb\u00e9m candidato \u00e0 reelei\u00e7\u00e3o, e de ministros como o da Fazenda, Guido Mantega, da Casa Civil, Aloizio Mercadante, do Desenvolvimento, Ind\u00fastria e Com\u00e9rcio Exterior, Mauro Borges, e da Micro e Pequena Empresa, Afif Domingos, al\u00e9m do presidente do Banco Nacional de Desenvolvimento Econ\u00f4mico e Social (BNDES), Luciano Coutinho.<\/p><\/blockquote>\n<p>Antes de Dilma come\u00e7ar a falar, o presidente da CNI, Robson Andrade, disse que entregou a ela, assim como aos demais candidatos sabatinados hoje, Eduardo Campos, do PSB, e A\u00e9cio Neves, do PSDB, 42 propostas da CNI para melhorar a economia nacional, com foco na melhoria da infraestrutura, para aumentar a competitividade das empresas nacionais no mercado interno e externo.<\/p>\n<p><strong>Danilo Macedo e Iolando Louren\u00e7o, ABr<\/strong><\/p>\n","protected":false},"excerpt":{"rendered":"<p>\u00daltima candidata sabatinada na Confedera\u00e7\u00e3o Nacional da Ind\u00fastria (CNI), nesta quarta 30,\u00a0 a presidente Dilma Rousseff, que disputa a reelei\u00e7\u00e3o, aproveitou a parte inicial de sua fala para fazer um balan\u00e7o das realiza\u00e7\u00f5es do governo e do anterior na \u00e1rea industrial. Dilma lembrou que foi no mesmo plen\u00e1rio, na sabatina de 2010, que prometeu criar [&hellip;]<\/p>\n","protected":false},"author":2,"featured_media":17919,"comment_status":"open","ping_status":"closed","sticky":false,"template":"","format":"standard","meta":{"_acf_changed":false,"footnotes":""},"categories":[33],"tags":[],"class_list":["post-17918","post","type-post","status-publish","format-standard","has-post-thumbnail","hentry","category-eleicoes-2014"],"acf":[],"_links":{"self":[{"href":"https:\/\/www.notibras.com\/site\/wp-json\/wp\/v2\/posts\/17918","targetHints":{"allow":["GET"]}}],"collection":[{"href":"https:\/\/www.notibras.com\/site\/wp-json\/wp\/v2\/posts"}],"about":[{"href":"https:\/\/www.notibras.com\/site\/wp-json\/wp\/v2\/types\/post"}],"author":[{"embeddable":true,"href":"https:\/\/www.notibras.com\/site\/wp-json\/wp\/v2\/users\/2"}],"replies":[{"embeddable":true,"href":"https:\/\/www.notibras.com\/site\/wp-json\/wp\/v2\/comments?post=17918"}],"version-history":[{"count":0,"href":"https:\/\/www.notibras.com\/site\/wp-json\/wp\/v2\/posts\/17918\/revisions"}],"wp:featuredmedia":[{"embeddable":true,"href":"https:\/\/www.notibras.com\/site\/wp-json\/wp\/v2\/media\/17919"}],"wp:attachment":[{"href":"https:\/\/www.notibras.com\/site\/wp-json\/wp\/v2\/media?parent=17918"}],"wp:term":[{"taxonomy":"category","embeddable":true,"href":"https:\/\/www.notibras.com\/site\/wp-json\/wp\/v2\/categories?post=17918"},{"taxonomy":"post_tag","embeddable":true,"href":"https:\/\/www.notibras.com\/site\/wp-json\/wp\/v2\/tags?post=17918"}],"curies":[{"name":"wp","href":"https:\/\/api.w.org\/{rel}","templated":true}]}}