{"id":179579,"date":"2018-05-17T20:23:54","date_gmt":"2018-05-17T23:23:54","guid":{"rendered":"https:\/\/www.notibras.com\/site\/?p=179579"},"modified":"2018-05-17T20:23:54","modified_gmt":"2018-05-17T23:23:54","slug":"oms-faz-reuniao-de-emergencia-para-discutir-epidemia-de-ebola","status":"publish","type":"post","link":"https:\/\/www.notibras.com\/site\/oms-faz-reuniao-de-emergencia-para-discutir-epidemia-de-ebola\/","title":{"rendered":"OMS faz reuni\u00e3o de emerg\u00eancia para discutir epidemia de ebola"},"content":{"rendered":"<p>A Organiza\u00e7\u00e3o Mundial da Sa\u00fade (OMS) marcou para amanh\u00e3 (18) uma reuni\u00e3o de emerg\u00eancia para discutir o surto do v\u00edrus ebola na Rep\u00fablica Democr\u00e1tica do Congo. De acordo com os integrantes da OMS, \u00e9 necess\u00e1rio considerar os riscos internacionais do avan\u00e7o da doen\u00e7a no pa\u00eds africano.<\/p>\n<p>Hoje (17), a OMS confirmou mais um novo caso suspeito de contamina\u00e7\u00e3o do v\u00edrus ebola na Rep\u00fablica Democr\u00e1tica do Congo. At\u00e9 o momento, h\u00e1 40 casos suspeitos e o registro de 23 pessoas que teriam morridos em decorr\u00eancia da doen\u00e7a. \u00c9 o nono surto no Congo desde a descoberta do v\u00edrus em 1976.<\/p>\n<p>Todos os contaminados vivem na regi\u00e3o de Bikoro, perto do Rio Congo, a 150 quil\u00f4metros da capital provincial Mbandaka, que \u00e9 uma cidade portu\u00e1ria movimentada. Para o diretor-geral da OMS, Tedros Adhanom Ghebreyesus, a situa\u00e7\u00e3o \u00e9 preocupante.<\/p>\n<p>\u201cA chegada do ebola em uma \u00e1rea urbana \u00e9 muito preocupante e a OMS e parceiros est\u00e3o trabalhando juntos para ampliar rapidamente a busca por todos os contatos do caso confirmado na \u00e1rea de Mbandaka\u201d, acrescentou o diretor regional da OMS para a \u00c1frica, Matshidiso Moeti.<\/p>\n<p>Al\u00e9m da OMS, v\u00e1rias ag\u00eancias da Organiza\u00e7\u00e3o das Na\u00e7\u00f5es Unidas, a Federa\u00e7\u00e3o Internacional das Sociedades da Cruz Vermelha e do Crescente Vermelho (FICV) e entidades humanit\u00e1rias participam de a\u00e7\u00f5es conjuntas para tentar conter o surto da doen\u00e7a.<\/p>\n<p>Foram montados centros de tratamento especial para o ebola. Nos pr\u00f3ximos dias, a organiza\u00e7\u00e3o M\u00e9dicos sem Fronteira calcula que estejam chegando suprimentos, incluindo kits m\u00e9dicos; kits de prote\u00e7\u00e3o e desinfec\u00e7\u00e3o, kits log\u00edsticos e de higiene e medicamentos paliativos para Mbandaka.<\/p>\n<p>Transmitido ao ser humano pelo contato com animais selvagens e pode ser passado de pessoa para pessoa, o v\u00edrus ebola pode ser fatal, quando n\u00e3o \u00e9 tratado.<\/p>\n<p>Um surto na \u00c1frica Ocidental que come\u00e7ou em 2014 deixou mais de 11 mil mortos em seis pa\u00edses. Os sintomas s\u00e3o febre, cansa\u00e7o, dores musculares, de cabe\u00e7a e garganta, al\u00e9m de v\u00f4mitos e diarreia.<\/p>\n","protected":false},"excerpt":{"rendered":"<p>A Organiza\u00e7\u00e3o Mundial da Sa\u00fade (OMS) marcou para amanh\u00e3 (18) uma reuni\u00e3o de emerg\u00eancia para discutir o surto do v\u00edrus ebola na Rep\u00fablica Democr\u00e1tica do Congo. De acordo com os integrantes da OMS, \u00e9 necess\u00e1rio considerar os riscos internacionais do avan\u00e7o da doen\u00e7a no pa\u00eds africano. Hoje (17), a OMS confirmou mais um novo caso [&hellip;]<\/p>\n","protected":false},"author":1,"featured_media":178865,"comment_status":"closed","ping_status":"closed","sticky":false,"template":"","format":"standard","meta":{"_acf_changed":false,"footnotes":""},"categories":[17],"tags":[],"class_list":["post-179579","post","type-post","status-publish","format-standard","has-post-thumbnail","hentry","category-mundo"],"acf":[],"yoast_head":"<!-- This site is optimized with the Yoast SEO plugin v27.2 - https:\/\/yoast.com\/product\/yoast-seo-wordpress\/ -->\n<title>OMS faz reuni\u00e3o de emerg\u00eancia para discutir epidemia de ebola - Notibras<\/title>\n<meta name=\"robots\" content=\"index, follow, max-snippet:-1, max-image-preview:large, max-video-preview:-1\" \/>\n<link rel=\"canonical\" href=\"https:\/\/www.notibras.com\/site\/oms-faz-reuniao-de-emergencia-para-discutir-epidemia-de-ebola\/\" \/>\n<meta property=\"og:locale\" content=\"pt_BR\" \/>\n<meta property=\"og:type\" content=\"article\" \/>\n<meta property=\"og:title\" content=\"OMS faz reuni\u00e3o de emerg\u00eancia para discutir epidemia de ebola - Notibras\" \/>\n<meta property=\"og:description\" content=\"A Organiza\u00e7\u00e3o Mundial da Sa\u00fade (OMS) marcou para amanh\u00e3 (18) uma reuni\u00e3o de emerg\u00eancia para discutir o surto do v\u00edrus ebola na Rep\u00fablica Democr\u00e1tica do Congo. De acordo com os integrantes da OMS, \u00e9 necess\u00e1rio considerar os riscos internacionais do avan\u00e7o da doen\u00e7a no pa\u00eds africano. Hoje (17), a OMS confirmou mais um novo caso [&hellip;]\" \/>\n<meta property=\"og:url\" content=\"https:\/\/www.notibras.com\/site\/oms-faz-reuniao-de-emergencia-para-discutir-epidemia-de-ebola\/\" \/>\n<meta property=\"og:site_name\" content=\"Notibras\" \/>\n<meta property=\"article:publisher\" content=\"https:\/\/www.facebook.com\/notibras\/\" \/>\n<meta property=\"article:published_time\" content=\"2018-05-17T23:23:54+00:00\" \/>\n<meta property=\"og:image\" content=\"https:\/\/www.notibras.com\/site\/wp-content\/uploads\/2018\/05\/1526032567678.jpg\" \/>\n\t<meta property=\"og:image:width\" content=\"932\" \/>\n\t<meta property=\"og:image:height\" content=\"621\" \/>\n\t<meta property=\"og:image:type\" content=\"image\/jpeg\" \/>\n<meta name=\"author\" content=\"Reda\u00e7\u00e3o\" \/>\n<meta name=\"twitter:card\" content=\"summary_large_image\" \/>\n<meta name=\"twitter:creator\" content=\"@Notibras\" \/>\n<meta name=\"twitter:site\" content=\"@Notibras\" \/>\n<meta name=\"twitter:label1\" content=\"Escrito por\" \/>\n\t<meta name=\"twitter:data1\" content=\"Reda\u00e7\u00e3o\" \/>\n\t<meta name=\"twitter:label2\" content=\"Est. tempo de leitura\" \/>\n\t<meta name=\"twitter:data2\" content=\"2 minutos\" \/>\n<script type=\"application\/ld+json\" class=\"yoast-schema-graph\">{\"@context\":\"https:\/\/schema.org\",\"@graph\":[{\"@type\":\"Article\",\"@id\":\"https:\/\/www.notibras.com\/site\/oms-faz-reuniao-de-emergencia-para-discutir-epidemia-de-ebola\/#article\",\"isPartOf\":{\"@id\":\"https:\/\/www.notibras.com\/site\/oms-faz-reuniao-de-emergencia-para-discutir-epidemia-de-ebola\/\"},\"author\":{\"name\":\"Reda\u00e7\u00e3o\",\"@id\":\"https:\/\/www.notibras.com\/site\/#\/schema\/person\/00b8e1aa08f9ef6563e878c5159d01cf\"},\"headline\":\"OMS faz reuni\u00e3o de emerg\u00eancia para discutir epidemia de ebola\",\"datePublished\":\"2018-05-17T23:23:54+00:00\",\"mainEntityOfPage\":{\"@id\":\"https:\/\/www.notibras.com\/site\/oms-faz-reuniao-de-emergencia-para-discutir-epidemia-de-ebola\/\"},\"wordCount\":366,\"publisher\":{\"@id\":\"https:\/\/www.notibras.com\/site\/#organization\"},\"image\":{\"@id\":\"https:\/\/www.notibras.com\/site\/oms-faz-reuniao-de-emergencia-para-discutir-epidemia-de-ebola\/#primaryimage\"},\"thumbnailUrl\":\"https:\/\/www.notibras.com\/site\/wp-content\/uploads\/2018\/05\/1526032567678.jpg\",\"articleSection\":[\"Mundo\"],\"inLanguage\":\"pt-BR\"},{\"@type\":\"WebPage\",\"@id\":\"https:\/\/www.notibras.com\/site\/oms-faz-reuniao-de-emergencia-para-discutir-epidemia-de-ebola\/\",\"url\":\"https:\/\/www.notibras.com\/site\/oms-faz-reuniao-de-emergencia-para-discutir-epidemia-de-ebola\/\",\"name\":\"OMS faz reuni\u00e3o de emerg\u00eancia para discutir epidemia de ebola - Notibras\",\"isPartOf\":{\"@id\":\"https:\/\/www.notibras.com\/site\/#website\"},\"primaryImageOfPage\":{\"@id\":\"https:\/\/www.notibras.com\/site\/oms-faz-reuniao-de-emergencia-para-discutir-epidemia-de-ebola\/#primaryimage\"},\"image\":{\"@id\":\"https:\/\/www.notibras.com\/site\/oms-faz-reuniao-de-emergencia-para-discutir-epidemia-de-ebola\/#primaryimage\"},\"thumbnailUrl\":\"https:\/\/www.notibras.com\/site\/wp-content\/uploads\/2018\/05\/1526032567678.jpg\",\"datePublished\":\"2018-05-17T23:23:54+00:00\",\"breadcrumb\":{\"@id\":\"https:\/\/www.notibras.com\/site\/oms-faz-reuniao-de-emergencia-para-discutir-epidemia-de-ebola\/#breadcrumb\"},\"inLanguage\":\"pt-BR\",\"potentialAction\":[{\"@type\":\"ReadAction\",\"target\":[\"https:\/\/www.notibras.com\/site\/oms-faz-reuniao-de-emergencia-para-discutir-epidemia-de-ebola\/\"]}]},{\"@type\":\"ImageObject\",\"inLanguage\":\"pt-BR\",\"@id\":\"https:\/\/www.notibras.com\/site\/oms-faz-reuniao-de-emergencia-para-discutir-epidemia-de-ebola\/#primaryimage\",\"url\":\"https:\/\/www.notibras.com\/site\/wp-content\/uploads\/2018\/05\/1526032567678.jpg\",\"contentUrl\":\"https:\/\/www.notibras.com\/site\/wp-content\/uploads\/2018\/05\/1526032567678.jpg\",\"width\":932,\"height\":621,\"caption\":\"Foto: John Wessels\/AFP\"},{\"@type\":\"BreadcrumbList\",\"@id\":\"https:\/\/www.notibras.com\/site\/oms-faz-reuniao-de-emergencia-para-discutir-epidemia-de-ebola\/#breadcrumb\",\"itemListElement\":[{\"@type\":\"ListItem\",\"position\":1,\"name\":\"In\u00edcio\",\"item\":\"https:\/\/www.notibras.com\/site\/\"},{\"@type\":\"ListItem\",\"position\":2,\"name\":\"OMS faz reuni\u00e3o de emerg\u00eancia para discutir epidemia de ebola\"}]},{\"@type\":\"WebSite\",\"@id\":\"https:\/\/www.notibras.com\/site\/#website\",\"url\":\"https:\/\/www.notibras.com\/site\/\",\"name\":\"Notibras\",\"description\":\"Not\u00edcias de Bras\u00edlia, do Brasil e do Mundo\",\"publisher\":{\"@id\":\"https:\/\/www.notibras.com\/site\/#organization\"},\"potentialAction\":[{\"@type\":\"SearchAction\",\"target\":{\"@type\":\"EntryPoint\",\"urlTemplate\":\"https:\/\/www.notibras.com\/site\/?s={search_term_string}\"},\"query-input\":{\"@type\":\"PropertyValueSpecification\",\"valueRequired\":true,\"valueName\":\"search_term_string\"}}],\"inLanguage\":\"pt-BR\"},{\"@type\":\"Organization\",\"@id\":\"https:\/\/www.notibras.com\/site\/#organization\",\"name\":\"Grupo Notibras de Comunica\u00e7\u00e3o\",\"url\":\"https:\/\/www.notibras.com\/site\/\",\"logo\":{\"@type\":\"ImageObject\",\"inLanguage\":\"pt-BR\",\"@id\":\"https:\/\/www.notibras.com\/site\/#\/schema\/logo\/image\/\",\"url\":\"https:\/\/www.notibras.com\/site\/wp-content\/uploads\/2023\/01\/notibras23.png\",\"contentUrl\":\"https:\/\/www.notibras.com\/site\/wp-content\/uploads\/2023\/01\/notibras23.png\",\"width\":350,\"height\":87,\"caption\":\"Grupo Notibras de Comunica\u00e7\u00e3o\"},\"image\":{\"@id\":\"https:\/\/www.notibras.com\/site\/#\/schema\/logo\/image\/\"},\"sameAs\":[\"https:\/\/www.facebook.com\/notibras\/\",\"https:\/\/x.com\/Notibras\",\"https:\/\/www.instagram.com\/notibras\/\"]},{\"@type\":\"Person\",\"@id\":\"https:\/\/www.notibras.com\/site\/#\/schema\/person\/00b8e1aa08f9ef6563e878c5159d01cf\",\"name\":\"Reda\u00e7\u00e3o\",\"image\":{\"@type\":\"ImageObject\",\"inLanguage\":\"pt-BR\",\"@id\":\"https:\/\/secure.gravatar.com\/avatar\/ac5a707d5b47784a5ed426c6e213e201423c750890f64e4c379114dade67dfb9?s=96&d=mm&r=g\",\"url\":\"https:\/\/secure.gravatar.com\/avatar\/ac5a707d5b47784a5ed426c6e213e201423c750890f64e4c379114dade67dfb9?s=96&d=mm&r=g\",\"contentUrl\":\"https:\/\/secure.gravatar.com\/avatar\/ac5a707d5b47784a5ed426c6e213e201423c750890f64e4c379114dade67dfb9?s=96&d=mm&r=g\",\"caption\":\"Reda\u00e7\u00e3o\"}}]}<\/script>\n<!-- \/ Yoast SEO plugin. -->","yoast_head_json":{"title":"OMS faz reuni\u00e3o de emerg\u00eancia para discutir epidemia de ebola - Notibras","robots":{"index":"index","follow":"follow","max-snippet":"max-snippet:-1","max-image-preview":"max-image-preview:large","max-video-preview":"max-video-preview:-1"},"canonical":"https:\/\/www.notibras.com\/site\/oms-faz-reuniao-de-emergencia-para-discutir-epidemia-de-ebola\/","og_locale":"pt_BR","og_type":"article","og_title":"OMS faz reuni\u00e3o de emerg\u00eancia para discutir epidemia de ebola - Notibras","og_description":"A Organiza\u00e7\u00e3o Mundial da Sa\u00fade (OMS) marcou para amanh\u00e3 (18) uma reuni\u00e3o de emerg\u00eancia para discutir o surto do v\u00edrus ebola na Rep\u00fablica Democr\u00e1tica do Congo. De acordo com os integrantes da OMS, \u00e9 necess\u00e1rio considerar os riscos internacionais do avan\u00e7o da doen\u00e7a no pa\u00eds africano. Hoje (17), a OMS confirmou mais um novo caso [&hellip;]","og_url":"https:\/\/www.notibras.com\/site\/oms-faz-reuniao-de-emergencia-para-discutir-epidemia-de-ebola\/","og_site_name":"Notibras","article_publisher":"https:\/\/www.facebook.com\/notibras\/","article_published_time":"2018-05-17T23:23:54+00:00","og_image":[{"width":932,"height":621,"url":"https:\/\/www.notibras.com\/site\/wp-content\/uploads\/2018\/05\/1526032567678.jpg","type":"image\/jpeg"}],"author":"Reda\u00e7\u00e3o","twitter_card":"summary_large_image","twitter_creator":"@Notibras","twitter_site":"@Notibras","twitter_misc":{"Escrito por":"Reda\u00e7\u00e3o","Est. tempo de leitura":"2 minutos"},"schema":{"@context":"https:\/\/schema.org","@graph":[{"@type":"Article","@id":"https:\/\/www.notibras.com\/site\/oms-faz-reuniao-de-emergencia-para-discutir-epidemia-de-ebola\/#article","isPartOf":{"@id":"https:\/\/www.notibras.com\/site\/oms-faz-reuniao-de-emergencia-para-discutir-epidemia-de-ebola\/"},"author":{"name":"Reda\u00e7\u00e3o","@id":"https:\/\/www.notibras.com\/site\/#\/schema\/person\/00b8e1aa08f9ef6563e878c5159d01cf"},"headline":"OMS faz reuni\u00e3o de emerg\u00eancia para discutir epidemia de ebola","datePublished":"2018-05-17T23:23:54+00:00","mainEntityOfPage":{"@id":"https:\/\/www.notibras.com\/site\/oms-faz-reuniao-de-emergencia-para-discutir-epidemia-de-ebola\/"},"wordCount":366,"publisher":{"@id":"https:\/\/www.notibras.com\/site\/#organization"},"image":{"@id":"https:\/\/www.notibras.com\/site\/oms-faz-reuniao-de-emergencia-para-discutir-epidemia-de-ebola\/#primaryimage"},"thumbnailUrl":"https:\/\/www.notibras.com\/site\/wp-content\/uploads\/2018\/05\/1526032567678.jpg","articleSection":["Mundo"],"inLanguage":"pt-BR"},{"@type":"WebPage","@id":"https:\/\/www.notibras.com\/site\/oms-faz-reuniao-de-emergencia-para-discutir-epidemia-de-ebola\/","url":"https:\/\/www.notibras.com\/site\/oms-faz-reuniao-de-emergencia-para-discutir-epidemia-de-ebola\/","name":"OMS faz reuni\u00e3o de emerg\u00eancia para discutir epidemia de ebola - Notibras","isPartOf":{"@id":"https:\/\/www.notibras.com\/site\/#website"},"primaryImageOfPage":{"@id":"https:\/\/www.notibras.com\/site\/oms-faz-reuniao-de-emergencia-para-discutir-epidemia-de-ebola\/#primaryimage"},"image":{"@id":"https:\/\/www.notibras.com\/site\/oms-faz-reuniao-de-emergencia-para-discutir-epidemia-de-ebola\/#primaryimage"},"thumbnailUrl":"https:\/\/www.notibras.com\/site\/wp-content\/uploads\/2018\/05\/1526032567678.jpg","datePublished":"2018-05-17T23:23:54+00:00","breadcrumb":{"@id":"https:\/\/www.notibras.com\/site\/oms-faz-reuniao-de-emergencia-para-discutir-epidemia-de-ebola\/#breadcrumb"},"inLanguage":"pt-BR","potentialAction":[{"@type":"ReadAction","target":["https:\/\/www.notibras.com\/site\/oms-faz-reuniao-de-emergencia-para-discutir-epidemia-de-ebola\/"]}]},{"@type":"ImageObject","inLanguage":"pt-BR","@id":"https:\/\/www.notibras.com\/site\/oms-faz-reuniao-de-emergencia-para-discutir-epidemia-de-ebola\/#primaryimage","url":"https:\/\/www.notibras.com\/site\/wp-content\/uploads\/2018\/05\/1526032567678.jpg","contentUrl":"https:\/\/www.notibras.com\/site\/wp-content\/uploads\/2018\/05\/1526032567678.jpg","width":932,"height":621,"caption":"Foto: John Wessels\/AFP"},{"@type":"BreadcrumbList","@id":"https:\/\/www.notibras.com\/site\/oms-faz-reuniao-de-emergencia-para-discutir-epidemia-de-ebola\/#breadcrumb","itemListElement":[{"@type":"ListItem","position":1,"name":"In\u00edcio","item":"https:\/\/www.notibras.com\/site\/"},{"@type":"ListItem","position":2,"name":"OMS faz reuni\u00e3o de emerg\u00eancia para discutir epidemia de ebola"}]},{"@type":"WebSite","@id":"https:\/\/www.notibras.com\/site\/#website","url":"https:\/\/www.notibras.com\/site\/","name":"Notibras","description":"Not\u00edcias de Bras\u00edlia, do Brasil e do Mundo","publisher":{"@id":"https:\/\/www.notibras.com\/site\/#organization"},"potentialAction":[{"@type":"SearchAction","target":{"@type":"EntryPoint","urlTemplate":"https:\/\/www.notibras.com\/site\/?s={search_term_string}"},"query-input":{"@type":"PropertyValueSpecification","valueRequired":true,"valueName":"search_term_string"}}],"inLanguage":"pt-BR"},{"@type":"Organization","@id":"https:\/\/www.notibras.com\/site\/#organization","name":"Grupo Notibras de Comunica\u00e7\u00e3o","url":"https:\/\/www.notibras.com\/site\/","logo":{"@type":"ImageObject","inLanguage":"pt-BR","@id":"https:\/\/www.notibras.com\/site\/#\/schema\/logo\/image\/","url":"https:\/\/www.notibras.com\/site\/wp-content\/uploads\/2023\/01\/notibras23.png","contentUrl":"https:\/\/www.notibras.com\/site\/wp-content\/uploads\/2023\/01\/notibras23.png","width":350,"height":87,"caption":"Grupo Notibras de Comunica\u00e7\u00e3o"},"image":{"@id":"https:\/\/www.notibras.com\/site\/#\/schema\/logo\/image\/"},"sameAs":["https:\/\/www.facebook.com\/notibras\/","https:\/\/x.com\/Notibras","https:\/\/www.instagram.com\/notibras\/"]},{"@type":"Person","@id":"https:\/\/www.notibras.com\/site\/#\/schema\/person\/00b8e1aa08f9ef6563e878c5159d01cf","name":"Reda\u00e7\u00e3o","image":{"@type":"ImageObject","inLanguage":"pt-BR","@id":"https:\/\/secure.gravatar.com\/avatar\/ac5a707d5b47784a5ed426c6e213e201423c750890f64e4c379114dade67dfb9?s=96&d=mm&r=g","url":"https:\/\/secure.gravatar.com\/avatar\/ac5a707d5b47784a5ed426c6e213e201423c750890f64e4c379114dade67dfb9?s=96&d=mm&r=g","contentUrl":"https:\/\/secure.gravatar.com\/avatar\/ac5a707d5b47784a5ed426c6e213e201423c750890f64e4c379114dade67dfb9?s=96&d=mm&r=g","caption":"Reda\u00e7\u00e3o"}}]}},"amp_enabled":true,"_links":{"self":[{"href":"https:\/\/www.notibras.com\/site\/wp-json\/wp\/v2\/posts\/179579","targetHints":{"allow":["GET"]}}],"collection":[{"href":"https:\/\/www.notibras.com\/site\/wp-json\/wp\/v2\/posts"}],"about":[{"href":"https:\/\/www.notibras.com\/site\/wp-json\/wp\/v2\/types\/post"}],"author":[{"embeddable":true,"href":"https:\/\/www.notibras.com\/site\/wp-json\/wp\/v2\/users\/1"}],"replies":[{"embeddable":true,"href":"https:\/\/www.notibras.com\/site\/wp-json\/wp\/v2\/comments?post=179579"}],"version-history":[{"count":1,"href":"https:\/\/www.notibras.com\/site\/wp-json\/wp\/v2\/posts\/179579\/revisions"}],"predecessor-version":[{"id":179584,"href":"https:\/\/www.notibras.com\/site\/wp-json\/wp\/v2\/posts\/179579\/revisions\/179584"}],"wp:featuredmedia":[{"embeddable":true,"href":"https:\/\/www.notibras.com\/site\/wp-json\/wp\/v2\/media\/178865"}],"wp:attachment":[{"href":"https:\/\/www.notibras.com\/site\/wp-json\/wp\/v2\/media?parent=179579"}],"wp:term":[{"taxonomy":"category","embeddable":true,"href":"https:\/\/www.notibras.com\/site\/wp-json\/wp\/v2\/categories?post=179579"},{"taxonomy":"post_tag","embeddable":true,"href":"https:\/\/www.notibras.com\/site\/wp-json\/wp\/v2\/tags?post=179579"}],"curies":[{"name":"wp","href":"https:\/\/api.w.org\/{rel}","templated":true}]}}