{"id":179646,"date":"2018-05-18T07:33:47","date_gmt":"2018-05-18T10:33:47","guid":{"rendered":"https:\/\/www.notibras.com\/site\/?p=179646"},"modified":"2018-05-18T07:33:47","modified_gmt":"2018-05-18T10:33:47","slug":"aproveite-que-a-copa-vem-ai-e-escolha-a-tv-ideal-para-o-ambiente","status":"publish","type":"post","link":"https:\/\/www.notibras.com\/site\/aproveite-que-a-copa-vem-ai-e-escolha-a-tv-ideal-para-o-ambiente\/","title":{"rendered":"Aproveite que a Copa vem a\u00ed e escolha a TV ideal para o ambiente"},"content":{"rendered":"<p>A experi\u00eancia de assistir televis\u00e3o mudou muito ao longo dos \u00faltimos anos \u2013 desde o tamanho dos aparelhos, passando pelos programas, filmes e s\u00e9ries on demand. Al\u00e9m disso, a cada quatro anos, a Copa do Mundo traz um \u00f3timo ensejo para se repensar os espa\u00e7os mais aconchegantes da casa visando receber amigos e fam\u00edlia. Acomodar muitas pessoas, servir petiscos e bebidas sem muito trabalho e, claro, buscar e posicionar da melhor forma um novo televisor s\u00e3o alguns dos principais pontos levados em conta pelos brasileiros antes do futebol.<\/p>\n<p>Segundo pesquisa do Google, 21 milh\u00f5es de brasileiros podem comprar TV nova para ver o Mundial da R\u00fassia. Mas como fazer a escolha certa do aparelho para o seu ambiente? Existe f\u00f3rmula? E quais as melhores solu\u00e7\u00f5es para espa\u00e7os reduzidos, em que exig\u00eancias funcionais se sobrep\u00f5em a quest\u00f5es est\u00e9ticas? Para saber as respostas dessa e de outras quest\u00f5es, conversamos com tr\u00eas especialistas em interiores, que trazem reflex\u00f5es sobre os principais pontos a serem levados em conta na busca pela melhor experi\u00eancia poss\u00edvel.<\/p>\n<p><strong>Busca pelo conforto<\/strong><br \/>\nA experi\u00eancia de assistir TV deve ser essencialmente confort\u00e1vel. Segundo a arquiteta Viviane Gobbato, o principal foco deve estar nos m\u00f3veis. &#8220;A profundidade do sof\u00e1 e a densidade da espuma s\u00e3o muito importantes para garantir o conforto. Sempre recomendo que o sof\u00e1 tenha em torno de 90 cent\u00edmetros de profundidade e que acompanhe uma chez ou um puff pra apoiar os p\u00e9s. Quando se est\u00e1 sozinho, \u00e9 poss\u00edvel apoiar os p\u00e9s. Mas esses itens servem tamb\u00e9m para aumentar o n\u00famero de pessoas sentadas.&#8221;<\/p>\n<p>Viviane lembra da import\u00e2ncia do tecido dos m\u00f3veis. &#8220;Os mais macios, com mais algod\u00e3o, que t\u00eam um toque menos \u00e1spero, s\u00e3o mais agrad\u00e1veis para esse tipo de ambiente. E como complemento, colocar almofadas bem aconchegantes no sof\u00e1 e tamb\u00e9m um bom tapete deixam o espa\u00e7o mais acolhedor&#8221;, diz.<\/p>\n<p>Juliana Matalon, do Est\u00fadio Ela Arquitetura, tamb\u00e9m destaca a quest\u00e3o da ilumina\u00e7\u00e3o. &#8220;Penso que quando se vai assistir a um jogo \u00e9 importante um ambiente com luz mais baixa, fazendo uso de persianas ou de cortinas, no caso de espa\u00e7os mais abertos.&#8221;<\/p>\n<p><strong>Como calcular o tamanho ideal<\/strong><br \/>\nA pergunta mais frequente no momento de comprar um novo televisor n\u00e3o tem uma resposta \u00fanica. &#8220;Geralmente usamos a dist\u00e2ncia do olho da pessoa sentada no sof\u00e1 at\u00e9 a TV e multiplicamos por 20. \u00c9 um c\u00e1lculo que funciona tanto para ambientes pequenos quanto para grandes&#8221;, opina Viviane Gobbato. Nesse caso, quem tem uma sala muito grande n\u00e3o necessariamente vai ter uma televis\u00e3o gigante, nem quem tem um ambiente reduzido vai ter algo muito pequeno. &#8220;Voc\u00ea considera que uma pessoa que est\u00e1 a dois metros da TV tenha um aparelho de mais ou menos 40 polegadas. J\u00e1 para um ambiente grande, com uma dist\u00e2ncia de tr\u00eas metros, a pessoa vai ter com uma entre 60 e 65 polegadas. A\u00ed temos as exce\u00e7\u00f5es, pessoas que querem uma TV muito grande.&#8221;<\/p>\n<p>Juliana Matalon segue uma linha similar e trabalha com padr\u00f5es que levam em conta angula\u00e7\u00e3o da TV, abertura da luz e dist\u00e2ncia. &#8220;Muitas vezes as pessoas querem TVs maiores do que o espa\u00e7o comporta, mas, pelo conforto, prezo pelo que \u00e9 informado nesses gr\u00e1ficos.&#8221;<\/p>\n<p>Gabriel Mota, coordenador de interiores do escrit\u00f3rio FGMF Arquitetos, traz uma vis\u00e3o diferente e se diz adepto do &#8220;cinema em casa&#8221;. &#8220;J\u00e1 utilizamos v\u00e1rias vezes as f\u00f3rmulas, mas com o passar do tempo chegamos \u00e0 conclus\u00e3o de que o ideal \u00e9 sempre ter uma TV de no m\u00ednimo 42 polegadas e uma dist\u00e2ncia de pelo menos dois metros. Aumentando gradativamente essa dist\u00e2ncia, gostamos de televis\u00f5es ligeiramente maiores do que as f\u00f3rmulas. Com as novas op\u00e7\u00f5es ultra HD, por exemplo, \u00e9 poss\u00edvel aumentar em 10 polegadas a f\u00f3rmula anterior sem causar cansa\u00e7o aos olhos, por conta de um grande aumento no n\u00famero de pixels dos aparelhos.&#8221;<\/p>\n<p><strong>Op\u00e7\u00f5es para espa\u00e7os reduzidos<\/strong><br \/>\nPara ambientes pequenos, o mais recomendado \u00e9 que a TV fique presa \u00e0 parede, o que elimina a necessidade de um rack ou de algum m\u00f3vel mais robusto para apoi\u00e1-la. Isso facilita a circula\u00e7\u00e3o e propicia maior dist\u00e2ncia entre os olhos e o aparelho. &#8220;Quando ela vai na parede, \u00e9 poss\u00edvel simplesmente fazer uma prateleira mais estreita para apoiar o restante dos equipamentos, como modem de internet ou reprodutor de DVD&#8221;, explica Viviane. Juliana traz outras op\u00e7\u00f5es: &#8220;Hoje, com toda a tecnologia, voc\u00ea mal precisa de um rack. \u00c9 poss\u00edvel colocar todos os aparelhos atr\u00e1s da televis\u00e3o e comand\u00e1-los por infravermelho. H\u00e1 tamb\u00e9m op\u00e7\u00f5es de TV de teto, que descem por um flip ou motor, e n\u00e3o ocupam espa\u00e7o no dia a dia.&#8221;<\/p>\n<p><strong>Integra\u00e7\u00e3o da TV ao espa\u00e7o<\/strong><br \/>\nFoi-se o tempo das TVs que ocupavam espa\u00e7o excessivo, com bordas grossas e cores que influenciavam na decora\u00e7\u00e3o, &#8220;brigando&#8221; com os ambientes. Hoje, o design e a leveza possibilitam que os aparelhos se integrem totalmente ao seu entorno.<\/p>\n<p>Para isso, os tr\u00eas especialistas s\u00e3o adeptos de pain\u00e9is de toda a sorte de materiais, com ou sem embutimento de TVs. &#8220;Quando queremos valorizar o design do televisor, fazemos algo afastado da parede, que possibilite esconder toda a fia\u00e7\u00e3o por tr\u00e1s&#8221;. Pensando em TVs nem t\u00e3o finas, um truque para deix\u00e1-las menos salientes \u00e9 fazer um rebaixo no painel, como um pequeno nicho em volta do aparelho. &#8220;Ao olhar de frente, ela est\u00e1 alinhada com o painel e mais integrada com a decora\u00e7\u00e3o&#8221;, opina a Viviane.<\/p>\n<p>As TVs mais modernas conversam muito bem com objetos de decora\u00e7\u00e3o. &#8220;Uma op\u00e7\u00e3o \u00e9 dispor objetos como quadros em volta delas. Dessa forma, quando desligadas, ficam \u2018camufladas\u2019 com esses outros itens decorativos. Os paineis que ficam s\u00f3 com a TV a deixam muito em evid\u00eancia.&#8221;<\/p>\n<p><strong>Ideias para receber muitas pessoas<\/strong><br \/>\nM\u00f3veis flex, que podem ser facilmente deslocados para qualquer ambiente da casa sem ocupar muito espa\u00e7o \u2013 como puffs e banquinhos pequenos \u2013 s\u00e3o as solu\u00e7\u00f5es mais pr\u00e1ticas para receber uma grande quantidade de pessoas com conforto. &#8220;Acho que o tapete \u00e9 muito importante na \u00e1rea da sala e muito \u00fatil nesses casos, porque deixa o ambiente mais acolhedor. Se falta lugar, as pessoas podem se sentar nele sem precisar ficar no ch\u00e3o&#8221;, lembra Viviane. &#8220;\u00c9 sempre bom ter m\u00f3dulos extras com mais de um uso, versatilidade.&#8221;, completa Juliana.<\/p>\n<p>Pequenas mesas de apoio laterais ou uma mesa de centro servem para apoiar copos, ta\u00e7as, aperitivos e evitar sujeira nos m\u00f3veis. Al\u00e9m disso, o uso de bandejas \u00e9 muito bem vindo, j\u00e1 que \u00e9 poss\u00edvel apoi\u00e1-las diretamente no sof\u00e1 ou puff. Outra ponto importante \u00e9 escolher tecidos mais imperme\u00e1veis ou mais escuros para o sof\u00e1. Viviane explica: &#8220;\u00c9 um lugar em que as pessoas comem, bebem, derrubam coisas, ent\u00e3o recomendamos tecidos n\u00e3o muito claros, que n\u00e3o sujem com facilidade&#8221;.<\/p>\n","protected":false},"excerpt":{"rendered":"<p>A experi\u00eancia de assistir televis\u00e3o mudou muito ao longo dos \u00faltimos anos \u2013 desde o tamanho dos aparelhos, passando pelos programas, filmes e s\u00e9ries on demand. Al\u00e9m disso, a cada quatro anos, a Copa do Mundo traz um \u00f3timo ensejo para se repensar os espa\u00e7os mais aconchegantes da casa visando receber amigos e fam\u00edlia. Acomodar [&hellip;]<\/p>\n","protected":false},"author":2,"featured_media":179647,"comment_status":"closed","ping_status":"closed","sticky":false,"template":"","format":"standard","meta":{"_acf_changed":false,"footnotes":""},"categories":[69],"tags":[],"class_list":["post-179646","post","type-post","status-publish","format-standard","has-post-thumbnail","hentry","category-casa-e-decoracao"],"acf":[],"yoast_head":"<!-- This site is optimized with the Yoast SEO plugin v27.2 - https:\/\/yoast.com\/product\/yoast-seo-wordpress\/ -->\n<title>Aproveite que a Copa vem a\u00ed e escolha a TV ideal para o ambiente - Notibras<\/title>\n<meta name=\"robots\" content=\"index, follow, max-snippet:-1, max-image-preview:large, max-video-preview:-1\" \/>\n<link rel=\"canonical\" href=\"https:\/\/www.notibras.com\/site\/aproveite-que-a-copa-vem-ai-e-escolha-a-tv-ideal-para-o-ambiente\/\" \/>\n<meta property=\"og:locale\" content=\"pt_BR\" \/>\n<meta property=\"og:type\" content=\"article\" \/>\n<meta property=\"og:title\" content=\"Aproveite que a Copa vem a\u00ed e escolha a TV ideal para o ambiente - Notibras\" \/>\n<meta property=\"og:description\" content=\"A experi\u00eancia de assistir televis\u00e3o mudou muito ao longo dos \u00faltimos anos \u2013 desde o tamanho dos aparelhos, passando pelos programas, filmes e s\u00e9ries on demand. Al\u00e9m disso, a cada quatro anos, a Copa do Mundo traz um \u00f3timo ensejo para se repensar os espa\u00e7os mais aconchegantes da casa visando receber amigos e fam\u00edlia. Acomodar [&hellip;]\" \/>\n<meta property=\"og:url\" content=\"https:\/\/www.notibras.com\/site\/aproveite-que-a-copa-vem-ai-e-escolha-a-tv-ideal-para-o-ambiente\/\" \/>\n<meta property=\"og:site_name\" content=\"Notibras\" \/>\n<meta property=\"article:publisher\" content=\"https:\/\/www.facebook.com\/notibras\/\" \/>\n<meta property=\"article:published_time\" content=\"2018-05-18T10:33:47+00:00\" \/>\n<meta property=\"og:image\" content=\"https:\/\/www.notibras.com\/site\/wp-content\/uploads\/2018\/05\/tvsala.jpg\" \/>\n\t<meta property=\"og:image:width\" content=\"640\" \/>\n\t<meta property=\"og:image:height\" content=\"432\" \/>\n\t<meta property=\"og:image:type\" content=\"image\/jpeg\" \/>\n<meta name=\"author\" content=\"Reda\u00e7\u00e3o\" \/>\n<meta name=\"twitter:card\" content=\"summary_large_image\" \/>\n<meta name=\"twitter:creator\" content=\"@Notibras\" \/>\n<meta name=\"twitter:site\" content=\"@Notibras\" \/>\n<meta name=\"twitter:label1\" content=\"Escrito por\" \/>\n\t<meta name=\"twitter:data1\" content=\"Reda\u00e7\u00e3o\" \/>\n\t<meta name=\"twitter:label2\" content=\"Est. tempo de leitura\" \/>\n\t<meta name=\"twitter:data2\" content=\"6 minutos\" \/>\n<script type=\"application\/ld+json\" class=\"yoast-schema-graph\">{\"@context\":\"https:\/\/schema.org\",\"@graph\":[{\"@type\":\"Article\",\"@id\":\"https:\/\/www.notibras.com\/site\/aproveite-que-a-copa-vem-ai-e-escolha-a-tv-ideal-para-o-ambiente\/#article\",\"isPartOf\":{\"@id\":\"https:\/\/www.notibras.com\/site\/aproveite-que-a-copa-vem-ai-e-escolha-a-tv-ideal-para-o-ambiente\/\"},\"author\":{\"name\":\"Reda\u00e7\u00e3o\",\"@id\":\"https:\/\/www.notibras.com\/site\/#\/schema\/person\/36ab0979449956132d3e5b517ea76ac8\"},\"headline\":\"Aproveite que a Copa vem a\u00ed e escolha a TV ideal para o ambiente\",\"datePublished\":\"2018-05-18T10:33:47+00:00\",\"mainEntityOfPage\":{\"@id\":\"https:\/\/www.notibras.com\/site\/aproveite-que-a-copa-vem-ai-e-escolha-a-tv-ideal-para-o-ambiente\/\"},\"wordCount\":1206,\"publisher\":{\"@id\":\"https:\/\/www.notibras.com\/site\/#organization\"},\"image\":{\"@id\":\"https:\/\/www.notibras.com\/site\/aproveite-que-a-copa-vem-ai-e-escolha-a-tv-ideal-para-o-ambiente\/#primaryimage\"},\"thumbnailUrl\":\"https:\/\/www.notibras.com\/site\/wp-content\/uploads\/2018\/05\/tvsala.jpg\",\"articleSection\":[\"Casa e Decora\u00e7\u00e3o\"],\"inLanguage\":\"pt-BR\"},{\"@type\":\"WebPage\",\"@id\":\"https:\/\/www.notibras.com\/site\/aproveite-que-a-copa-vem-ai-e-escolha-a-tv-ideal-para-o-ambiente\/\",\"url\":\"https:\/\/www.notibras.com\/site\/aproveite-que-a-copa-vem-ai-e-escolha-a-tv-ideal-para-o-ambiente\/\",\"name\":\"Aproveite que a Copa vem a\u00ed e escolha a TV ideal para o ambiente - Notibras\",\"isPartOf\":{\"@id\":\"https:\/\/www.notibras.com\/site\/#website\"},\"primaryImageOfPage\":{\"@id\":\"https:\/\/www.notibras.com\/site\/aproveite-que-a-copa-vem-ai-e-escolha-a-tv-ideal-para-o-ambiente\/#primaryimage\"},\"image\":{\"@id\":\"https:\/\/www.notibras.com\/site\/aproveite-que-a-copa-vem-ai-e-escolha-a-tv-ideal-para-o-ambiente\/#primaryimage\"},\"thumbnailUrl\":\"https:\/\/www.notibras.com\/site\/wp-content\/uploads\/2018\/05\/tvsala.jpg\",\"datePublished\":\"2018-05-18T10:33:47+00:00\",\"breadcrumb\":{\"@id\":\"https:\/\/www.notibras.com\/site\/aproveite-que-a-copa-vem-ai-e-escolha-a-tv-ideal-para-o-ambiente\/#breadcrumb\"},\"inLanguage\":\"pt-BR\",\"potentialAction\":[{\"@type\":\"ReadAction\",\"target\":[\"https:\/\/www.notibras.com\/site\/aproveite-que-a-copa-vem-ai-e-escolha-a-tv-ideal-para-o-ambiente\/\"]}]},{\"@type\":\"ImageObject\",\"inLanguage\":\"pt-BR\",\"@id\":\"https:\/\/www.notibras.com\/site\/aproveite-que-a-copa-vem-ai-e-escolha-a-tv-ideal-para-o-ambiente\/#primaryimage\",\"url\":\"https:\/\/www.notibras.com\/site\/wp-content\/uploads\/2018\/05\/tvsala.jpg\",\"contentUrl\":\"https:\/\/www.notibras.com\/site\/wp-content\/uploads\/2018\/05\/tvsala.jpg\",\"width\":640,\"height\":432,\"caption\":\"Foto\/Divulga\u00e7\u00e3o\"},{\"@type\":\"BreadcrumbList\",\"@id\":\"https:\/\/www.notibras.com\/site\/aproveite-que-a-copa-vem-ai-e-escolha-a-tv-ideal-para-o-ambiente\/#breadcrumb\",\"itemListElement\":[{\"@type\":\"ListItem\",\"position\":1,\"name\":\"In\u00edcio\",\"item\":\"https:\/\/www.notibras.com\/site\/\"},{\"@type\":\"ListItem\",\"position\":2,\"name\":\"Aproveite que a Copa vem a\u00ed e escolha a TV ideal para o ambiente\"}]},{\"@type\":\"WebSite\",\"@id\":\"https:\/\/www.notibras.com\/site\/#website\",\"url\":\"https:\/\/www.notibras.com\/site\/\",\"name\":\"Notibras\",\"description\":\"Not\u00edcias de Bras\u00edlia, do Brasil e do Mundo\",\"publisher\":{\"@id\":\"https:\/\/www.notibras.com\/site\/#organization\"},\"potentialAction\":[{\"@type\":\"SearchAction\",\"target\":{\"@type\":\"EntryPoint\",\"urlTemplate\":\"https:\/\/www.notibras.com\/site\/?s={search_term_string}\"},\"query-input\":{\"@type\":\"PropertyValueSpecification\",\"valueRequired\":true,\"valueName\":\"search_term_string\"}}],\"inLanguage\":\"pt-BR\"},{\"@type\":\"Organization\",\"@id\":\"https:\/\/www.notibras.com\/site\/#organization\",\"name\":\"Grupo Notibras de Comunica\u00e7\u00e3o\",\"url\":\"https:\/\/www.notibras.com\/site\/\",\"logo\":{\"@type\":\"ImageObject\",\"inLanguage\":\"pt-BR\",\"@id\":\"https:\/\/www.notibras.com\/site\/#\/schema\/logo\/image\/\",\"url\":\"https:\/\/www.notibras.com\/site\/wp-content\/uploads\/2023\/01\/notibras23.png\",\"contentUrl\":\"https:\/\/www.notibras.com\/site\/wp-content\/uploads\/2023\/01\/notibras23.png\",\"width\":350,\"height\":87,\"caption\":\"Grupo Notibras de Comunica\u00e7\u00e3o\"},\"image\":{\"@id\":\"https:\/\/www.notibras.com\/site\/#\/schema\/logo\/image\/\"},\"sameAs\":[\"https:\/\/www.facebook.com\/notibras\/\",\"https:\/\/x.com\/Notibras\",\"https:\/\/www.instagram.com\/notibras\/\"]},{\"@type\":\"Person\",\"@id\":\"https:\/\/www.notibras.com\/site\/#\/schema\/person\/36ab0979449956132d3e5b517ea76ac8\",\"name\":\"Reda\u00e7\u00e3o\",\"image\":{\"@type\":\"ImageObject\",\"inLanguage\":\"pt-BR\",\"@id\":\"https:\/\/secure.gravatar.com\/avatar\/e0a867bdedb85fd243eadf09663511f96fc81e0720a4a42581f334ad4303aa6b?s=96&d=mm&r=g\",\"url\":\"https:\/\/secure.gravatar.com\/avatar\/e0a867bdedb85fd243eadf09663511f96fc81e0720a4a42581f334ad4303aa6b?s=96&d=mm&r=g\",\"contentUrl\":\"https:\/\/secure.gravatar.com\/avatar\/e0a867bdedb85fd243eadf09663511f96fc81e0720a4a42581f334ad4303aa6b?s=96&d=mm&r=g\",\"caption\":\"Reda\u00e7\u00e3o\"}}]}<\/script>\n<!-- \/ Yoast SEO plugin. -->","yoast_head_json":{"title":"Aproveite que a Copa vem a\u00ed e escolha a TV ideal para o ambiente - Notibras","robots":{"index":"index","follow":"follow","max-snippet":"max-snippet:-1","max-image-preview":"max-image-preview:large","max-video-preview":"max-video-preview:-1"},"canonical":"https:\/\/www.notibras.com\/site\/aproveite-que-a-copa-vem-ai-e-escolha-a-tv-ideal-para-o-ambiente\/","og_locale":"pt_BR","og_type":"article","og_title":"Aproveite que a Copa vem a\u00ed e escolha a TV ideal para o ambiente - Notibras","og_description":"A experi\u00eancia de assistir televis\u00e3o mudou muito ao longo dos \u00faltimos anos \u2013 desde o tamanho dos aparelhos, passando pelos programas, filmes e s\u00e9ries on demand. Al\u00e9m disso, a cada quatro anos, a Copa do Mundo traz um \u00f3timo ensejo para se repensar os espa\u00e7os mais aconchegantes da casa visando receber amigos e fam\u00edlia. Acomodar [&hellip;]","og_url":"https:\/\/www.notibras.com\/site\/aproveite-que-a-copa-vem-ai-e-escolha-a-tv-ideal-para-o-ambiente\/","og_site_name":"Notibras","article_publisher":"https:\/\/www.facebook.com\/notibras\/","article_published_time":"2018-05-18T10:33:47+00:00","og_image":[{"width":640,"height":432,"url":"https:\/\/www.notibras.com\/site\/wp-content\/uploads\/2018\/05\/tvsala.jpg","type":"image\/jpeg"}],"author":"Reda\u00e7\u00e3o","twitter_card":"summary_large_image","twitter_creator":"@Notibras","twitter_site":"@Notibras","twitter_misc":{"Escrito por":"Reda\u00e7\u00e3o","Est. tempo de leitura":"6 minutos"},"schema":{"@context":"https:\/\/schema.org","@graph":[{"@type":"Article","@id":"https:\/\/www.notibras.com\/site\/aproveite-que-a-copa-vem-ai-e-escolha-a-tv-ideal-para-o-ambiente\/#article","isPartOf":{"@id":"https:\/\/www.notibras.com\/site\/aproveite-que-a-copa-vem-ai-e-escolha-a-tv-ideal-para-o-ambiente\/"},"author":{"name":"Reda\u00e7\u00e3o","@id":"https:\/\/www.notibras.com\/site\/#\/schema\/person\/36ab0979449956132d3e5b517ea76ac8"},"headline":"Aproveite que a Copa vem a\u00ed e escolha a TV ideal para o ambiente","datePublished":"2018-05-18T10:33:47+00:00","mainEntityOfPage":{"@id":"https:\/\/www.notibras.com\/site\/aproveite-que-a-copa-vem-ai-e-escolha-a-tv-ideal-para-o-ambiente\/"},"wordCount":1206,"publisher":{"@id":"https:\/\/www.notibras.com\/site\/#organization"},"image":{"@id":"https:\/\/www.notibras.com\/site\/aproveite-que-a-copa-vem-ai-e-escolha-a-tv-ideal-para-o-ambiente\/#primaryimage"},"thumbnailUrl":"https:\/\/www.notibras.com\/site\/wp-content\/uploads\/2018\/05\/tvsala.jpg","articleSection":["Casa e Decora\u00e7\u00e3o"],"inLanguage":"pt-BR"},{"@type":"WebPage","@id":"https:\/\/www.notibras.com\/site\/aproveite-que-a-copa-vem-ai-e-escolha-a-tv-ideal-para-o-ambiente\/","url":"https:\/\/www.notibras.com\/site\/aproveite-que-a-copa-vem-ai-e-escolha-a-tv-ideal-para-o-ambiente\/","name":"Aproveite que a Copa vem a\u00ed e escolha a TV ideal para o ambiente - Notibras","isPartOf":{"@id":"https:\/\/www.notibras.com\/site\/#website"},"primaryImageOfPage":{"@id":"https:\/\/www.notibras.com\/site\/aproveite-que-a-copa-vem-ai-e-escolha-a-tv-ideal-para-o-ambiente\/#primaryimage"},"image":{"@id":"https:\/\/www.notibras.com\/site\/aproveite-que-a-copa-vem-ai-e-escolha-a-tv-ideal-para-o-ambiente\/#primaryimage"},"thumbnailUrl":"https:\/\/www.notibras.com\/site\/wp-content\/uploads\/2018\/05\/tvsala.jpg","datePublished":"2018-05-18T10:33:47+00:00","breadcrumb":{"@id":"https:\/\/www.notibras.com\/site\/aproveite-que-a-copa-vem-ai-e-escolha-a-tv-ideal-para-o-ambiente\/#breadcrumb"},"inLanguage":"pt-BR","potentialAction":[{"@type":"ReadAction","target":["https:\/\/www.notibras.com\/site\/aproveite-que-a-copa-vem-ai-e-escolha-a-tv-ideal-para-o-ambiente\/"]}]},{"@type":"ImageObject","inLanguage":"pt-BR","@id":"https:\/\/www.notibras.com\/site\/aproveite-que-a-copa-vem-ai-e-escolha-a-tv-ideal-para-o-ambiente\/#primaryimage","url":"https:\/\/www.notibras.com\/site\/wp-content\/uploads\/2018\/05\/tvsala.jpg","contentUrl":"https:\/\/www.notibras.com\/site\/wp-content\/uploads\/2018\/05\/tvsala.jpg","width":640,"height":432,"caption":"Foto\/Divulga\u00e7\u00e3o"},{"@type":"BreadcrumbList","@id":"https:\/\/www.notibras.com\/site\/aproveite-que-a-copa-vem-ai-e-escolha-a-tv-ideal-para-o-ambiente\/#breadcrumb","itemListElement":[{"@type":"ListItem","position":1,"name":"In\u00edcio","item":"https:\/\/www.notibras.com\/site\/"},{"@type":"ListItem","position":2,"name":"Aproveite que a Copa vem a\u00ed e escolha a TV ideal para o ambiente"}]},{"@type":"WebSite","@id":"https:\/\/www.notibras.com\/site\/#website","url":"https:\/\/www.notibras.com\/site\/","name":"Notibras","description":"Not\u00edcias de Bras\u00edlia, do Brasil e do Mundo","publisher":{"@id":"https:\/\/www.notibras.com\/site\/#organization"},"potentialAction":[{"@type":"SearchAction","target":{"@type":"EntryPoint","urlTemplate":"https:\/\/www.notibras.com\/site\/?s={search_term_string}"},"query-input":{"@type":"PropertyValueSpecification","valueRequired":true,"valueName":"search_term_string"}}],"inLanguage":"pt-BR"},{"@type":"Organization","@id":"https:\/\/www.notibras.com\/site\/#organization","name":"Grupo Notibras de Comunica\u00e7\u00e3o","url":"https:\/\/www.notibras.com\/site\/","logo":{"@type":"ImageObject","inLanguage":"pt-BR","@id":"https:\/\/www.notibras.com\/site\/#\/schema\/logo\/image\/","url":"https:\/\/www.notibras.com\/site\/wp-content\/uploads\/2023\/01\/notibras23.png","contentUrl":"https:\/\/www.notibras.com\/site\/wp-content\/uploads\/2023\/01\/notibras23.png","width":350,"height":87,"caption":"Grupo Notibras de Comunica\u00e7\u00e3o"},"image":{"@id":"https:\/\/www.notibras.com\/site\/#\/schema\/logo\/image\/"},"sameAs":["https:\/\/www.facebook.com\/notibras\/","https:\/\/x.com\/Notibras","https:\/\/www.instagram.com\/notibras\/"]},{"@type":"Person","@id":"https:\/\/www.notibras.com\/site\/#\/schema\/person\/36ab0979449956132d3e5b517ea76ac8","name":"Reda\u00e7\u00e3o","image":{"@type":"ImageObject","inLanguage":"pt-BR","@id":"https:\/\/secure.gravatar.com\/avatar\/e0a867bdedb85fd243eadf09663511f96fc81e0720a4a42581f334ad4303aa6b?s=96&d=mm&r=g","url":"https:\/\/secure.gravatar.com\/avatar\/e0a867bdedb85fd243eadf09663511f96fc81e0720a4a42581f334ad4303aa6b?s=96&d=mm&r=g","contentUrl":"https:\/\/secure.gravatar.com\/avatar\/e0a867bdedb85fd243eadf09663511f96fc81e0720a4a42581f334ad4303aa6b?s=96&d=mm&r=g","caption":"Reda\u00e7\u00e3o"}}]}},"amp_enabled":true,"_links":{"self":[{"href":"https:\/\/www.notibras.com\/site\/wp-json\/wp\/v2\/posts\/179646","targetHints":{"allow":["GET"]}}],"collection":[{"href":"https:\/\/www.notibras.com\/site\/wp-json\/wp\/v2\/posts"}],"about":[{"href":"https:\/\/www.notibras.com\/site\/wp-json\/wp\/v2\/types\/post"}],"author":[{"embeddable":true,"href":"https:\/\/www.notibras.com\/site\/wp-json\/wp\/v2\/users\/2"}],"replies":[{"embeddable":true,"href":"https:\/\/www.notibras.com\/site\/wp-json\/wp\/v2\/comments?post=179646"}],"version-history":[{"count":1,"href":"https:\/\/www.notibras.com\/site\/wp-json\/wp\/v2\/posts\/179646\/revisions"}],"predecessor-version":[{"id":179648,"href":"https:\/\/www.notibras.com\/site\/wp-json\/wp\/v2\/posts\/179646\/revisions\/179648"}],"wp:featuredmedia":[{"embeddable":true,"href":"https:\/\/www.notibras.com\/site\/wp-json\/wp\/v2\/media\/179647"}],"wp:attachment":[{"href":"https:\/\/www.notibras.com\/site\/wp-json\/wp\/v2\/media?parent=179646"}],"wp:term":[{"taxonomy":"category","embeddable":true,"href":"https:\/\/www.notibras.com\/site\/wp-json\/wp\/v2\/categories?post=179646"},{"taxonomy":"post_tag","embeddable":true,"href":"https:\/\/www.notibras.com\/site\/wp-json\/wp\/v2\/tags?post=179646"}],"curies":[{"name":"wp","href":"https:\/\/api.w.org\/{rel}","templated":true}]}}