{"id":179693,"date":"2018-05-18T10:40:37","date_gmt":"2018-05-18T13:40:37","guid":{"rendered":"https:\/\/www.notibras.com\/site\/?p=179693"},"modified":"2018-05-18T10:40:37","modified_gmt":"2018-05-18T13:40:37","slug":"candidato-a-reeleicao-maduro-diz-que-vai-reparar-erros","status":"publish","type":"post","link":"https:\/\/www.notibras.com\/site\/candidato-a-reeleicao-maduro-diz-que-vai-reparar-erros\/","title":{"rendered":"Candidato \u00e0 reelei\u00e7\u00e3o, Maduro diz que vai reparar erros"},"content":{"rendered":"<div id=\"sch-detalle\" class=\"head\">\n<p id=\"div_titulo\" class=\"titulo\">Presidente da Venezuela e candidato \u00e0 reelei\u00e7\u00e3o no pr\u00f3ximo domingo, Nicol\u00e1s Maduro prometeu reparar os erros cometidos na chamada &#8220;revolu\u00e7\u00e3o bolivariana&#8221; e conseguir a prosperidade econ\u00f4mica que n\u00e3o obteve em seis anos de governo, tempo no qual o pa\u00eds afundou em uma profunda crise.<\/p>\n<p class=\"titulo\">Com uma longa carreira dentro da administra\u00e7\u00e3o p\u00fablica, desenvolvida nos \u00faltimos 20 anos, Maduro, de 56 e que se orgulha de ser o &#8220;presidente oper\u00e1rio&#8221; que nunca pisou em uma universidade, chega nesta campanha eleitoral como o &#8220;candidato da p\u00e1tria&#8221;.<\/p>\n<\/div>\n<div class=\"body clearfix\" role=\"main\">\n<div id=\"div_texto\" class=\"texto dont-break-out\">\n<p>Em cada com\u00edcio, ele promete que, se tiver 10 milh\u00f5es de votos, garantir\u00e1 a paz no pa\u00eds e dar\u00e1 estabilidade \u00e0 abalada economia venezuelana.<\/p>\n<p>&#8220;Confiem em mim, eu vou fazer. Eu, Nicol\u00e1s Maduro. Eu, Nicol\u00e1s povo. Eu, for\u00e7a revolucion\u00e1ria, neste tempo hist\u00f3rico, juro diante de voc\u00eas&#8221;, disse recentemente o chefe de Estado que havia feito uma promessa similar em 2014, um ano antes de ser eleito presidente.<\/p>\n<p>Em mar\u00e7o desse ano, o agora l\u00edder da chamada &#8220;revolu\u00e7\u00e3o bolivariana&#8221;, iniciada pelo falecido presidente Hugo Ch\u00e1vez (1999-2013), jurou diante de simpatizantes em Caracas que derrotaria a &#8220;guerra econ\u00f4mica&#8221;, que diz ser promovida dos Estados Unidos, e \u00e0 qual atribui a escassez de rem\u00e9dios e alimentos no pa\u00eds sul-americano.<\/p>\n<p>Maduro, que durante a gest\u00e3o de Ch\u00e1vez foi deputado, presidente do parlamento, chanceler, vice-presidente e presidente interino, prometeu tamb\u00e9m em 2014 que neste ano j\u00e1 n\u00e3o haveria pobreza nem mis\u00e9ria, algo que, pelo contr\u00e1rio, aumentou, segundo estudos das principais universidades do pa\u00eds.<\/p>\n<p>Nas ruas da Venezuela \u00e9 poss\u00edvel ver h\u00e1 um ano pessoas ingerindo os restos de comida que encontram no lixo, e h\u00e1 escassez tamb\u00e9m de rem\u00e9dios e dinheiro, tudo isso em um cen\u00e1rio de hiperinfla\u00e7\u00e3o que os opositores de Maduro atribuem \u00e0s &#8220;m\u00e1s pol\u00edticas&#8221; que adotou.<\/p>\n<p>No entanto, seus aliados o descrevem como um homem pr\u00f3ximo ao seu povo, sobretudo da &#8220;classe oper\u00e1ria trabalhadora&#8221;, e nos seus discursos costuma sempre se dirigir a eles.<\/p>\n<p>Nesta campanha, Maduro, que foi l\u00edder sindical e motorista de \u00f4nibus, reiterou que \u00e9 um homem do povo, e j\u00e1 n\u00e3o diz que \u00e9 &#8220;filho de Ch\u00e1vez&#8221;, como repetia em 2013 durante sua primeira campanha.<\/p>\n<p>O chefe de Estado venezuelano \u00e9 &#8220;af\u00e1vel&#8221; e &#8220;de riso f\u00e1cil&#8221;, segundo disse em v\u00e1rias entrevistas o ministro de Comunica\u00e7\u00e3o, Jorge Rodr\u00edguez, que garante que Maduro \u00e9 o &#8220;\u00fanico&#8221; fiador da paz para a Venezuela.<\/p>\n<p>Apesar dessa &#8220;afabilidade&#8221;, Maduro \u00e9 apontado hoje como &#8220;ditador&#8221;, pela captura de pol\u00edticos e pelas &#8220;ordens&#8221; que deu aos poderes judiciais para desabilitar importantes l\u00edderes e partidos da oposi\u00e7\u00e3o, incluindo seu principal rival nas elei\u00e7\u00f5es presidenciais de 2013, Henrique Capriles.<\/p>\n<p>Em seu mandato, destacados l\u00edderes acabaram na pris\u00e3o, como Leopoldo L\u00f3pez, que teve retiradas suas compet\u00eancias legislativas no parlamento, de maioria opositora. Seus opositores tamb\u00e9m o acusam de ter acabado com o Estado de Direito, ao indicar que todas as institui\u00e7\u00f5es do pa\u00eds atuam sob suas ordens.<\/p>\n<p>Maduro tamb\u00e9m \u00e9 acusado de impedir a &#8220;liberdade de express\u00e3o&#8221;, uma vez que, durante seu governo, pelo menos 40 ve\u00edculos de comunica\u00e7\u00e3o encerraram as atividades.<\/p>\n<p>Embora o &#8220;presidente oper\u00e1rio&#8221; reconhe\u00e7a que cometeu erros em n\u00edvel econ\u00f4mico, rejeita que seja um &#8220;ditador&#8221; e repete, v\u00e1rias vezes, que a Venezuela \u00e9 um pa\u00eds democr\u00e1tico que tem &#8220;o melhor sistema eleitoral do mundo&#8221;, enquanto seus cr\u00edticos asseguram que o Poder Eleitoral opera segundo as suas ordens.<\/p>\n<p>O l\u00edder &#8220;revolucion\u00e1rio&#8221;, casado com a advogada e deputada Cilia Flores &#8211; 10 anos mais velha que ele -, nasceu em Caracas em 1962 e foi criado na par\u00f3quia de El Valle, um setor popular da capital venezuelana, segundo ele mesmo conta nos seus atos p\u00fablicos para contestar aqueles que dizem que \u00e9 origin\u00e1rio da Col\u00f4mbia.<\/p>\n<p>Nas elei\u00e7\u00f5es de 2013, Maduro venceu com 7.505.338 votos, contra 7.270.403 de Capriles, e muitos atribuem a vit\u00f3ria \u00e0 como\u00e7\u00e3o popular com a ent\u00e3o recente morte de Hugo Ch\u00e1vez.<\/p>\n<\/div>\n<\/div>\n","protected":false},"excerpt":{"rendered":"<p>Presidente da Venezuela e candidato \u00e0 reelei\u00e7\u00e3o no pr\u00f3ximo domingo, Nicol\u00e1s Maduro prometeu reparar os erros cometidos na chamada &#8220;revolu\u00e7\u00e3o bolivariana&#8221; e conseguir a prosperidade econ\u00f4mica que n\u00e3o obteve em seis anos de governo, tempo no qual o pa\u00eds afundou em uma profunda crise. Com uma longa carreira dentro da administra\u00e7\u00e3o p\u00fablica, desenvolvida nos \u00faltimos [&hellip;]<\/p>\n","protected":false},"author":1,"featured_media":177976,"comment_status":"closed","ping_status":"closed","sticky":false,"template":"","format":"standard","meta":{"_acf_changed":false,"footnotes":""},"categories":[17],"tags":[],"class_list":["post-179693","post","type-post","status-publish","format-standard","has-post-thumbnail","hentry","category-mundo"],"acf":[],"yoast_head":"<!-- This site is optimized with the Yoast SEO plugin v27.2 - https:\/\/yoast.com\/product\/yoast-seo-wordpress\/ -->\n<title>Candidato \u00e0 reelei\u00e7\u00e3o, Maduro diz que vai reparar erros - Notibras<\/title>\n<meta name=\"robots\" content=\"index, follow, max-snippet:-1, max-image-preview:large, max-video-preview:-1\" \/>\n<link rel=\"canonical\" href=\"https:\/\/www.notibras.com\/site\/candidato-a-reeleicao-maduro-diz-que-vai-reparar-erros\/\" \/>\n<meta property=\"og:locale\" content=\"pt_BR\" \/>\n<meta property=\"og:type\" content=\"article\" \/>\n<meta property=\"og:title\" content=\"Candidato \u00e0 reelei\u00e7\u00e3o, Maduro diz que vai reparar erros - Notibras\" \/>\n<meta property=\"og:description\" content=\"Presidente da Venezuela e candidato \u00e0 reelei\u00e7\u00e3o no pr\u00f3ximo domingo, Nicol\u00e1s Maduro prometeu reparar os erros cometidos na chamada &#8220;revolu\u00e7\u00e3o bolivariana&#8221; e conseguir a prosperidade econ\u00f4mica que n\u00e3o obteve em seis anos de governo, tempo no qual o pa\u00eds afundou em uma profunda crise. Com uma longa carreira dentro da administra\u00e7\u00e3o p\u00fablica, desenvolvida nos \u00faltimos [&hellip;]\" \/>\n<meta property=\"og:url\" content=\"https:\/\/www.notibras.com\/site\/candidato-a-reeleicao-maduro-diz-que-vai-reparar-erros\/\" \/>\n<meta property=\"og:site_name\" content=\"Notibras\" \/>\n<meta property=\"article:publisher\" content=\"https:\/\/www.facebook.com\/notibras\/\" \/>\n<meta property=\"article:published_time\" content=\"2018-05-18T13:40:37+00:00\" \/>\n<meta property=\"og:image\" content=\"https:\/\/www.notibras.com\/site\/wp-content\/uploads\/2018\/05\/lider-chavista.jpg\" \/>\n\t<meta property=\"og:image:width\" content=\"768\" \/>\n\t<meta property=\"og:image:height\" content=\"511\" \/>\n\t<meta property=\"og:image:type\" content=\"image\/jpeg\" \/>\n<meta name=\"author\" content=\"Reda\u00e7\u00e3o\" \/>\n<meta name=\"twitter:card\" content=\"summary_large_image\" \/>\n<meta name=\"twitter:creator\" content=\"@Notibras\" \/>\n<meta name=\"twitter:site\" content=\"@Notibras\" \/>\n<meta name=\"twitter:label1\" content=\"Escrito por\" \/>\n\t<meta name=\"twitter:data1\" content=\"Reda\u00e7\u00e3o\" \/>\n\t<meta name=\"twitter:label2\" content=\"Est. tempo de leitura\" \/>\n\t<meta name=\"twitter:data2\" content=\"3 minutos\" \/>\n<script type=\"application\/ld+json\" class=\"yoast-schema-graph\">{\"@context\":\"https:\/\/schema.org\",\"@graph\":[{\"@type\":\"Article\",\"@id\":\"https:\/\/www.notibras.com\/site\/candidato-a-reeleicao-maduro-diz-que-vai-reparar-erros\/#article\",\"isPartOf\":{\"@id\":\"https:\/\/www.notibras.com\/site\/candidato-a-reeleicao-maduro-diz-que-vai-reparar-erros\/\"},\"author\":{\"name\":\"Reda\u00e7\u00e3o\",\"@id\":\"https:\/\/www.notibras.com\/site\/#\/schema\/person\/00b8e1aa08f9ef6563e878c5159d01cf\"},\"headline\":\"Candidato \u00e0 reelei\u00e7\u00e3o, Maduro diz que vai reparar erros\",\"datePublished\":\"2018-05-18T13:40:37+00:00\",\"mainEntityOfPage\":{\"@id\":\"https:\/\/www.notibras.com\/site\/candidato-a-reeleicao-maduro-diz-que-vai-reparar-erros\/\"},\"wordCount\":699,\"publisher\":{\"@id\":\"https:\/\/www.notibras.com\/site\/#organization\"},\"image\":{\"@id\":\"https:\/\/www.notibras.com\/site\/candidato-a-reeleicao-maduro-diz-que-vai-reparar-erros\/#primaryimage\"},\"thumbnailUrl\":\"https:\/\/www.notibras.com\/site\/wp-content\/uploads\/2018\/05\/lider-chavista.jpg\",\"articleSection\":[\"Mundo\"],\"inLanguage\":\"pt-BR\"},{\"@type\":\"WebPage\",\"@id\":\"https:\/\/www.notibras.com\/site\/candidato-a-reeleicao-maduro-diz-que-vai-reparar-erros\/\",\"url\":\"https:\/\/www.notibras.com\/site\/candidato-a-reeleicao-maduro-diz-que-vai-reparar-erros\/\",\"name\":\"Candidato \u00e0 reelei\u00e7\u00e3o, Maduro diz que vai reparar erros - Notibras\",\"isPartOf\":{\"@id\":\"https:\/\/www.notibras.com\/site\/#website\"},\"primaryImageOfPage\":{\"@id\":\"https:\/\/www.notibras.com\/site\/candidato-a-reeleicao-maduro-diz-que-vai-reparar-erros\/#primaryimage\"},\"image\":{\"@id\":\"https:\/\/www.notibras.com\/site\/candidato-a-reeleicao-maduro-diz-que-vai-reparar-erros\/#primaryimage\"},\"thumbnailUrl\":\"https:\/\/www.notibras.com\/site\/wp-content\/uploads\/2018\/05\/lider-chavista.jpg\",\"datePublished\":\"2018-05-18T13:40:37+00:00\",\"breadcrumb\":{\"@id\":\"https:\/\/www.notibras.com\/site\/candidato-a-reeleicao-maduro-diz-que-vai-reparar-erros\/#breadcrumb\"},\"inLanguage\":\"pt-BR\",\"potentialAction\":[{\"@type\":\"ReadAction\",\"target\":[\"https:\/\/www.notibras.com\/site\/candidato-a-reeleicao-maduro-diz-que-vai-reparar-erros\/\"]}]},{\"@type\":\"ImageObject\",\"inLanguage\":\"pt-BR\",\"@id\":\"https:\/\/www.notibras.com\/site\/candidato-a-reeleicao-maduro-diz-que-vai-reparar-erros\/#primaryimage\",\"url\":\"https:\/\/www.notibras.com\/site\/wp-content\/uploads\/2018\/05\/lider-chavista.jpg\",\"contentUrl\":\"https:\/\/www.notibras.com\/site\/wp-content\/uploads\/2018\/05\/lider-chavista.jpg\",\"width\":768,\"height\":511,\"caption\":\"O presidente da Venezuela, Nicol\u00e1s Maduro (C), e vice-presidente do Partido Socialista Unido da Venezuela (PSUV) e l\u00edder chavista, Diosdado Cabello (E), durante com\u00edcio em Caracas, na Venezuela. Foto: Federico Parra\"},{\"@type\":\"BreadcrumbList\",\"@id\":\"https:\/\/www.notibras.com\/site\/candidato-a-reeleicao-maduro-diz-que-vai-reparar-erros\/#breadcrumb\",\"itemListElement\":[{\"@type\":\"ListItem\",\"position\":1,\"name\":\"In\u00edcio\",\"item\":\"https:\/\/www.notibras.com\/site\/\"},{\"@type\":\"ListItem\",\"position\":2,\"name\":\"Candidato \u00e0 reelei\u00e7\u00e3o, Maduro diz que vai reparar erros\"}]},{\"@type\":\"WebSite\",\"@id\":\"https:\/\/www.notibras.com\/site\/#website\",\"url\":\"https:\/\/www.notibras.com\/site\/\",\"name\":\"Notibras\",\"description\":\"Not\u00edcias de Bras\u00edlia, do Brasil e do Mundo\",\"publisher\":{\"@id\":\"https:\/\/www.notibras.com\/site\/#organization\"},\"potentialAction\":[{\"@type\":\"SearchAction\",\"target\":{\"@type\":\"EntryPoint\",\"urlTemplate\":\"https:\/\/www.notibras.com\/site\/?s={search_term_string}\"},\"query-input\":{\"@type\":\"PropertyValueSpecification\",\"valueRequired\":true,\"valueName\":\"search_term_string\"}}],\"inLanguage\":\"pt-BR\"},{\"@type\":\"Organization\",\"@id\":\"https:\/\/www.notibras.com\/site\/#organization\",\"name\":\"Grupo Notibras de Comunica\u00e7\u00e3o\",\"url\":\"https:\/\/www.notibras.com\/site\/\",\"logo\":{\"@type\":\"ImageObject\",\"inLanguage\":\"pt-BR\",\"@id\":\"https:\/\/www.notibras.com\/site\/#\/schema\/logo\/image\/\",\"url\":\"https:\/\/www.notibras.com\/site\/wp-content\/uploads\/2023\/01\/notibras23.png\",\"contentUrl\":\"https:\/\/www.notibras.com\/site\/wp-content\/uploads\/2023\/01\/notibras23.png\",\"width\":350,\"height\":87,\"caption\":\"Grupo Notibras de Comunica\u00e7\u00e3o\"},\"image\":{\"@id\":\"https:\/\/www.notibras.com\/site\/#\/schema\/logo\/image\/\"},\"sameAs\":[\"https:\/\/www.facebook.com\/notibras\/\",\"https:\/\/x.com\/Notibras\",\"https:\/\/www.instagram.com\/notibras\/\"]},{\"@type\":\"Person\",\"@id\":\"https:\/\/www.notibras.com\/site\/#\/schema\/person\/00b8e1aa08f9ef6563e878c5159d01cf\",\"name\":\"Reda\u00e7\u00e3o\",\"image\":{\"@type\":\"ImageObject\",\"inLanguage\":\"pt-BR\",\"@id\":\"https:\/\/secure.gravatar.com\/avatar\/ac5a707d5b47784a5ed426c6e213e201423c750890f64e4c379114dade67dfb9?s=96&d=mm&r=g\",\"url\":\"https:\/\/secure.gravatar.com\/avatar\/ac5a707d5b47784a5ed426c6e213e201423c750890f64e4c379114dade67dfb9?s=96&d=mm&r=g\",\"contentUrl\":\"https:\/\/secure.gravatar.com\/avatar\/ac5a707d5b47784a5ed426c6e213e201423c750890f64e4c379114dade67dfb9?s=96&d=mm&r=g\",\"caption\":\"Reda\u00e7\u00e3o\"}}]}<\/script>\n<!-- \/ Yoast SEO plugin. -->","yoast_head_json":{"title":"Candidato \u00e0 reelei\u00e7\u00e3o, Maduro diz que vai reparar erros - Notibras","robots":{"index":"index","follow":"follow","max-snippet":"max-snippet:-1","max-image-preview":"max-image-preview:large","max-video-preview":"max-video-preview:-1"},"canonical":"https:\/\/www.notibras.com\/site\/candidato-a-reeleicao-maduro-diz-que-vai-reparar-erros\/","og_locale":"pt_BR","og_type":"article","og_title":"Candidato \u00e0 reelei\u00e7\u00e3o, Maduro diz que vai reparar erros - Notibras","og_description":"Presidente da Venezuela e candidato \u00e0 reelei\u00e7\u00e3o no pr\u00f3ximo domingo, Nicol\u00e1s Maduro prometeu reparar os erros cometidos na chamada &#8220;revolu\u00e7\u00e3o bolivariana&#8221; e conseguir a prosperidade econ\u00f4mica que n\u00e3o obteve em seis anos de governo, tempo no qual o pa\u00eds afundou em uma profunda crise. Com uma longa carreira dentro da administra\u00e7\u00e3o p\u00fablica, desenvolvida nos \u00faltimos [&hellip;]","og_url":"https:\/\/www.notibras.com\/site\/candidato-a-reeleicao-maduro-diz-que-vai-reparar-erros\/","og_site_name":"Notibras","article_publisher":"https:\/\/www.facebook.com\/notibras\/","article_published_time":"2018-05-18T13:40:37+00:00","og_image":[{"width":768,"height":511,"url":"https:\/\/www.notibras.com\/site\/wp-content\/uploads\/2018\/05\/lider-chavista.jpg","type":"image\/jpeg"}],"author":"Reda\u00e7\u00e3o","twitter_card":"summary_large_image","twitter_creator":"@Notibras","twitter_site":"@Notibras","twitter_misc":{"Escrito por":"Reda\u00e7\u00e3o","Est. tempo de leitura":"3 minutos"},"schema":{"@context":"https:\/\/schema.org","@graph":[{"@type":"Article","@id":"https:\/\/www.notibras.com\/site\/candidato-a-reeleicao-maduro-diz-que-vai-reparar-erros\/#article","isPartOf":{"@id":"https:\/\/www.notibras.com\/site\/candidato-a-reeleicao-maduro-diz-que-vai-reparar-erros\/"},"author":{"name":"Reda\u00e7\u00e3o","@id":"https:\/\/www.notibras.com\/site\/#\/schema\/person\/00b8e1aa08f9ef6563e878c5159d01cf"},"headline":"Candidato \u00e0 reelei\u00e7\u00e3o, Maduro diz que vai reparar erros","datePublished":"2018-05-18T13:40:37+00:00","mainEntityOfPage":{"@id":"https:\/\/www.notibras.com\/site\/candidato-a-reeleicao-maduro-diz-que-vai-reparar-erros\/"},"wordCount":699,"publisher":{"@id":"https:\/\/www.notibras.com\/site\/#organization"},"image":{"@id":"https:\/\/www.notibras.com\/site\/candidato-a-reeleicao-maduro-diz-que-vai-reparar-erros\/#primaryimage"},"thumbnailUrl":"https:\/\/www.notibras.com\/site\/wp-content\/uploads\/2018\/05\/lider-chavista.jpg","articleSection":["Mundo"],"inLanguage":"pt-BR"},{"@type":"WebPage","@id":"https:\/\/www.notibras.com\/site\/candidato-a-reeleicao-maduro-diz-que-vai-reparar-erros\/","url":"https:\/\/www.notibras.com\/site\/candidato-a-reeleicao-maduro-diz-que-vai-reparar-erros\/","name":"Candidato \u00e0 reelei\u00e7\u00e3o, Maduro diz que vai reparar erros - Notibras","isPartOf":{"@id":"https:\/\/www.notibras.com\/site\/#website"},"primaryImageOfPage":{"@id":"https:\/\/www.notibras.com\/site\/candidato-a-reeleicao-maduro-diz-que-vai-reparar-erros\/#primaryimage"},"image":{"@id":"https:\/\/www.notibras.com\/site\/candidato-a-reeleicao-maduro-diz-que-vai-reparar-erros\/#primaryimage"},"thumbnailUrl":"https:\/\/www.notibras.com\/site\/wp-content\/uploads\/2018\/05\/lider-chavista.jpg","datePublished":"2018-05-18T13:40:37+00:00","breadcrumb":{"@id":"https:\/\/www.notibras.com\/site\/candidato-a-reeleicao-maduro-diz-que-vai-reparar-erros\/#breadcrumb"},"inLanguage":"pt-BR","potentialAction":[{"@type":"ReadAction","target":["https:\/\/www.notibras.com\/site\/candidato-a-reeleicao-maduro-diz-que-vai-reparar-erros\/"]}]},{"@type":"ImageObject","inLanguage":"pt-BR","@id":"https:\/\/www.notibras.com\/site\/candidato-a-reeleicao-maduro-diz-que-vai-reparar-erros\/#primaryimage","url":"https:\/\/www.notibras.com\/site\/wp-content\/uploads\/2018\/05\/lider-chavista.jpg","contentUrl":"https:\/\/www.notibras.com\/site\/wp-content\/uploads\/2018\/05\/lider-chavista.jpg","width":768,"height":511,"caption":"O presidente da Venezuela, Nicol\u00e1s Maduro (C), e vice-presidente do Partido Socialista Unido da Venezuela (PSUV) e l\u00edder chavista, Diosdado Cabello (E), durante com\u00edcio em Caracas, na Venezuela. Foto: Federico Parra"},{"@type":"BreadcrumbList","@id":"https:\/\/www.notibras.com\/site\/candidato-a-reeleicao-maduro-diz-que-vai-reparar-erros\/#breadcrumb","itemListElement":[{"@type":"ListItem","position":1,"name":"In\u00edcio","item":"https:\/\/www.notibras.com\/site\/"},{"@type":"ListItem","position":2,"name":"Candidato \u00e0 reelei\u00e7\u00e3o, Maduro diz que vai reparar erros"}]},{"@type":"WebSite","@id":"https:\/\/www.notibras.com\/site\/#website","url":"https:\/\/www.notibras.com\/site\/","name":"Notibras","description":"Not\u00edcias de Bras\u00edlia, do Brasil e do Mundo","publisher":{"@id":"https:\/\/www.notibras.com\/site\/#organization"},"potentialAction":[{"@type":"SearchAction","target":{"@type":"EntryPoint","urlTemplate":"https:\/\/www.notibras.com\/site\/?s={search_term_string}"},"query-input":{"@type":"PropertyValueSpecification","valueRequired":true,"valueName":"search_term_string"}}],"inLanguage":"pt-BR"},{"@type":"Organization","@id":"https:\/\/www.notibras.com\/site\/#organization","name":"Grupo Notibras de Comunica\u00e7\u00e3o","url":"https:\/\/www.notibras.com\/site\/","logo":{"@type":"ImageObject","inLanguage":"pt-BR","@id":"https:\/\/www.notibras.com\/site\/#\/schema\/logo\/image\/","url":"https:\/\/www.notibras.com\/site\/wp-content\/uploads\/2023\/01\/notibras23.png","contentUrl":"https:\/\/www.notibras.com\/site\/wp-content\/uploads\/2023\/01\/notibras23.png","width":350,"height":87,"caption":"Grupo Notibras de Comunica\u00e7\u00e3o"},"image":{"@id":"https:\/\/www.notibras.com\/site\/#\/schema\/logo\/image\/"},"sameAs":["https:\/\/www.facebook.com\/notibras\/","https:\/\/x.com\/Notibras","https:\/\/www.instagram.com\/notibras\/"]},{"@type":"Person","@id":"https:\/\/www.notibras.com\/site\/#\/schema\/person\/00b8e1aa08f9ef6563e878c5159d01cf","name":"Reda\u00e7\u00e3o","image":{"@type":"ImageObject","inLanguage":"pt-BR","@id":"https:\/\/secure.gravatar.com\/avatar\/ac5a707d5b47784a5ed426c6e213e201423c750890f64e4c379114dade67dfb9?s=96&d=mm&r=g","url":"https:\/\/secure.gravatar.com\/avatar\/ac5a707d5b47784a5ed426c6e213e201423c750890f64e4c379114dade67dfb9?s=96&d=mm&r=g","contentUrl":"https:\/\/secure.gravatar.com\/avatar\/ac5a707d5b47784a5ed426c6e213e201423c750890f64e4c379114dade67dfb9?s=96&d=mm&r=g","caption":"Reda\u00e7\u00e3o"}}]}},"amp_enabled":true,"_links":{"self":[{"href":"https:\/\/www.notibras.com\/site\/wp-json\/wp\/v2\/posts\/179693","targetHints":{"allow":["GET"]}}],"collection":[{"href":"https:\/\/www.notibras.com\/site\/wp-json\/wp\/v2\/posts"}],"about":[{"href":"https:\/\/www.notibras.com\/site\/wp-json\/wp\/v2\/types\/post"}],"author":[{"embeddable":true,"href":"https:\/\/www.notibras.com\/site\/wp-json\/wp\/v2\/users\/1"}],"replies":[{"embeddable":true,"href":"https:\/\/www.notibras.com\/site\/wp-json\/wp\/v2\/comments?post=179693"}],"version-history":[{"count":1,"href":"https:\/\/www.notibras.com\/site\/wp-json\/wp\/v2\/posts\/179693\/revisions"}],"predecessor-version":[{"id":179694,"href":"https:\/\/www.notibras.com\/site\/wp-json\/wp\/v2\/posts\/179693\/revisions\/179694"}],"wp:featuredmedia":[{"embeddable":true,"href":"https:\/\/www.notibras.com\/site\/wp-json\/wp\/v2\/media\/177976"}],"wp:attachment":[{"href":"https:\/\/www.notibras.com\/site\/wp-json\/wp\/v2\/media?parent=179693"}],"wp:term":[{"taxonomy":"category","embeddable":true,"href":"https:\/\/www.notibras.com\/site\/wp-json\/wp\/v2\/categories?post=179693"},{"taxonomy":"post_tag","embeddable":true,"href":"https:\/\/www.notibras.com\/site\/wp-json\/wp\/v2\/tags?post=179693"}],"curies":[{"name":"wp","href":"https:\/\/api.w.org\/{rel}","templated":true}]}}