{"id":179715,"date":"2018-05-18T14:44:40","date_gmt":"2018-05-18T17:44:40","guid":{"rendered":"https:\/\/www.notibras.com\/site\/?p=179715"},"modified":"2018-05-18T16:35:16","modified_gmt":"2018-05-18T19:35:16","slug":"boeing-737-cai-com-104-passageiros-apos-decolar-de-aeroporto","status":"publish","type":"post","link":"https:\/\/www.notibras.com\/site\/boeing-737-cai-com-104-passageiros-apos-decolar-de-aeroporto\/","title":{"rendered":"Boeing 737 cai com 113 a bordo ap\u00f3s decolagem em Havana"},"content":{"rendered":"<p>Um avi\u00e3o da Companhia Cubana de Avia\u00e7\u00e3o caiu nesta sexta-feira, 18,\u00a0no Aeroporto Internacional Jos\u00e9 Mart\u00ed, em Havana, pouco depois de decolar. Funcion\u00e1rios do aeroporto\u00a0confirmaram o acidente e alertam que h\u00e1 v\u00edtimas.<\/p>\n<p>Segundo informa\u00e7\u00f5es preliminares, o voo seguiria para a Holguin, no leste do pa\u00eds, e tinha acabado de decolar quando caiu. Ainda n\u00e3o h\u00e1 confirma\u00e7\u00e3o oficial sobre n\u00famero de v\u00edtimas ou sobre a quantidade de passageiros\u00a0a bordo do Boeing 737. \u00a0A imprensa local, no entanto,\u00a0informa extraoficialmente que havia\u00a0mais de 100 passageiros dentro do avi\u00e3o.<\/p>\n<div id=\"attachment_179736\" style=\"width: 620px\" class=\"wp-caption aligncenter\"><img loading=\"lazy\" decoding=\"async\" aria-describedby=\"caption-attachment-179736\" class=\"wp-image-179736 size-full\" src=\"https:\/\/www.notibras.com\/site\/wp-content\/uploads\/2018\/05\/1526667358014.jpg\" alt=\"\" width=\"610\" height=\"417\" srcset=\"https:\/\/www.notibras.com\/site\/wp-content\/uploads\/2018\/05\/1526667358014.jpg 610w, https:\/\/www.notibras.com\/site\/wp-content\/uploads\/2018\/05\/1526667358014-300x205.jpg 300w, https:\/\/www.notibras.com\/site\/wp-content\/uploads\/2018\/05\/1526667358014-218x150.jpg 218w\" sizes=\"auto, (max-width: 610px) 100vw, 610px\" \/><p id=\"caption-attachment-179736\" class=\"wp-caption-text\">Avi\u00e3o da companhia Cubana de Aviacion que caiu quando decolava do Aeroporto Jos\u00e9 Mart\u00ed, em Havana Foto: Adalberto Roque\/AFP<\/p><\/div>\n<p>Apesar de ser utilizada pela Companhia Cubana de Avia\u00e7\u00e3o, a aeronave pertencia\u00a0\u00e0\u00a0italiana Blue Panorama, informam os ve\u00edculos locais. O empr\u00e9stimo foi feito ap\u00f3s a empresa cubana aposentar diversos avi\u00f5es que apresentavam problemas mec\u00e2nicos.<\/p>\n<p>De acordo com a emissora americana CNN, uma grande bola de fogo foi vista do aeroporto e haveria uma grande coluna de fuma\u00e7a no prov\u00e1vel local da queda da aeronave.\u00a0Bombeiros atuam no local.<\/p>\n<p>Atualizado \u00e0s 15:46.<\/p>\n","protected":false},"excerpt":{"rendered":"<p>Um avi\u00e3o da Companhia Cubana de Avia\u00e7\u00e3o caiu nesta sexta-feira, 18,\u00a0no Aeroporto Internacional Jos\u00e9 Mart\u00ed, em Havana, pouco depois de decolar. Funcion\u00e1rios do aeroporto\u00a0confirmaram o acidente e alertam que h\u00e1 v\u00edtimas. Segundo informa\u00e7\u00f5es preliminares, o voo seguiria para a Holguin, no leste do pa\u00eds, e tinha acabado de decolar quando caiu. Ainda n\u00e3o h\u00e1 confirma\u00e7\u00e3o [&hellip;]<\/p>\n","protected":false},"author":1,"featured_media":179724,"comment_status":"closed","ping_status":"closed","sticky":false,"template":"","format":"standard","meta":{"_acf_changed":false,"footnotes":""},"categories":[17],"tags":[],"class_list":["post-179715","post","type-post","status-publish","format-standard","has-post-thumbnail","hentry","category-mundo"],"acf":[],"yoast_head":"<!-- This site is optimized with the Yoast SEO plugin v27.2 - https:\/\/yoast.com\/product\/yoast-seo-wordpress\/ -->\n<title>Boeing 737 cai com 113 a bordo ap\u00f3s decolagem em Havana - Notibras<\/title>\n<meta name=\"robots\" content=\"index, follow, max-snippet:-1, max-image-preview:large, max-video-preview:-1\" \/>\n<link rel=\"canonical\" href=\"https:\/\/www.notibras.com\/site\/boeing-737-cai-com-104-passageiros-apos-decolar-de-aeroporto\/\" \/>\n<meta property=\"og:locale\" content=\"pt_BR\" \/>\n<meta property=\"og:type\" content=\"article\" \/>\n<meta property=\"og:title\" content=\"Boeing 737 cai com 113 a bordo ap\u00f3s decolagem em Havana - Notibras\" \/>\n<meta property=\"og:description\" content=\"Um avi\u00e3o da Companhia Cubana de Avia\u00e7\u00e3o caiu nesta sexta-feira, 18,\u00a0no Aeroporto Internacional Jos\u00e9 Mart\u00ed, em Havana, pouco depois de decolar. Funcion\u00e1rios do aeroporto\u00a0confirmaram o acidente e alertam que h\u00e1 v\u00edtimas. Segundo informa\u00e7\u00f5es preliminares, o voo seguiria para a Holguin, no leste do pa\u00eds, e tinha acabado de decolar quando caiu. Ainda n\u00e3o h\u00e1 confirma\u00e7\u00e3o [&hellip;]\" \/>\n<meta property=\"og:url\" content=\"https:\/\/www.notibras.com\/site\/boeing-737-cai-com-104-passageiros-apos-decolar-de-aeroporto\/\" \/>\n<meta property=\"og:site_name\" content=\"Notibras\" \/>\n<meta property=\"article:publisher\" content=\"https:\/\/www.facebook.com\/notibras\/\" \/>\n<meta property=\"article:published_time\" content=\"2018-05-18T17:44:40+00:00\" \/>\n<meta property=\"article:modified_time\" content=\"2018-05-18T19:35:16+00:00\" \/>\n<meta property=\"og:image\" content=\"https:\/\/www.notibras.com\/site\/wp-content\/uploads\/2018\/05\/20180518144911485023o.jpg\" \/>\n\t<meta property=\"og:image:width\" content=\"700\" \/>\n\t<meta property=\"og:image:height\" content=\"450\" \/>\n\t<meta property=\"og:image:type\" content=\"image\/jpeg\" \/>\n<meta name=\"author\" content=\"Reda\u00e7\u00e3o\" \/>\n<meta name=\"twitter:card\" content=\"summary_large_image\" \/>\n<meta name=\"twitter:creator\" content=\"@Notibras\" \/>\n<meta name=\"twitter:site\" content=\"@Notibras\" \/>\n<meta name=\"twitter:label1\" content=\"Escrito por\" \/>\n\t<meta name=\"twitter:data1\" content=\"Reda\u00e7\u00e3o\" \/>\n\t<meta name=\"twitter:label2\" content=\"Est. tempo de leitura\" \/>\n\t<meta name=\"twitter:data2\" content=\"1 minuto\" \/>\n<script type=\"application\/ld+json\" class=\"yoast-schema-graph\">{\"@context\":\"https:\/\/schema.org\",\"@graph\":[{\"@type\":\"Article\",\"@id\":\"https:\/\/www.notibras.com\/site\/boeing-737-cai-com-104-passageiros-apos-decolar-de-aeroporto\/#article\",\"isPartOf\":{\"@id\":\"https:\/\/www.notibras.com\/site\/boeing-737-cai-com-104-passageiros-apos-decolar-de-aeroporto\/\"},\"author\":{\"name\":\"Reda\u00e7\u00e3o\",\"@id\":\"https:\/\/www.notibras.com\/site\/#\/schema\/person\/00b8e1aa08f9ef6563e878c5159d01cf\"},\"headline\":\"Boeing 737 cai com 113 a bordo ap\u00f3s decolagem em Havana\",\"datePublished\":\"2018-05-18T17:44:40+00:00\",\"dateModified\":\"2018-05-18T19:35:16+00:00\",\"mainEntityOfPage\":{\"@id\":\"https:\/\/www.notibras.com\/site\/boeing-737-cai-com-104-passageiros-apos-decolar-de-aeroporto\/\"},\"wordCount\":213,\"publisher\":{\"@id\":\"https:\/\/www.notibras.com\/site\/#organization\"},\"image\":{\"@id\":\"https:\/\/www.notibras.com\/site\/boeing-737-cai-com-104-passageiros-apos-decolar-de-aeroporto\/#primaryimage\"},\"thumbnailUrl\":\"https:\/\/www.notibras.com\/site\/wp-content\/uploads\/2018\/05\/20180518144911485023o.jpg\",\"articleSection\":[\"Mundo\"],\"inLanguage\":\"pt-BR\"},{\"@type\":\"WebPage\",\"@id\":\"https:\/\/www.notibras.com\/site\/boeing-737-cai-com-104-passageiros-apos-decolar-de-aeroporto\/\",\"url\":\"https:\/\/www.notibras.com\/site\/boeing-737-cai-com-104-passageiros-apos-decolar-de-aeroporto\/\",\"name\":\"Boeing 737 cai com 113 a bordo ap\u00f3s decolagem em Havana - Notibras\",\"isPartOf\":{\"@id\":\"https:\/\/www.notibras.com\/site\/#website\"},\"primaryImageOfPage\":{\"@id\":\"https:\/\/www.notibras.com\/site\/boeing-737-cai-com-104-passageiros-apos-decolar-de-aeroporto\/#primaryimage\"},\"image\":{\"@id\":\"https:\/\/www.notibras.com\/site\/boeing-737-cai-com-104-passageiros-apos-decolar-de-aeroporto\/#primaryimage\"},\"thumbnailUrl\":\"https:\/\/www.notibras.com\/site\/wp-content\/uploads\/2018\/05\/20180518144911485023o.jpg\",\"datePublished\":\"2018-05-18T17:44:40+00:00\",\"dateModified\":\"2018-05-18T19:35:16+00:00\",\"breadcrumb\":{\"@id\":\"https:\/\/www.notibras.com\/site\/boeing-737-cai-com-104-passageiros-apos-decolar-de-aeroporto\/#breadcrumb\"},\"inLanguage\":\"pt-BR\",\"potentialAction\":[{\"@type\":\"ReadAction\",\"target\":[\"https:\/\/www.notibras.com\/site\/boeing-737-cai-com-104-passageiros-apos-decolar-de-aeroporto\/\"]}]},{\"@type\":\"ImageObject\",\"inLanguage\":\"pt-BR\",\"@id\":\"https:\/\/www.notibras.com\/site\/boeing-737-cai-com-104-passageiros-apos-decolar-de-aeroporto\/#primaryimage\",\"url\":\"https:\/\/www.notibras.com\/site\/wp-content\/uploads\/2018\/05\/20180518144911485023o.jpg\",\"contentUrl\":\"https:\/\/www.notibras.com\/site\/wp-content\/uploads\/2018\/05\/20180518144911485023o.jpg\",\"width\":700,\"height\":450,\"caption\":\"Modelo do avi\u00e3o decolando. Foto: AFP\"},{\"@type\":\"BreadcrumbList\",\"@id\":\"https:\/\/www.notibras.com\/site\/boeing-737-cai-com-104-passageiros-apos-decolar-de-aeroporto\/#breadcrumb\",\"itemListElement\":[{\"@type\":\"ListItem\",\"position\":1,\"name\":\"In\u00edcio\",\"item\":\"https:\/\/www.notibras.com\/site\/\"},{\"@type\":\"ListItem\",\"position\":2,\"name\":\"Boeing 737 cai com 113 a bordo ap\u00f3s decolagem em Havana\"}]},{\"@type\":\"WebSite\",\"@id\":\"https:\/\/www.notibras.com\/site\/#website\",\"url\":\"https:\/\/www.notibras.com\/site\/\",\"name\":\"Notibras\",\"description\":\"Not\u00edcias de Bras\u00edlia, do Brasil e do Mundo\",\"publisher\":{\"@id\":\"https:\/\/www.notibras.com\/site\/#organization\"},\"potentialAction\":[{\"@type\":\"SearchAction\",\"target\":{\"@type\":\"EntryPoint\",\"urlTemplate\":\"https:\/\/www.notibras.com\/site\/?s={search_term_string}\"},\"query-input\":{\"@type\":\"PropertyValueSpecification\",\"valueRequired\":true,\"valueName\":\"search_term_string\"}}],\"inLanguage\":\"pt-BR\"},{\"@type\":\"Organization\",\"@id\":\"https:\/\/www.notibras.com\/site\/#organization\",\"name\":\"Grupo Notibras de Comunica\u00e7\u00e3o\",\"url\":\"https:\/\/www.notibras.com\/site\/\",\"logo\":{\"@type\":\"ImageObject\",\"inLanguage\":\"pt-BR\",\"@id\":\"https:\/\/www.notibras.com\/site\/#\/schema\/logo\/image\/\",\"url\":\"https:\/\/www.notibras.com\/site\/wp-content\/uploads\/2023\/01\/notibras23.png\",\"contentUrl\":\"https:\/\/www.notibras.com\/site\/wp-content\/uploads\/2023\/01\/notibras23.png\",\"width\":350,\"height\":87,\"caption\":\"Grupo Notibras de Comunica\u00e7\u00e3o\"},\"image\":{\"@id\":\"https:\/\/www.notibras.com\/site\/#\/schema\/logo\/image\/\"},\"sameAs\":[\"https:\/\/www.facebook.com\/notibras\/\",\"https:\/\/x.com\/Notibras\",\"https:\/\/www.instagram.com\/notibras\/\"]},{\"@type\":\"Person\",\"@id\":\"https:\/\/www.notibras.com\/site\/#\/schema\/person\/00b8e1aa08f9ef6563e878c5159d01cf\",\"name\":\"Reda\u00e7\u00e3o\",\"image\":{\"@type\":\"ImageObject\",\"inLanguage\":\"pt-BR\",\"@id\":\"https:\/\/secure.gravatar.com\/avatar\/ac5a707d5b47784a5ed426c6e213e201423c750890f64e4c379114dade67dfb9?s=96&d=mm&r=g\",\"url\":\"https:\/\/secure.gravatar.com\/avatar\/ac5a707d5b47784a5ed426c6e213e201423c750890f64e4c379114dade67dfb9?s=96&d=mm&r=g\",\"contentUrl\":\"https:\/\/secure.gravatar.com\/avatar\/ac5a707d5b47784a5ed426c6e213e201423c750890f64e4c379114dade67dfb9?s=96&d=mm&r=g\",\"caption\":\"Reda\u00e7\u00e3o\"}}]}<\/script>\n<!-- \/ Yoast SEO plugin. -->","yoast_head_json":{"title":"Boeing 737 cai com 113 a bordo ap\u00f3s decolagem em Havana - Notibras","robots":{"index":"index","follow":"follow","max-snippet":"max-snippet:-1","max-image-preview":"max-image-preview:large","max-video-preview":"max-video-preview:-1"},"canonical":"https:\/\/www.notibras.com\/site\/boeing-737-cai-com-104-passageiros-apos-decolar-de-aeroporto\/","og_locale":"pt_BR","og_type":"article","og_title":"Boeing 737 cai com 113 a bordo ap\u00f3s decolagem em Havana - Notibras","og_description":"Um avi\u00e3o da Companhia Cubana de Avia\u00e7\u00e3o caiu nesta sexta-feira, 18,\u00a0no Aeroporto Internacional Jos\u00e9 Mart\u00ed, em Havana, pouco depois de decolar. Funcion\u00e1rios do aeroporto\u00a0confirmaram o acidente e alertam que h\u00e1 v\u00edtimas. Segundo informa\u00e7\u00f5es preliminares, o voo seguiria para a Holguin, no leste do pa\u00eds, e tinha acabado de decolar quando caiu. Ainda n\u00e3o h\u00e1 confirma\u00e7\u00e3o [&hellip;]","og_url":"https:\/\/www.notibras.com\/site\/boeing-737-cai-com-104-passageiros-apos-decolar-de-aeroporto\/","og_site_name":"Notibras","article_publisher":"https:\/\/www.facebook.com\/notibras\/","article_published_time":"2018-05-18T17:44:40+00:00","article_modified_time":"2018-05-18T19:35:16+00:00","og_image":[{"width":700,"height":450,"url":"https:\/\/www.notibras.com\/site\/wp-content\/uploads\/2018\/05\/20180518144911485023o.jpg","type":"image\/jpeg"}],"author":"Reda\u00e7\u00e3o","twitter_card":"summary_large_image","twitter_creator":"@Notibras","twitter_site":"@Notibras","twitter_misc":{"Escrito por":"Reda\u00e7\u00e3o","Est. tempo de leitura":"1 minuto"},"schema":{"@context":"https:\/\/schema.org","@graph":[{"@type":"Article","@id":"https:\/\/www.notibras.com\/site\/boeing-737-cai-com-104-passageiros-apos-decolar-de-aeroporto\/#article","isPartOf":{"@id":"https:\/\/www.notibras.com\/site\/boeing-737-cai-com-104-passageiros-apos-decolar-de-aeroporto\/"},"author":{"name":"Reda\u00e7\u00e3o","@id":"https:\/\/www.notibras.com\/site\/#\/schema\/person\/00b8e1aa08f9ef6563e878c5159d01cf"},"headline":"Boeing 737 cai com 113 a bordo ap\u00f3s decolagem em Havana","datePublished":"2018-05-18T17:44:40+00:00","dateModified":"2018-05-18T19:35:16+00:00","mainEntityOfPage":{"@id":"https:\/\/www.notibras.com\/site\/boeing-737-cai-com-104-passageiros-apos-decolar-de-aeroporto\/"},"wordCount":213,"publisher":{"@id":"https:\/\/www.notibras.com\/site\/#organization"},"image":{"@id":"https:\/\/www.notibras.com\/site\/boeing-737-cai-com-104-passageiros-apos-decolar-de-aeroporto\/#primaryimage"},"thumbnailUrl":"https:\/\/www.notibras.com\/site\/wp-content\/uploads\/2018\/05\/20180518144911485023o.jpg","articleSection":["Mundo"],"inLanguage":"pt-BR"},{"@type":"WebPage","@id":"https:\/\/www.notibras.com\/site\/boeing-737-cai-com-104-passageiros-apos-decolar-de-aeroporto\/","url":"https:\/\/www.notibras.com\/site\/boeing-737-cai-com-104-passageiros-apos-decolar-de-aeroporto\/","name":"Boeing 737 cai com 113 a bordo ap\u00f3s decolagem em Havana - Notibras","isPartOf":{"@id":"https:\/\/www.notibras.com\/site\/#website"},"primaryImageOfPage":{"@id":"https:\/\/www.notibras.com\/site\/boeing-737-cai-com-104-passageiros-apos-decolar-de-aeroporto\/#primaryimage"},"image":{"@id":"https:\/\/www.notibras.com\/site\/boeing-737-cai-com-104-passageiros-apos-decolar-de-aeroporto\/#primaryimage"},"thumbnailUrl":"https:\/\/www.notibras.com\/site\/wp-content\/uploads\/2018\/05\/20180518144911485023o.jpg","datePublished":"2018-05-18T17:44:40+00:00","dateModified":"2018-05-18T19:35:16+00:00","breadcrumb":{"@id":"https:\/\/www.notibras.com\/site\/boeing-737-cai-com-104-passageiros-apos-decolar-de-aeroporto\/#breadcrumb"},"inLanguage":"pt-BR","potentialAction":[{"@type":"ReadAction","target":["https:\/\/www.notibras.com\/site\/boeing-737-cai-com-104-passageiros-apos-decolar-de-aeroporto\/"]}]},{"@type":"ImageObject","inLanguage":"pt-BR","@id":"https:\/\/www.notibras.com\/site\/boeing-737-cai-com-104-passageiros-apos-decolar-de-aeroporto\/#primaryimage","url":"https:\/\/www.notibras.com\/site\/wp-content\/uploads\/2018\/05\/20180518144911485023o.jpg","contentUrl":"https:\/\/www.notibras.com\/site\/wp-content\/uploads\/2018\/05\/20180518144911485023o.jpg","width":700,"height":450,"caption":"Modelo do avi\u00e3o decolando. Foto: AFP"},{"@type":"BreadcrumbList","@id":"https:\/\/www.notibras.com\/site\/boeing-737-cai-com-104-passageiros-apos-decolar-de-aeroporto\/#breadcrumb","itemListElement":[{"@type":"ListItem","position":1,"name":"In\u00edcio","item":"https:\/\/www.notibras.com\/site\/"},{"@type":"ListItem","position":2,"name":"Boeing 737 cai com 113 a bordo ap\u00f3s decolagem em Havana"}]},{"@type":"WebSite","@id":"https:\/\/www.notibras.com\/site\/#website","url":"https:\/\/www.notibras.com\/site\/","name":"Notibras","description":"Not\u00edcias de Bras\u00edlia, do Brasil e do Mundo","publisher":{"@id":"https:\/\/www.notibras.com\/site\/#organization"},"potentialAction":[{"@type":"SearchAction","target":{"@type":"EntryPoint","urlTemplate":"https:\/\/www.notibras.com\/site\/?s={search_term_string}"},"query-input":{"@type":"PropertyValueSpecification","valueRequired":true,"valueName":"search_term_string"}}],"inLanguage":"pt-BR"},{"@type":"Organization","@id":"https:\/\/www.notibras.com\/site\/#organization","name":"Grupo Notibras de Comunica\u00e7\u00e3o","url":"https:\/\/www.notibras.com\/site\/","logo":{"@type":"ImageObject","inLanguage":"pt-BR","@id":"https:\/\/www.notibras.com\/site\/#\/schema\/logo\/image\/","url":"https:\/\/www.notibras.com\/site\/wp-content\/uploads\/2023\/01\/notibras23.png","contentUrl":"https:\/\/www.notibras.com\/site\/wp-content\/uploads\/2023\/01\/notibras23.png","width":350,"height":87,"caption":"Grupo Notibras de Comunica\u00e7\u00e3o"},"image":{"@id":"https:\/\/www.notibras.com\/site\/#\/schema\/logo\/image\/"},"sameAs":["https:\/\/www.facebook.com\/notibras\/","https:\/\/x.com\/Notibras","https:\/\/www.instagram.com\/notibras\/"]},{"@type":"Person","@id":"https:\/\/www.notibras.com\/site\/#\/schema\/person\/00b8e1aa08f9ef6563e878c5159d01cf","name":"Reda\u00e7\u00e3o","image":{"@type":"ImageObject","inLanguage":"pt-BR","@id":"https:\/\/secure.gravatar.com\/avatar\/ac5a707d5b47784a5ed426c6e213e201423c750890f64e4c379114dade67dfb9?s=96&d=mm&r=g","url":"https:\/\/secure.gravatar.com\/avatar\/ac5a707d5b47784a5ed426c6e213e201423c750890f64e4c379114dade67dfb9?s=96&d=mm&r=g","contentUrl":"https:\/\/secure.gravatar.com\/avatar\/ac5a707d5b47784a5ed426c6e213e201423c750890f64e4c379114dade67dfb9?s=96&d=mm&r=g","caption":"Reda\u00e7\u00e3o"}}]}},"amp_enabled":true,"_links":{"self":[{"href":"https:\/\/www.notibras.com\/site\/wp-json\/wp\/v2\/posts\/179715","targetHints":{"allow":["GET"]}}],"collection":[{"href":"https:\/\/www.notibras.com\/site\/wp-json\/wp\/v2\/posts"}],"about":[{"href":"https:\/\/www.notibras.com\/site\/wp-json\/wp\/v2\/types\/post"}],"author":[{"embeddable":true,"href":"https:\/\/www.notibras.com\/site\/wp-json\/wp\/v2\/users\/1"}],"replies":[{"embeddable":true,"href":"https:\/\/www.notibras.com\/site\/wp-json\/wp\/v2\/comments?post=179715"}],"version-history":[{"count":10,"href":"https:\/\/www.notibras.com\/site\/wp-json\/wp\/v2\/posts\/179715\/revisions"}],"predecessor-version":[{"id":179744,"href":"https:\/\/www.notibras.com\/site\/wp-json\/wp\/v2\/posts\/179715\/revisions\/179744"}],"wp:featuredmedia":[{"embeddable":true,"href":"https:\/\/www.notibras.com\/site\/wp-json\/wp\/v2\/media\/179724"}],"wp:attachment":[{"href":"https:\/\/www.notibras.com\/site\/wp-json\/wp\/v2\/media?parent=179715"}],"wp:term":[{"taxonomy":"category","embeddable":true,"href":"https:\/\/www.notibras.com\/site\/wp-json\/wp\/v2\/categories?post=179715"},{"taxonomy":"post_tag","embeddable":true,"href":"https:\/\/www.notibras.com\/site\/wp-json\/wp\/v2\/tags?post=179715"}],"curies":[{"name":"wp","href":"https:\/\/api.w.org\/{rel}","templated":true}]}}