{"id":179721,"date":"2018-05-18T14:40:18","date_gmt":"2018-05-18T17:40:18","guid":{"rendered":"https:\/\/www.notibras.com\/site\/?p=179721"},"modified":"2018-05-18T14:58:04","modified_gmt":"2018-05-18T17:58:04","slug":"tiroteios-em-massa-ja-afetam-este-pais-ha-tempo-demais","status":"publish","type":"post","link":"https:\/\/www.notibras.com\/site\/tiroteios-em-massa-ja-afetam-este-pais-ha-tempo-demais\/","title":{"rendered":"&#8220;Tiroteios em massa j\u00e1 afetam este pa\u00eds h\u00e1 tempo demais&#8221;"},"content":{"rendered":"<p>O presidente Donald Trump lamentou hoje (18) o atentado na escola p\u00fablica de ensino m\u00e9dio Santa F\u00e9 High School, na \u00e1rea metropolitana de Houston, Texas. Ao menos oito pessoas morreram, e 12 feridos foram encaminhados a hospitais, no 22\u00ba tiroteio em uma escola este ano.<\/p>\n<p>&#8220;Os tiroteios em massa j\u00e1 duram muito tempo no nosso pa\u00eds&#8221;, afirmou Trump em um pronunciamento publicado em suas redes sociais. Ele tamb\u00e9m disse que \u00e9 hora de fazer com que autoridades locais e federais se unam em prol da seguran\u00e7a nas escolas.<\/p>\n<p>Em um r\u00e1pido pronunciamento no Sal\u00e3o Leste da Casa Branca, Trump n\u00e3o falou sobre controle de armas, mas disse que \u00e9 preciso a uni\u00e3o de todos para garantir a seguran\u00e7a dos alunos nas escolas. &#8220;Isso vem acontecendo h\u00e1 muito tempo no nosso pa\u00eds. Muitos anos. Muitas d\u00e9cadas agora&#8221;, disse o presidente.<\/p>\n<p>&#8220;Sofremos pela terr\u00edvel perda de vidas e enviamos nosso apoio e amor a todos os afetados por esse horr\u00edvel ataque no Texas. Para os estudantes, fam\u00edlias, professores e funcion\u00e1rios da Escola Secund\u00e1ria de Santa F\u00e9 &#8211; estamos com voc\u00eas nesta hora tr\u00e1gica, e estaremos com voc\u00ea para sempre&#8221;, disse Trump.<\/p>\n<p>O xerife do condado de Houston, Ed Gonzalez, afirmou que a maioria dos mortos s\u00e3o estudantes da escola. Dois dos doze feridos foram encaminhados em estado grave ao hospital. Ele tamb\u00e9m afirmou que explosivos foram encontrados no campus da escola e nas proximidades do local.<\/p>\n<p>Trump disse que est\u00e1 monitorando de perto a situa\u00e7\u00e3o no Texas e que as autoridades federais est\u00e3o em coordena\u00e7\u00e3o com as autoridades locais.<\/p>\n<p>Em fevereiro, um tiroteio em uma escola de ensino m\u00e9dio de Parkland, Fl\u00f3rida, deixou 17 mortes e uma grande mobiliza\u00e7\u00e3o nacional foi realizada, com marchas em Washington e em diversas cidades.<\/p>\n","protected":false},"excerpt":{"rendered":"<p>O presidente Donald Trump lamentou hoje (18) o atentado na escola p\u00fablica de ensino m\u00e9dio Santa F\u00e9 High School, na \u00e1rea metropolitana de Houston, Texas. Ao menos oito pessoas morreram, e 12 feridos foram encaminhados a hospitais, no 22\u00ba tiroteio em uma escola este ano. &#8220;Os tiroteios em massa j\u00e1 duram muito tempo no nosso [&hellip;]<\/p>\n","protected":false},"author":1,"featured_media":138737,"comment_status":"closed","ping_status":"closed","sticky":false,"template":"","format":"standard","meta":{"_acf_changed":false,"footnotes":""},"categories":[17],"tags":[],"class_list":["post-179721","post","type-post","status-publish","format-standard","has-post-thumbnail","hentry","category-mundo"],"acf":[],"yoast_head":"<!-- This site is optimized with the Yoast SEO plugin v27.2 - https:\/\/yoast.com\/product\/yoast-seo-wordpress\/ -->\n<title>&quot;Tiroteios em massa j\u00e1 afetam este pa\u00eds h\u00e1 tempo demais&quot; - Notibras<\/title>\n<meta name=\"robots\" content=\"index, follow, max-snippet:-1, max-image-preview:large, max-video-preview:-1\" \/>\n<link rel=\"canonical\" href=\"https:\/\/www.notibras.com\/site\/tiroteios-em-massa-ja-afetam-este-pais-ha-tempo-demais\/\" \/>\n<meta property=\"og:locale\" content=\"pt_BR\" \/>\n<meta property=\"og:type\" content=\"article\" \/>\n<meta property=\"og:title\" content=\"&quot;Tiroteios em massa j\u00e1 afetam este pa\u00eds h\u00e1 tempo demais&quot; - Notibras\" \/>\n<meta property=\"og:description\" content=\"O presidente Donald Trump lamentou hoje (18) o atentado na escola p\u00fablica de ensino m\u00e9dio Santa F\u00e9 High School, na \u00e1rea metropolitana de Houston, Texas. Ao menos oito pessoas morreram, e 12 feridos foram encaminhados a hospitais, no 22\u00ba tiroteio em uma escola este ano. &#8220;Os tiroteios em massa j\u00e1 duram muito tempo no nosso [&hellip;]\" \/>\n<meta property=\"og:url\" content=\"https:\/\/www.notibras.com\/site\/tiroteios-em-massa-ja-afetam-este-pais-ha-tempo-demais\/\" \/>\n<meta property=\"og:site_name\" content=\"Notibras\" \/>\n<meta property=\"article:publisher\" content=\"https:\/\/www.facebook.com\/notibras\/\" \/>\n<meta property=\"article:published_time\" content=\"2018-05-18T17:40:18+00:00\" \/>\n<meta property=\"article:modified_time\" content=\"2018-05-18T17:58:04+00:00\" \/>\n<meta property=\"og:image\" content=\"https:\/\/www.notibras.com\/site\/wp-content\/uploads\/2017\/05\/trump2-efe-shaw_thew.jpg\" \/>\n\t<meta property=\"og:image:width\" content=\"750\" \/>\n\t<meta property=\"og:image:height\" content=\"423\" \/>\n\t<meta property=\"og:image:type\" content=\"image\/jpeg\" \/>\n<meta name=\"author\" content=\"Reda\u00e7\u00e3o\" \/>\n<meta name=\"twitter:card\" content=\"summary_large_image\" \/>\n<meta name=\"twitter:creator\" content=\"@Notibras\" \/>\n<meta name=\"twitter:site\" content=\"@Notibras\" \/>\n<meta name=\"twitter:label1\" content=\"Escrito por\" \/>\n\t<meta name=\"twitter:data1\" content=\"Reda\u00e7\u00e3o\" \/>\n\t<meta name=\"twitter:label2\" content=\"Est. tempo de leitura\" \/>\n\t<meta name=\"twitter:data2\" content=\"2 minutos\" \/>\n<script type=\"application\/ld+json\" class=\"yoast-schema-graph\">{\"@context\":\"https:\/\/schema.org\",\"@graph\":[{\"@type\":\"Article\",\"@id\":\"https:\/\/www.notibras.com\/site\/tiroteios-em-massa-ja-afetam-este-pais-ha-tempo-demais\/#article\",\"isPartOf\":{\"@id\":\"https:\/\/www.notibras.com\/site\/tiroteios-em-massa-ja-afetam-este-pais-ha-tempo-demais\/\"},\"author\":{\"name\":\"Reda\u00e7\u00e3o\",\"@id\":\"https:\/\/www.notibras.com\/site\/#\/schema\/person\/00b8e1aa08f9ef6563e878c5159d01cf\"},\"headline\":\"&#8220;Tiroteios em massa j\u00e1 afetam este pa\u00eds h\u00e1 tempo demais&#8221;\",\"datePublished\":\"2018-05-18T17:40:18+00:00\",\"dateModified\":\"2018-05-18T17:58:04+00:00\",\"mainEntityOfPage\":{\"@id\":\"https:\/\/www.notibras.com\/site\/tiroteios-em-massa-ja-afetam-este-pais-ha-tempo-demais\/\"},\"wordCount\":320,\"publisher\":{\"@id\":\"https:\/\/www.notibras.com\/site\/#organization\"},\"image\":{\"@id\":\"https:\/\/www.notibras.com\/site\/tiroteios-em-massa-ja-afetam-este-pais-ha-tempo-demais\/#primaryimage\"},\"thumbnailUrl\":\"https:\/\/www.notibras.com\/site\/wp-content\/uploads\/2017\/05\/trump2-efe-shaw_thew.jpg\",\"articleSection\":[\"Mundo\"],\"inLanguage\":\"pt-BR\"},{\"@type\":\"WebPage\",\"@id\":\"https:\/\/www.notibras.com\/site\/tiroteios-em-massa-ja-afetam-este-pais-ha-tempo-demais\/\",\"url\":\"https:\/\/www.notibras.com\/site\/tiroteios-em-massa-ja-afetam-este-pais-ha-tempo-demais\/\",\"name\":\"\\\"Tiroteios em massa j\u00e1 afetam este pa\u00eds h\u00e1 tempo demais\\\" - Notibras\",\"isPartOf\":{\"@id\":\"https:\/\/www.notibras.com\/site\/#website\"},\"primaryImageOfPage\":{\"@id\":\"https:\/\/www.notibras.com\/site\/tiroteios-em-massa-ja-afetam-este-pais-ha-tempo-demais\/#primaryimage\"},\"image\":{\"@id\":\"https:\/\/www.notibras.com\/site\/tiroteios-em-massa-ja-afetam-este-pais-ha-tempo-demais\/#primaryimage\"},\"thumbnailUrl\":\"https:\/\/www.notibras.com\/site\/wp-content\/uploads\/2017\/05\/trump2-efe-shaw_thew.jpg\",\"datePublished\":\"2018-05-18T17:40:18+00:00\",\"dateModified\":\"2018-05-18T17:58:04+00:00\",\"breadcrumb\":{\"@id\":\"https:\/\/www.notibras.com\/site\/tiroteios-em-massa-ja-afetam-este-pais-ha-tempo-demais\/#breadcrumb\"},\"inLanguage\":\"pt-BR\",\"potentialAction\":[{\"@type\":\"ReadAction\",\"target\":[\"https:\/\/www.notibras.com\/site\/tiroteios-em-massa-ja-afetam-este-pais-ha-tempo-demais\/\"]}]},{\"@type\":\"ImageObject\",\"inLanguage\":\"pt-BR\",\"@id\":\"https:\/\/www.notibras.com\/site\/tiroteios-em-massa-ja-afetam-este-pais-ha-tempo-demais\/#primaryimage\",\"url\":\"https:\/\/www.notibras.com\/site\/wp-content\/uploads\/2017\/05\/trump2-efe-shaw_thew.jpg\",\"contentUrl\":\"https:\/\/www.notibras.com\/site\/wp-content\/uploads\/2017\/05\/trump2-efe-shaw_thew.jpg\",\"width\":750,\"height\":423},{\"@type\":\"BreadcrumbList\",\"@id\":\"https:\/\/www.notibras.com\/site\/tiroteios-em-massa-ja-afetam-este-pais-ha-tempo-demais\/#breadcrumb\",\"itemListElement\":[{\"@type\":\"ListItem\",\"position\":1,\"name\":\"In\u00edcio\",\"item\":\"https:\/\/www.notibras.com\/site\/\"},{\"@type\":\"ListItem\",\"position\":2,\"name\":\"&#8220;Tiroteios em massa j\u00e1 afetam este pa\u00eds h\u00e1 tempo demais&#8221;\"}]},{\"@type\":\"WebSite\",\"@id\":\"https:\/\/www.notibras.com\/site\/#website\",\"url\":\"https:\/\/www.notibras.com\/site\/\",\"name\":\"Notibras\",\"description\":\"Not\u00edcias de Bras\u00edlia, do Brasil e do Mundo\",\"publisher\":{\"@id\":\"https:\/\/www.notibras.com\/site\/#organization\"},\"potentialAction\":[{\"@type\":\"SearchAction\",\"target\":{\"@type\":\"EntryPoint\",\"urlTemplate\":\"https:\/\/www.notibras.com\/site\/?s={search_term_string}\"},\"query-input\":{\"@type\":\"PropertyValueSpecification\",\"valueRequired\":true,\"valueName\":\"search_term_string\"}}],\"inLanguage\":\"pt-BR\"},{\"@type\":\"Organization\",\"@id\":\"https:\/\/www.notibras.com\/site\/#organization\",\"name\":\"Grupo Notibras de Comunica\u00e7\u00e3o\",\"url\":\"https:\/\/www.notibras.com\/site\/\",\"logo\":{\"@type\":\"ImageObject\",\"inLanguage\":\"pt-BR\",\"@id\":\"https:\/\/www.notibras.com\/site\/#\/schema\/logo\/image\/\",\"url\":\"https:\/\/www.notibras.com\/site\/wp-content\/uploads\/2023\/01\/notibras23.png\",\"contentUrl\":\"https:\/\/www.notibras.com\/site\/wp-content\/uploads\/2023\/01\/notibras23.png\",\"width\":350,\"height\":87,\"caption\":\"Grupo Notibras de Comunica\u00e7\u00e3o\"},\"image\":{\"@id\":\"https:\/\/www.notibras.com\/site\/#\/schema\/logo\/image\/\"},\"sameAs\":[\"https:\/\/www.facebook.com\/notibras\/\",\"https:\/\/x.com\/Notibras\",\"https:\/\/www.instagram.com\/notibras\/\"]},{\"@type\":\"Person\",\"@id\":\"https:\/\/www.notibras.com\/site\/#\/schema\/person\/00b8e1aa08f9ef6563e878c5159d01cf\",\"name\":\"Reda\u00e7\u00e3o\",\"image\":{\"@type\":\"ImageObject\",\"inLanguage\":\"pt-BR\",\"@id\":\"https:\/\/secure.gravatar.com\/avatar\/ac5a707d5b47784a5ed426c6e213e201423c750890f64e4c379114dade67dfb9?s=96&d=mm&r=g\",\"url\":\"https:\/\/secure.gravatar.com\/avatar\/ac5a707d5b47784a5ed426c6e213e201423c750890f64e4c379114dade67dfb9?s=96&d=mm&r=g\",\"contentUrl\":\"https:\/\/secure.gravatar.com\/avatar\/ac5a707d5b47784a5ed426c6e213e201423c750890f64e4c379114dade67dfb9?s=96&d=mm&r=g\",\"caption\":\"Reda\u00e7\u00e3o\"}}]}<\/script>\n<!-- \/ Yoast SEO plugin. -->","yoast_head_json":{"title":"\"Tiroteios em massa j\u00e1 afetam este pa\u00eds h\u00e1 tempo demais\" - Notibras","robots":{"index":"index","follow":"follow","max-snippet":"max-snippet:-1","max-image-preview":"max-image-preview:large","max-video-preview":"max-video-preview:-1"},"canonical":"https:\/\/www.notibras.com\/site\/tiroteios-em-massa-ja-afetam-este-pais-ha-tempo-demais\/","og_locale":"pt_BR","og_type":"article","og_title":"\"Tiroteios em massa j\u00e1 afetam este pa\u00eds h\u00e1 tempo demais\" - Notibras","og_description":"O presidente Donald Trump lamentou hoje (18) o atentado na escola p\u00fablica de ensino m\u00e9dio Santa F\u00e9 High School, na \u00e1rea metropolitana de Houston, Texas. Ao menos oito pessoas morreram, e 12 feridos foram encaminhados a hospitais, no 22\u00ba tiroteio em uma escola este ano. &#8220;Os tiroteios em massa j\u00e1 duram muito tempo no nosso [&hellip;]","og_url":"https:\/\/www.notibras.com\/site\/tiroteios-em-massa-ja-afetam-este-pais-ha-tempo-demais\/","og_site_name":"Notibras","article_publisher":"https:\/\/www.facebook.com\/notibras\/","article_published_time":"2018-05-18T17:40:18+00:00","article_modified_time":"2018-05-18T17:58:04+00:00","og_image":[{"width":750,"height":423,"url":"https:\/\/www.notibras.com\/site\/wp-content\/uploads\/2017\/05\/trump2-efe-shaw_thew.jpg","type":"image\/jpeg"}],"author":"Reda\u00e7\u00e3o","twitter_card":"summary_large_image","twitter_creator":"@Notibras","twitter_site":"@Notibras","twitter_misc":{"Escrito por":"Reda\u00e7\u00e3o","Est. tempo de leitura":"2 minutos"},"schema":{"@context":"https:\/\/schema.org","@graph":[{"@type":"Article","@id":"https:\/\/www.notibras.com\/site\/tiroteios-em-massa-ja-afetam-este-pais-ha-tempo-demais\/#article","isPartOf":{"@id":"https:\/\/www.notibras.com\/site\/tiroteios-em-massa-ja-afetam-este-pais-ha-tempo-demais\/"},"author":{"name":"Reda\u00e7\u00e3o","@id":"https:\/\/www.notibras.com\/site\/#\/schema\/person\/00b8e1aa08f9ef6563e878c5159d01cf"},"headline":"&#8220;Tiroteios em massa j\u00e1 afetam este pa\u00eds h\u00e1 tempo demais&#8221;","datePublished":"2018-05-18T17:40:18+00:00","dateModified":"2018-05-18T17:58:04+00:00","mainEntityOfPage":{"@id":"https:\/\/www.notibras.com\/site\/tiroteios-em-massa-ja-afetam-este-pais-ha-tempo-demais\/"},"wordCount":320,"publisher":{"@id":"https:\/\/www.notibras.com\/site\/#organization"},"image":{"@id":"https:\/\/www.notibras.com\/site\/tiroteios-em-massa-ja-afetam-este-pais-ha-tempo-demais\/#primaryimage"},"thumbnailUrl":"https:\/\/www.notibras.com\/site\/wp-content\/uploads\/2017\/05\/trump2-efe-shaw_thew.jpg","articleSection":["Mundo"],"inLanguage":"pt-BR"},{"@type":"WebPage","@id":"https:\/\/www.notibras.com\/site\/tiroteios-em-massa-ja-afetam-este-pais-ha-tempo-demais\/","url":"https:\/\/www.notibras.com\/site\/tiroteios-em-massa-ja-afetam-este-pais-ha-tempo-demais\/","name":"\"Tiroteios em massa j\u00e1 afetam este pa\u00eds h\u00e1 tempo demais\" - Notibras","isPartOf":{"@id":"https:\/\/www.notibras.com\/site\/#website"},"primaryImageOfPage":{"@id":"https:\/\/www.notibras.com\/site\/tiroteios-em-massa-ja-afetam-este-pais-ha-tempo-demais\/#primaryimage"},"image":{"@id":"https:\/\/www.notibras.com\/site\/tiroteios-em-massa-ja-afetam-este-pais-ha-tempo-demais\/#primaryimage"},"thumbnailUrl":"https:\/\/www.notibras.com\/site\/wp-content\/uploads\/2017\/05\/trump2-efe-shaw_thew.jpg","datePublished":"2018-05-18T17:40:18+00:00","dateModified":"2018-05-18T17:58:04+00:00","breadcrumb":{"@id":"https:\/\/www.notibras.com\/site\/tiroteios-em-massa-ja-afetam-este-pais-ha-tempo-demais\/#breadcrumb"},"inLanguage":"pt-BR","potentialAction":[{"@type":"ReadAction","target":["https:\/\/www.notibras.com\/site\/tiroteios-em-massa-ja-afetam-este-pais-ha-tempo-demais\/"]}]},{"@type":"ImageObject","inLanguage":"pt-BR","@id":"https:\/\/www.notibras.com\/site\/tiroteios-em-massa-ja-afetam-este-pais-ha-tempo-demais\/#primaryimage","url":"https:\/\/www.notibras.com\/site\/wp-content\/uploads\/2017\/05\/trump2-efe-shaw_thew.jpg","contentUrl":"https:\/\/www.notibras.com\/site\/wp-content\/uploads\/2017\/05\/trump2-efe-shaw_thew.jpg","width":750,"height":423},{"@type":"BreadcrumbList","@id":"https:\/\/www.notibras.com\/site\/tiroteios-em-massa-ja-afetam-este-pais-ha-tempo-demais\/#breadcrumb","itemListElement":[{"@type":"ListItem","position":1,"name":"In\u00edcio","item":"https:\/\/www.notibras.com\/site\/"},{"@type":"ListItem","position":2,"name":"&#8220;Tiroteios em massa j\u00e1 afetam este pa\u00eds h\u00e1 tempo demais&#8221;"}]},{"@type":"WebSite","@id":"https:\/\/www.notibras.com\/site\/#website","url":"https:\/\/www.notibras.com\/site\/","name":"Notibras","description":"Not\u00edcias de Bras\u00edlia, do Brasil e do Mundo","publisher":{"@id":"https:\/\/www.notibras.com\/site\/#organization"},"potentialAction":[{"@type":"SearchAction","target":{"@type":"EntryPoint","urlTemplate":"https:\/\/www.notibras.com\/site\/?s={search_term_string}"},"query-input":{"@type":"PropertyValueSpecification","valueRequired":true,"valueName":"search_term_string"}}],"inLanguage":"pt-BR"},{"@type":"Organization","@id":"https:\/\/www.notibras.com\/site\/#organization","name":"Grupo Notibras de Comunica\u00e7\u00e3o","url":"https:\/\/www.notibras.com\/site\/","logo":{"@type":"ImageObject","inLanguage":"pt-BR","@id":"https:\/\/www.notibras.com\/site\/#\/schema\/logo\/image\/","url":"https:\/\/www.notibras.com\/site\/wp-content\/uploads\/2023\/01\/notibras23.png","contentUrl":"https:\/\/www.notibras.com\/site\/wp-content\/uploads\/2023\/01\/notibras23.png","width":350,"height":87,"caption":"Grupo Notibras de Comunica\u00e7\u00e3o"},"image":{"@id":"https:\/\/www.notibras.com\/site\/#\/schema\/logo\/image\/"},"sameAs":["https:\/\/www.facebook.com\/notibras\/","https:\/\/x.com\/Notibras","https:\/\/www.instagram.com\/notibras\/"]},{"@type":"Person","@id":"https:\/\/www.notibras.com\/site\/#\/schema\/person\/00b8e1aa08f9ef6563e878c5159d01cf","name":"Reda\u00e7\u00e3o","image":{"@type":"ImageObject","inLanguage":"pt-BR","@id":"https:\/\/secure.gravatar.com\/avatar\/ac5a707d5b47784a5ed426c6e213e201423c750890f64e4c379114dade67dfb9?s=96&d=mm&r=g","url":"https:\/\/secure.gravatar.com\/avatar\/ac5a707d5b47784a5ed426c6e213e201423c750890f64e4c379114dade67dfb9?s=96&d=mm&r=g","contentUrl":"https:\/\/secure.gravatar.com\/avatar\/ac5a707d5b47784a5ed426c6e213e201423c750890f64e4c379114dade67dfb9?s=96&d=mm&r=g","caption":"Reda\u00e7\u00e3o"}}]}},"amp_enabled":true,"_links":{"self":[{"href":"https:\/\/www.notibras.com\/site\/wp-json\/wp\/v2\/posts\/179721","targetHints":{"allow":["GET"]}}],"collection":[{"href":"https:\/\/www.notibras.com\/site\/wp-json\/wp\/v2\/posts"}],"about":[{"href":"https:\/\/www.notibras.com\/site\/wp-json\/wp\/v2\/types\/post"}],"author":[{"embeddable":true,"href":"https:\/\/www.notibras.com\/site\/wp-json\/wp\/v2\/users\/1"}],"replies":[{"embeddable":true,"href":"https:\/\/www.notibras.com\/site\/wp-json\/wp\/v2\/comments?post=179721"}],"version-history":[{"count":1,"href":"https:\/\/www.notibras.com\/site\/wp-json\/wp\/v2\/posts\/179721\/revisions"}],"predecessor-version":[{"id":179723,"href":"https:\/\/www.notibras.com\/site\/wp-json\/wp\/v2\/posts\/179721\/revisions\/179723"}],"wp:featuredmedia":[{"embeddable":true,"href":"https:\/\/www.notibras.com\/site\/wp-json\/wp\/v2\/media\/138737"}],"wp:attachment":[{"href":"https:\/\/www.notibras.com\/site\/wp-json\/wp\/v2\/media?parent=179721"}],"wp:term":[{"taxonomy":"category","embeddable":true,"href":"https:\/\/www.notibras.com\/site\/wp-json\/wp\/v2\/categories?post=179721"},{"taxonomy":"post_tag","embeddable":true,"href":"https:\/\/www.notibras.com\/site\/wp-json\/wp\/v2\/tags?post=179721"}],"curies":[{"name":"wp","href":"https:\/\/api.w.org\/{rel}","templated":true}]}}