{"id":179836,"date":"2018-05-19T13:37:47","date_gmt":"2018-05-19T16:37:47","guid":{"rendered":"https:\/\/www.notibras.com\/site\/?p=179836"},"modified":"2018-05-19T13:47:39","modified_gmt":"2018-05-19T16:47:39","slug":"o-ebola-voltou-de-vez-e-dificilmente-sera-erradicado","status":"publish","type":"post","link":"https:\/\/www.notibras.com\/site\/o-ebola-voltou-de-vez-e-dificilmente-sera-erradicado\/","title":{"rendered":"Ebola voltou de vez e vai ser dif\u00edcil erradicar"},"content":{"rendered":"<p>O v\u00edrus ebola apareceu de novo, desta vez na Rep\u00fablica Democr\u00e1tica do Congo. Ainda que seja imposs\u00edvel prever exatamente onde e quando ocorrer\u00e1 o pr\u00f3ximo surto, sabemos atualmente muito mais sobre como prevenir uma crise.<\/p>\n<p>As not\u00edcias sobre um novo surto na cidade de Bikoro, no noroeste da Rep\u00fablica Democr\u00e1tica do Congo, traz \u00e0 mente o horror da epidemia que custou 11 mil vidas e afetou 22 mil pessoas na \u00c1frica Ocidental entre 2014 e 2016. Foi um pesadelo que ningu\u00e9m quer reviver.<\/p>\n<p>Desde 4 de abril, houve mais de 30 poss\u00edveis casos registrados na Rep\u00fablica Democr\u00e1tica do Congo, com 18 mortes, ainda que s\u00f3 dois incidentes tenham sido confirmados como ebola.<\/p>\n<p>Ent\u00e3o, por que esse v\u00edrus continua voltando a atacar e o que est\u00e1 sendo feito para prevenir que se repita a trag\u00e9dia de alguns anos atr\u00e1s?<\/p>\n<p><strong>Fora de controle &#8211;\u00a0<\/strong>O ebola pode se espalhar rapidamente, pelo mero contato com pequenas quantidades de fluido corporal de uma pessoa infectada. Seus sintomas iniciais semelhantes ao da gripe, como febre, fraqueza e dores musculares, al\u00e9m de dores de cabe\u00e7a e garganta, nem sempre s\u00e3o \u00f3bvios.<\/p>\n<p>Seu surgimento em Bikoro, cujo mercado atrai gente de cidades e povoados na regi\u00e3o, e \u00e9 ligada a outras partes do pa\u00eds por grandes rios, al\u00e9m de ficar pr\u00f3xima da fronteira, \u00e9 motivo de preocupa\u00e7\u00e3o. \u00c9 uma \u00e1rea de grande movimenta\u00e7\u00e3o de pessoas e com\u00e9rcio, um lugar ideal para que a doen\u00e7a se espalhe.<\/p>\n<p>A epidemia de 2014-2016 come\u00e7ou em um pequeno vilarejo na fronteira da Guin\u00e9. Sua primeira v\u00edtima foi um menino de 2 anos que morreu em dezembro em 2013. A doen\u00e7a se espalhou rapidamente pelo pa\u00eds e os vizinhos Serra Leoa e Lib\u00e9ria, saindo do controle ao chegar aos centros urbanos.<\/p>\n<p>A Rep\u00fablica Democr\u00e1tica do Congo fica a milhares de quil\u00f4metros dos pa\u00edses da \u00c1frica Ocidental devastados por aquela epidemia. Mas seu reaparecimento em um local t\u00e3o distante n\u00e3o \u00e9 uma surpresa por si s\u00f3.<\/p>\n<p>O v\u00edrus do ebola esteve por tr\u00e1s de dois surtos simult\u00e2neos em 1976 &#8211; 151 pessoas morreram na regi\u00e3o de Nzara, no Sud\u00e3o do Sul, e 280 na regi\u00e3o de Yambuku, na Rep\u00fablica Democr\u00e1tica do Congo, pr\u00f3ximo do rio Ebola, do qual o v\u00edrus pegou seu nome.<\/p>\n<p>O surto mais recente \u00e9 o nono j\u00e1 ocorrido na Rep\u00fablica Democr\u00e1tica do Congo, onde foram registrados os tr\u00eas surtos que ocorreram desde a crise de 2014-2016.<\/p>\n<p>No total, j\u00e1 foram registrados 24 surtos &#8211; fora a epidemia de 2014-2016 &#8211; na \u00c1frica Central e Ocidental, al\u00e9m de Uganda e Sud\u00e3o. O n\u00famero de mortes variou entre 1 e 280.<\/p>\n<p>Ainda que seja poss\u00edvel identificar as \u00e1reas de risco, n\u00e3o \u00e9 realista esperar que possamos erradicar a doen\u00e7a algum dia, e \u00e9 imposs\u00edvel saber onde e quando o pr\u00f3ximo surto ocorrer\u00e1.<\/p>\n<p>Morcegos que se alimentam de frutas est\u00e3o entre os principais hospedeiros do v\u00edrus, mas ele tamb\u00e9m chega a popula\u00e7\u00f5es humanas pelo contato com sangue, \u00f3rg\u00e3os e outros fluidos corporais de animais infectados, como gorilas, chimpanz\u00e9s, ant\u00edlopes e porcos-espinhos.<\/p>\n<p>A doen\u00e7a \u00e9 considerada end\u00eamica desta regi\u00e3o do planeta, e n\u00e3o \u00e9 poss\u00edvel erradicar todos os animais que podem ser hospedeiros do ebola. Enquanto seres humanos puderem entrar em contato com esses animais em seus habitats, sempre haver\u00e1 a possibilidade de o ebola retornar.<\/p>\n<p><strong>Em busca do &#8216;paciente zero&#8217; &#8211;\u00a0<\/strong>Podemos, no entanto, conter surtos antes que eles se tornem epidemias e, assim, proteger as pessoas. Uma resposta r\u00e1pida e bem coordenada pode garantir que a doen\u00e7a seja contida logo no in\u00edcio &#8211; para que um m\u00ednimo poss\u00edvel de pessoas contraia a doen\u00e7a.<\/p>\n<p>Um surto na Rep\u00fablica Democr\u00e1tica do Congo h\u00e1 quase um ano, por exemplo, foi contido rapidamente em uma \u00e1rea bem remota no norte do pa\u00eds, que fica mais distante das fronteiras e, portanto, com um risco mais baixo do que o surto atual.<\/p>\n<p>Uma resposta imediata foi muito importante para que o impacto fosse limitado a quatro mortes, enquanto outras quatro pessoas sobreviveram.<\/p>\n<p>Equipes de emerg\u00eancia e cientistas da Rep\u00fablica Democr\u00e1tica do Congo, da Organiza\u00e7\u00e3o Mundial da Sa\u00fade (OMS) e de ag\u00eancias de ajuda humanit\u00e1ria est\u00e3o agora na \u00e1rea do surto atual. Estabelecer a cepa do v\u00edrus em a\u00e7\u00e3o e rastrear todas as poss\u00edveis transmiss\u00f5es ocorridas \u00e9 sua prioridade, al\u00e9m de identificar o &#8220;paciente zero&#8221; o mais r\u00e1pido poss\u00edvel.<\/p>\n<p>Pacientes suspeitos e as pessoas com quem eles tiveram contato receber\u00e3o os cuidados necess\u00e1rios. Procedimentos de higiene rigorosos ser\u00e3o primordiais, inclusive o uso de prote\u00e7\u00e3o no rosto, roupas e luvas especiais para bloquear o contato com fluidos corporais e com outros materiais infectados.<\/p>\n<p>A comunica\u00e7\u00e3o com todos aqueles que estiverem sob risco de contamina\u00e7\u00e3o ser\u00e1 vital, e as equipes de sa\u00fade em a\u00e7\u00e3o ser\u00e3o essenciais para garantir que todos vivendo em determinada localidade recebam as informa\u00e7\u00f5es necess\u00e1rias. Amostras de sangue dos pacientes do surto atual foram enviadas ao laborat\u00f3rio nacional do pa\u00eds em Kinshasa para exames.<\/p>\n<p><strong>Estoques de vacina &#8211;\u00a0<\/strong>H\u00e1 cinco cepas do v\u00edrus ebola j\u00e1 identificadas, sendo a mais mortal a cepa Zaire. Foi a que gerou o surto anterior a esse &#8211; e para a qual h\u00e1 uma vacina dispon\u00edvel para uso emergencial.<\/p>\n<p>Em dezembro de 2016, os resultados finais dos testes dessa vacina, financiados pelo Wellcome Trust, uma funda\u00e7\u00e3o de caridade dedicada ao setor de sa\u00fade, e os governos brit\u00e2nico e noruegu\u00eas, confirmaram que ela fornece um alto grau de prote\u00e7\u00e3o.<\/p>\n<p>Ela foi desenvolvida rapidamente durante a epidemia de 2014-16, mas ficou pronta tarde demais para ter um impacto significativo na \u00e9poca. Ainda n\u00e3o foi completamente autorizada para uso, mas, gra\u00e7as a esfor\u00e7os globais, foi provado que \u00e9 segura para uso humano, e 300 mil doses est\u00e3o estocadas. Elas ser\u00e3o oferecidas gratuitamente aos pacientes e podem chegar \u00e0 regi\u00e3o em tr\u00eas ou quatro dias.<\/p>\n<p>As regras da OMS recomendam que, caso ocorra um surto de ebola antes da licen\u00e7a final ser conferida, a vacina deve ser dada a todos os pacientes suspeitos, pessoas que tiveram contato com eles e profissionais de sa\u00fade em risco. A decis\u00e3o de distribuir essa vacina deve ser tomada pelo Minist\u00e9rio da Sa\u00fade da Rep\u00fablica Democr\u00e1tica do Congo.<\/p>\n<p>A resposta do pa\u00eds em surtos recentes demonstrou que ele est\u00e1 bem preparado. Mas nenhuma na\u00e7\u00e3o \u00e9 capaz de lidar com isso sozinha, nem se deveria esperar isso. Um apoio global e uma resposta o mais cedo e bem coordenada poss\u00edvel \u00e9 essencial para garantir que o surto seja contido de forma eficaz.<\/p>\n<p>Esse surto atual ser\u00e1 um desafio para as equipes locais, mas tamb\u00e9m uma oportunidade para que a comunidade global prove que aprendeu as li\u00e7\u00f5es deixadas pela epidemia na \u00c1frica Ocidental. N\u00e3o podemos esperar que o ebola simplesmente desapare\u00e7a, mas podemos esperar que estejamos preparados para tentar cont\u00ea-lo antes que cause estragos.<\/p>\n","protected":false},"excerpt":{"rendered":"<p>O v\u00edrus ebola apareceu de novo, desta vez na Rep\u00fablica Democr\u00e1tica do Congo. Ainda que seja imposs\u00edvel prever exatamente onde e quando ocorrer\u00e1 o pr\u00f3ximo surto, sabemos atualmente muito mais sobre como prevenir uma crise. As not\u00edcias sobre um novo surto na cidade de Bikoro, no noroeste da Rep\u00fablica Democr\u00e1tica do Congo, traz \u00e0 mente [&hellip;]<\/p>\n","protected":false},"author":1,"featured_media":24575,"comment_status":"closed","ping_status":"closed","sticky":false,"template":"","format":"standard","meta":{"_acf_changed":false,"footnotes":""},"categories":[17],"tags":[],"class_list":["post-179836","post","type-post","status-publish","format-standard","has-post-thumbnail","hentry","category-mundo"],"acf":[],"yoast_head":"<!-- This site is optimized with the Yoast SEO plugin v27.2 - https:\/\/yoast.com\/product\/yoast-seo-wordpress\/ -->\n<title>Ebola voltou de vez e vai ser dif\u00edcil erradicar - Notibras<\/title>\n<meta name=\"robots\" content=\"index, follow, max-snippet:-1, max-image-preview:large, max-video-preview:-1\" \/>\n<link rel=\"canonical\" href=\"https:\/\/www.notibras.com\/site\/o-ebola-voltou-de-vez-e-dificilmente-sera-erradicado\/\" \/>\n<meta property=\"og:locale\" content=\"pt_BR\" \/>\n<meta property=\"og:type\" content=\"article\" \/>\n<meta property=\"og:title\" content=\"Ebola voltou de vez e vai ser dif\u00edcil erradicar - Notibras\" \/>\n<meta property=\"og:description\" content=\"O v\u00edrus ebola apareceu de novo, desta vez na Rep\u00fablica Democr\u00e1tica do Congo. Ainda que seja imposs\u00edvel prever exatamente onde e quando ocorrer\u00e1 o pr\u00f3ximo surto, sabemos atualmente muito mais sobre como prevenir uma crise. As not\u00edcias sobre um novo surto na cidade de Bikoro, no noroeste da Rep\u00fablica Democr\u00e1tica do Congo, traz \u00e0 mente [&hellip;]\" \/>\n<meta property=\"og:url\" content=\"https:\/\/www.notibras.com\/site\/o-ebola-voltou-de-vez-e-dificilmente-sera-erradicado\/\" \/>\n<meta property=\"og:site_name\" content=\"Notibras\" \/>\n<meta property=\"article:publisher\" content=\"https:\/\/www.facebook.com\/notibras\/\" \/>\n<meta property=\"article:published_time\" content=\"2018-05-19T16:37:47+00:00\" \/>\n<meta property=\"article:modified_time\" content=\"2018-05-19T16:47:39+00:00\" \/>\n<meta property=\"og:image\" content=\"https:\/\/www.notibras.com\/site\/wp-content\/uploads\/2014\/10\/ebola-africa7_1.jpg\" \/>\n\t<meta property=\"og:image:width\" content=\"750\" \/>\n\t<meta property=\"og:image:height\" content=\"422\" \/>\n\t<meta property=\"og:image:type\" content=\"image\/jpeg\" \/>\n<meta name=\"author\" content=\"Reda\u00e7\u00e3o\" \/>\n<meta name=\"twitter:card\" content=\"summary_large_image\" \/>\n<meta name=\"twitter:creator\" content=\"@Notibras\" \/>\n<meta name=\"twitter:site\" content=\"@Notibras\" \/>\n<meta name=\"twitter:label1\" content=\"Escrito por\" \/>\n\t<meta name=\"twitter:data1\" content=\"Reda\u00e7\u00e3o\" \/>\n\t<meta name=\"twitter:label2\" content=\"Est. tempo de leitura\" \/>\n\t<meta name=\"twitter:data2\" content=\"6 minutos\" \/>\n<script type=\"application\/ld+json\" class=\"yoast-schema-graph\">{\"@context\":\"https:\/\/schema.org\",\"@graph\":[{\"@type\":\"Article\",\"@id\":\"https:\/\/www.notibras.com\/site\/o-ebola-voltou-de-vez-e-dificilmente-sera-erradicado\/#article\",\"isPartOf\":{\"@id\":\"https:\/\/www.notibras.com\/site\/o-ebola-voltou-de-vez-e-dificilmente-sera-erradicado\/\"},\"author\":{\"name\":\"Reda\u00e7\u00e3o\",\"@id\":\"https:\/\/www.notibras.com\/site\/#\/schema\/person\/00b8e1aa08f9ef6563e878c5159d01cf\"},\"headline\":\"Ebola voltou de vez e vai ser dif\u00edcil erradicar\",\"datePublished\":\"2018-05-19T16:37:47+00:00\",\"dateModified\":\"2018-05-19T16:47:39+00:00\",\"mainEntityOfPage\":{\"@id\":\"https:\/\/www.notibras.com\/site\/o-ebola-voltou-de-vez-e-dificilmente-sera-erradicado\/\"},\"wordCount\":1226,\"publisher\":{\"@id\":\"https:\/\/www.notibras.com\/site\/#organization\"},\"image\":{\"@id\":\"https:\/\/www.notibras.com\/site\/o-ebola-voltou-de-vez-e-dificilmente-sera-erradicado\/#primaryimage\"},\"thumbnailUrl\":\"https:\/\/www.notibras.com\/site\/wp-content\/uploads\/2014\/10\/ebola-africa7_1.jpg\",\"articleSection\":[\"Mundo\"],\"inLanguage\":\"pt-BR\"},{\"@type\":\"WebPage\",\"@id\":\"https:\/\/www.notibras.com\/site\/o-ebola-voltou-de-vez-e-dificilmente-sera-erradicado\/\",\"url\":\"https:\/\/www.notibras.com\/site\/o-ebola-voltou-de-vez-e-dificilmente-sera-erradicado\/\",\"name\":\"Ebola voltou de vez e vai ser dif\u00edcil erradicar - Notibras\",\"isPartOf\":{\"@id\":\"https:\/\/www.notibras.com\/site\/#website\"},\"primaryImageOfPage\":{\"@id\":\"https:\/\/www.notibras.com\/site\/o-ebola-voltou-de-vez-e-dificilmente-sera-erradicado\/#primaryimage\"},\"image\":{\"@id\":\"https:\/\/www.notibras.com\/site\/o-ebola-voltou-de-vez-e-dificilmente-sera-erradicado\/#primaryimage\"},\"thumbnailUrl\":\"https:\/\/www.notibras.com\/site\/wp-content\/uploads\/2014\/10\/ebola-africa7_1.jpg\",\"datePublished\":\"2018-05-19T16:37:47+00:00\",\"dateModified\":\"2018-05-19T16:47:39+00:00\",\"breadcrumb\":{\"@id\":\"https:\/\/www.notibras.com\/site\/o-ebola-voltou-de-vez-e-dificilmente-sera-erradicado\/#breadcrumb\"},\"inLanguage\":\"pt-BR\",\"potentialAction\":[{\"@type\":\"ReadAction\",\"target\":[\"https:\/\/www.notibras.com\/site\/o-ebola-voltou-de-vez-e-dificilmente-sera-erradicado\/\"]}]},{\"@type\":\"ImageObject\",\"inLanguage\":\"pt-BR\",\"@id\":\"https:\/\/www.notibras.com\/site\/o-ebola-voltou-de-vez-e-dificilmente-sera-erradicado\/#primaryimage\",\"url\":\"https:\/\/www.notibras.com\/site\/wp-content\/uploads\/2014\/10\/ebola-africa7_1.jpg\",\"contentUrl\":\"https:\/\/www.notibras.com\/site\/wp-content\/uploads\/2014\/10\/ebola-africa7_1.jpg\",\"width\":750,\"height\":422},{\"@type\":\"BreadcrumbList\",\"@id\":\"https:\/\/www.notibras.com\/site\/o-ebola-voltou-de-vez-e-dificilmente-sera-erradicado\/#breadcrumb\",\"itemListElement\":[{\"@type\":\"ListItem\",\"position\":1,\"name\":\"In\u00edcio\",\"item\":\"https:\/\/www.notibras.com\/site\/\"},{\"@type\":\"ListItem\",\"position\":2,\"name\":\"Ebola voltou de vez e vai ser dif\u00edcil erradicar\"}]},{\"@type\":\"WebSite\",\"@id\":\"https:\/\/www.notibras.com\/site\/#website\",\"url\":\"https:\/\/www.notibras.com\/site\/\",\"name\":\"Notibras\",\"description\":\"Not\u00edcias de Bras\u00edlia, do Brasil e do Mundo\",\"publisher\":{\"@id\":\"https:\/\/www.notibras.com\/site\/#organization\"},\"potentialAction\":[{\"@type\":\"SearchAction\",\"target\":{\"@type\":\"EntryPoint\",\"urlTemplate\":\"https:\/\/www.notibras.com\/site\/?s={search_term_string}\"},\"query-input\":{\"@type\":\"PropertyValueSpecification\",\"valueRequired\":true,\"valueName\":\"search_term_string\"}}],\"inLanguage\":\"pt-BR\"},{\"@type\":\"Organization\",\"@id\":\"https:\/\/www.notibras.com\/site\/#organization\",\"name\":\"Grupo Notibras de Comunica\u00e7\u00e3o\",\"url\":\"https:\/\/www.notibras.com\/site\/\",\"logo\":{\"@type\":\"ImageObject\",\"inLanguage\":\"pt-BR\",\"@id\":\"https:\/\/www.notibras.com\/site\/#\/schema\/logo\/image\/\",\"url\":\"https:\/\/www.notibras.com\/site\/wp-content\/uploads\/2023\/01\/notibras23.png\",\"contentUrl\":\"https:\/\/www.notibras.com\/site\/wp-content\/uploads\/2023\/01\/notibras23.png\",\"width\":350,\"height\":87,\"caption\":\"Grupo Notibras de Comunica\u00e7\u00e3o\"},\"image\":{\"@id\":\"https:\/\/www.notibras.com\/site\/#\/schema\/logo\/image\/\"},\"sameAs\":[\"https:\/\/www.facebook.com\/notibras\/\",\"https:\/\/x.com\/Notibras\",\"https:\/\/www.instagram.com\/notibras\/\"]},{\"@type\":\"Person\",\"@id\":\"https:\/\/www.notibras.com\/site\/#\/schema\/person\/00b8e1aa08f9ef6563e878c5159d01cf\",\"name\":\"Reda\u00e7\u00e3o\",\"image\":{\"@type\":\"ImageObject\",\"inLanguage\":\"pt-BR\",\"@id\":\"https:\/\/secure.gravatar.com\/avatar\/ac5a707d5b47784a5ed426c6e213e201423c750890f64e4c379114dade67dfb9?s=96&d=mm&r=g\",\"url\":\"https:\/\/secure.gravatar.com\/avatar\/ac5a707d5b47784a5ed426c6e213e201423c750890f64e4c379114dade67dfb9?s=96&d=mm&r=g\",\"contentUrl\":\"https:\/\/secure.gravatar.com\/avatar\/ac5a707d5b47784a5ed426c6e213e201423c750890f64e4c379114dade67dfb9?s=96&d=mm&r=g\",\"caption\":\"Reda\u00e7\u00e3o\"}}]}<\/script>\n<!-- \/ Yoast SEO plugin. -->","yoast_head_json":{"title":"Ebola voltou de vez e vai ser dif\u00edcil erradicar - Notibras","robots":{"index":"index","follow":"follow","max-snippet":"max-snippet:-1","max-image-preview":"max-image-preview:large","max-video-preview":"max-video-preview:-1"},"canonical":"https:\/\/www.notibras.com\/site\/o-ebola-voltou-de-vez-e-dificilmente-sera-erradicado\/","og_locale":"pt_BR","og_type":"article","og_title":"Ebola voltou de vez e vai ser dif\u00edcil erradicar - Notibras","og_description":"O v\u00edrus ebola apareceu de novo, desta vez na Rep\u00fablica Democr\u00e1tica do Congo. Ainda que seja imposs\u00edvel prever exatamente onde e quando ocorrer\u00e1 o pr\u00f3ximo surto, sabemos atualmente muito mais sobre como prevenir uma crise. As not\u00edcias sobre um novo surto na cidade de Bikoro, no noroeste da Rep\u00fablica Democr\u00e1tica do Congo, traz \u00e0 mente [&hellip;]","og_url":"https:\/\/www.notibras.com\/site\/o-ebola-voltou-de-vez-e-dificilmente-sera-erradicado\/","og_site_name":"Notibras","article_publisher":"https:\/\/www.facebook.com\/notibras\/","article_published_time":"2018-05-19T16:37:47+00:00","article_modified_time":"2018-05-19T16:47:39+00:00","og_image":[{"width":750,"height":422,"url":"https:\/\/www.notibras.com\/site\/wp-content\/uploads\/2014\/10\/ebola-africa7_1.jpg","type":"image\/jpeg"}],"author":"Reda\u00e7\u00e3o","twitter_card":"summary_large_image","twitter_creator":"@Notibras","twitter_site":"@Notibras","twitter_misc":{"Escrito por":"Reda\u00e7\u00e3o","Est. tempo de leitura":"6 minutos"},"schema":{"@context":"https:\/\/schema.org","@graph":[{"@type":"Article","@id":"https:\/\/www.notibras.com\/site\/o-ebola-voltou-de-vez-e-dificilmente-sera-erradicado\/#article","isPartOf":{"@id":"https:\/\/www.notibras.com\/site\/o-ebola-voltou-de-vez-e-dificilmente-sera-erradicado\/"},"author":{"name":"Reda\u00e7\u00e3o","@id":"https:\/\/www.notibras.com\/site\/#\/schema\/person\/00b8e1aa08f9ef6563e878c5159d01cf"},"headline":"Ebola voltou de vez e vai ser dif\u00edcil erradicar","datePublished":"2018-05-19T16:37:47+00:00","dateModified":"2018-05-19T16:47:39+00:00","mainEntityOfPage":{"@id":"https:\/\/www.notibras.com\/site\/o-ebola-voltou-de-vez-e-dificilmente-sera-erradicado\/"},"wordCount":1226,"publisher":{"@id":"https:\/\/www.notibras.com\/site\/#organization"},"image":{"@id":"https:\/\/www.notibras.com\/site\/o-ebola-voltou-de-vez-e-dificilmente-sera-erradicado\/#primaryimage"},"thumbnailUrl":"https:\/\/www.notibras.com\/site\/wp-content\/uploads\/2014\/10\/ebola-africa7_1.jpg","articleSection":["Mundo"],"inLanguage":"pt-BR"},{"@type":"WebPage","@id":"https:\/\/www.notibras.com\/site\/o-ebola-voltou-de-vez-e-dificilmente-sera-erradicado\/","url":"https:\/\/www.notibras.com\/site\/o-ebola-voltou-de-vez-e-dificilmente-sera-erradicado\/","name":"Ebola voltou de vez e vai ser dif\u00edcil erradicar - Notibras","isPartOf":{"@id":"https:\/\/www.notibras.com\/site\/#website"},"primaryImageOfPage":{"@id":"https:\/\/www.notibras.com\/site\/o-ebola-voltou-de-vez-e-dificilmente-sera-erradicado\/#primaryimage"},"image":{"@id":"https:\/\/www.notibras.com\/site\/o-ebola-voltou-de-vez-e-dificilmente-sera-erradicado\/#primaryimage"},"thumbnailUrl":"https:\/\/www.notibras.com\/site\/wp-content\/uploads\/2014\/10\/ebola-africa7_1.jpg","datePublished":"2018-05-19T16:37:47+00:00","dateModified":"2018-05-19T16:47:39+00:00","breadcrumb":{"@id":"https:\/\/www.notibras.com\/site\/o-ebola-voltou-de-vez-e-dificilmente-sera-erradicado\/#breadcrumb"},"inLanguage":"pt-BR","potentialAction":[{"@type":"ReadAction","target":["https:\/\/www.notibras.com\/site\/o-ebola-voltou-de-vez-e-dificilmente-sera-erradicado\/"]}]},{"@type":"ImageObject","inLanguage":"pt-BR","@id":"https:\/\/www.notibras.com\/site\/o-ebola-voltou-de-vez-e-dificilmente-sera-erradicado\/#primaryimage","url":"https:\/\/www.notibras.com\/site\/wp-content\/uploads\/2014\/10\/ebola-africa7_1.jpg","contentUrl":"https:\/\/www.notibras.com\/site\/wp-content\/uploads\/2014\/10\/ebola-africa7_1.jpg","width":750,"height":422},{"@type":"BreadcrumbList","@id":"https:\/\/www.notibras.com\/site\/o-ebola-voltou-de-vez-e-dificilmente-sera-erradicado\/#breadcrumb","itemListElement":[{"@type":"ListItem","position":1,"name":"In\u00edcio","item":"https:\/\/www.notibras.com\/site\/"},{"@type":"ListItem","position":2,"name":"Ebola voltou de vez e vai ser dif\u00edcil erradicar"}]},{"@type":"WebSite","@id":"https:\/\/www.notibras.com\/site\/#website","url":"https:\/\/www.notibras.com\/site\/","name":"Notibras","description":"Not\u00edcias de Bras\u00edlia, do Brasil e do Mundo","publisher":{"@id":"https:\/\/www.notibras.com\/site\/#organization"},"potentialAction":[{"@type":"SearchAction","target":{"@type":"EntryPoint","urlTemplate":"https:\/\/www.notibras.com\/site\/?s={search_term_string}"},"query-input":{"@type":"PropertyValueSpecification","valueRequired":true,"valueName":"search_term_string"}}],"inLanguage":"pt-BR"},{"@type":"Organization","@id":"https:\/\/www.notibras.com\/site\/#organization","name":"Grupo Notibras de Comunica\u00e7\u00e3o","url":"https:\/\/www.notibras.com\/site\/","logo":{"@type":"ImageObject","inLanguage":"pt-BR","@id":"https:\/\/www.notibras.com\/site\/#\/schema\/logo\/image\/","url":"https:\/\/www.notibras.com\/site\/wp-content\/uploads\/2023\/01\/notibras23.png","contentUrl":"https:\/\/www.notibras.com\/site\/wp-content\/uploads\/2023\/01\/notibras23.png","width":350,"height":87,"caption":"Grupo Notibras de Comunica\u00e7\u00e3o"},"image":{"@id":"https:\/\/www.notibras.com\/site\/#\/schema\/logo\/image\/"},"sameAs":["https:\/\/www.facebook.com\/notibras\/","https:\/\/x.com\/Notibras","https:\/\/www.instagram.com\/notibras\/"]},{"@type":"Person","@id":"https:\/\/www.notibras.com\/site\/#\/schema\/person\/00b8e1aa08f9ef6563e878c5159d01cf","name":"Reda\u00e7\u00e3o","image":{"@type":"ImageObject","inLanguage":"pt-BR","@id":"https:\/\/secure.gravatar.com\/avatar\/ac5a707d5b47784a5ed426c6e213e201423c750890f64e4c379114dade67dfb9?s=96&d=mm&r=g","url":"https:\/\/secure.gravatar.com\/avatar\/ac5a707d5b47784a5ed426c6e213e201423c750890f64e4c379114dade67dfb9?s=96&d=mm&r=g","contentUrl":"https:\/\/secure.gravatar.com\/avatar\/ac5a707d5b47784a5ed426c6e213e201423c750890f64e4c379114dade67dfb9?s=96&d=mm&r=g","caption":"Reda\u00e7\u00e3o"}}]}},"amp_enabled":true,"_links":{"self":[{"href":"https:\/\/www.notibras.com\/site\/wp-json\/wp\/v2\/posts\/179836","targetHints":{"allow":["GET"]}}],"collection":[{"href":"https:\/\/www.notibras.com\/site\/wp-json\/wp\/v2\/posts"}],"about":[{"href":"https:\/\/www.notibras.com\/site\/wp-json\/wp\/v2\/types\/post"}],"author":[{"embeddable":true,"href":"https:\/\/www.notibras.com\/site\/wp-json\/wp\/v2\/users\/1"}],"replies":[{"embeddable":true,"href":"https:\/\/www.notibras.com\/site\/wp-json\/wp\/v2\/comments?post=179836"}],"version-history":[{"count":2,"href":"https:\/\/www.notibras.com\/site\/wp-json\/wp\/v2\/posts\/179836\/revisions"}],"predecessor-version":[{"id":179838,"href":"https:\/\/www.notibras.com\/site\/wp-json\/wp\/v2\/posts\/179836\/revisions\/179838"}],"wp:featuredmedia":[{"embeddable":true,"href":"https:\/\/www.notibras.com\/site\/wp-json\/wp\/v2\/media\/24575"}],"wp:attachment":[{"href":"https:\/\/www.notibras.com\/site\/wp-json\/wp\/v2\/media?parent=179836"}],"wp:term":[{"taxonomy":"category","embeddable":true,"href":"https:\/\/www.notibras.com\/site\/wp-json\/wp\/v2\/categories?post=179836"},{"taxonomy":"post_tag","embeddable":true,"href":"https:\/\/www.notibras.com\/site\/wp-json\/wp\/v2\/tags?post=179836"}],"curies":[{"name":"wp","href":"https:\/\/api.w.org\/{rel}","templated":true}]}}