{"id":17987,"date":"2014-07-30T01:31:54","date_gmt":"2014-07-30T04:31:54","guid":{"rendered":"http:\/\/www.notibras.com\/site\/?p=17987"},"modified":"2014-07-31T01:34:18","modified_gmt":"2014-07-31T04:34:18","slug":"sao-paulo-bate-bragantino-e-fica-mais-perto-da-vaga","status":"publish","type":"post","link":"https:\/\/www.notibras.com\/site\/sao-paulo-bate-bragantino-e-fica-mais-perto-da-vaga\/","title":{"rendered":"S\u00e3o Paulo bate Bragantino e fica mais perto da vaga"},"content":{"rendered":"<p>Alexandre Pato n\u00e3o vive bom momento em sua carreira. Criticado pela falta de gols e por conta de sua postura em campo, tornou-se uma op\u00e7\u00e3o pouco privilegiada no S\u00e3o Paulo. Nesta quarta-feira, entretanto, o camisa 11 foi titular da equipe tricolor e fez um dos gols da vit\u00f3ria por 2 a 1 sobre o Bragantino, pela Copa do Brasil, em Ribeir\u00e3o Preto.<\/p>\n<p>Com o resultado, o S\u00e3o Paulo precisa apenas do empate na partida de volta, que ocorre no Morumbi, no dia 13, para avan\u00e7ar \u00e0s oitavas de final da competi\u00e7\u00e3o nacional. Al\u00e9m de marcar seu gol, Pato contribuiu com uma assist\u00eancia, j\u00e1 que foi de seu escanteio que Bruno Recife fez gol contra no segundo tempo &#8211; Luisinho descontou nos \u00faltimos minutos.<\/p>\n<blockquote>\n<p class=\"text\">Para montar o S\u00e3o Paulo, Muricy teve que lidar com uma s\u00e9rie de problemas. Alan Kardec j\u00e1 atuou pela Copa do Brasil com o Palmeiras, ent\u00e3o n\u00e3o teve condi\u00e7\u00f5es legais de entrar em campo, e como Lu\u00eds Fabiano segue em recupera\u00e7\u00e3o de les\u00e3o, Pato entrou na equipe titular. No meio, Kak\u00e1 foi preservado, o que fez com que Douglas fosse deslocado e Paulo Miranda ocupasse a lateral direita.<\/p>\n<\/blockquote>\n<p class=\"text\">O que se viu na partida foi uma reprise dos \u00faltimos dois jogos do S\u00e3o Paulo: a equipe tricolor trocava passes e tentava passar por um advers\u00e1rio retrancado. \u00a0 Depois de derrotas contra Chapecoense e Goi\u00e1s, por\u00e9m, desta vez o time de Muricy conseguiu abrir o placar ainda nos primeiros minutos.<\/p>\n<p class=\"text\">Alexandre Pato cobrou escanteio aos 16min na dire\u00e7\u00e3o de Rodrigo Caio, mas Bruno Recife se antecipou e desviou de cabe\u00e7a contra a pr\u00f3pria meta. Com a vantagem no marcador, o S\u00e3o Paulo passou a demonstrar outra defici\u00eancia das \u00faltimas semanas e passou a levar sufoco na bola parada, mas o Bragantino n\u00e3o conseguiu buscar o empate antes do intervalo.<\/p>\n<p class=\"text\">No segundo tempo, a equipe mandante passou a atacar mais e a criar problemas para a inconstante defesa s\u00e3o-paulina. O time tricolor n\u00e3o tinha a mesma capacidade de trocar passes no meio de campo e via o Bragantino se sentir mais \u00e0 vontade.<\/p>\n<p class=\"text\">A situa\u00e7\u00e3o ficou mais favor\u00e1vel ao S\u00e3o Paulo aos 28min, quando \u00c1lvaro Pereira foi empurrado por Albertinho dentro da \u00e1rea e a arbitragem marcou o p\u00eanalti. Rog\u00e9rio Ceni caminhou at\u00e9 perto da marca da cal, mas deixou que Pato ficasse com a cobran\u00e7a, e o camisa 11 bateu firme para ampliar. O Bragantino ainda fez seu gol aos 38min, com Luisinho, para aumentar suas chances de classifica\u00e7\u00e3o para o jogo de volta.<\/p>\n","protected":false},"excerpt":{"rendered":"<p>Alexandre Pato n\u00e3o vive bom momento em sua carreira. Criticado pela falta de gols e por conta de sua postura em campo, tornou-se uma op\u00e7\u00e3o pouco privilegiada no S\u00e3o Paulo. Nesta quarta-feira, entretanto, o camisa 11 foi titular da equipe tricolor e fez um dos gols da vit\u00f3ria por 2 a 1 sobre o Bragantino, [&hellip;]<\/p>\n","protected":false},"author":2,"featured_media":17988,"comment_status":"open","ping_status":"closed","sticky":false,"template":"","format":"standard","meta":{"_acf_changed":false,"footnotes":""},"categories":[19,29],"tags":[],"class_list":["post-17987","post","type-post","status-publish","format-standard","has-post-thumbnail","hentry","category-esportes","category-futebol"],"acf":[],"yoast_head":"<!-- This site is optimized with the Yoast SEO plugin v27.2 - https:\/\/yoast.com\/product\/yoast-seo-wordpress\/ -->\n<title>S\u00e3o Paulo bate Bragantino e fica mais perto da vaga - Notibras<\/title>\n<meta name=\"robots\" content=\"index, follow, max-snippet:-1, max-image-preview:large, max-video-preview:-1\" \/>\n<link rel=\"canonical\" href=\"https:\/\/www.notibras.com\/site\/sao-paulo-bate-bragantino-e-fica-mais-perto-da-vaga\/\" \/>\n<meta property=\"og:locale\" content=\"pt_BR\" \/>\n<meta property=\"og:type\" content=\"article\" \/>\n<meta property=\"og:title\" content=\"S\u00e3o Paulo bate Bragantino e fica mais perto da vaga - Notibras\" \/>\n<meta property=\"og:description\" content=\"Alexandre Pato n\u00e3o vive bom momento em sua carreira. Criticado pela falta de gols e por conta de sua postura em campo, tornou-se uma op\u00e7\u00e3o pouco privilegiada no S\u00e3o Paulo. Nesta quarta-feira, entretanto, o camisa 11 foi titular da equipe tricolor e fez um dos gols da vit\u00f3ria por 2 a 1 sobre o Bragantino, [&hellip;]\" \/>\n<meta property=\"og:url\" content=\"https:\/\/www.notibras.com\/site\/sao-paulo-bate-bragantino-e-fica-mais-perto-da-vaga\/\" \/>\n<meta property=\"og:site_name\" content=\"Notibras\" \/>\n<meta property=\"article:publisher\" content=\"https:\/\/www.facebook.com\/notibras\/\" \/>\n<meta property=\"article:published_time\" content=\"2014-07-30T04:31:54+00:00\" \/>\n<meta property=\"article:modified_time\" content=\"2014-07-31T04:34:18+00:00\" \/>\n<meta property=\"og:image\" content=\"https:\/\/www.notibras.com\/site\/wp-content\/uploads\/2014\/07\/esp22.jpg\" \/>\n\t<meta property=\"og:image:width\" content=\"750\" \/>\n\t<meta property=\"og:image:height\" content=\"500\" \/>\n\t<meta property=\"og:image:type\" content=\"image\/jpeg\" \/>\n<meta name=\"author\" content=\"Reda\u00e7\u00e3o\" \/>\n<meta name=\"twitter:card\" content=\"summary_large_image\" \/>\n<meta name=\"twitter:creator\" content=\"@Notibras\" \/>\n<meta name=\"twitter:site\" content=\"@Notibras\" \/>\n<meta name=\"twitter:label1\" content=\"Escrito por\" \/>\n\t<meta name=\"twitter:data1\" content=\"Reda\u00e7\u00e3o\" \/>\n\t<meta name=\"twitter:label2\" content=\"Est. tempo de leitura\" \/>\n\t<meta name=\"twitter:data2\" content=\"2 minutos\" \/>\n<script type=\"application\/ld+json\" class=\"yoast-schema-graph\">{\"@context\":\"https:\/\/schema.org\",\"@graph\":[{\"@type\":\"Article\",\"@id\":\"https:\/\/www.notibras.com\/site\/sao-paulo-bate-bragantino-e-fica-mais-perto-da-vaga\/#article\",\"isPartOf\":{\"@id\":\"https:\/\/www.notibras.com\/site\/sao-paulo-bate-bragantino-e-fica-mais-perto-da-vaga\/\"},\"author\":{\"name\":\"Reda\u00e7\u00e3o\",\"@id\":\"https:\/\/www.notibras.com\/site\/#\/schema\/person\/36ab0979449956132d3e5b517ea76ac8\"},\"headline\":\"S\u00e3o Paulo bate Bragantino e fica mais perto da vaga\",\"datePublished\":\"2014-07-30T04:31:54+00:00\",\"dateModified\":\"2014-07-31T04:34:18+00:00\",\"mainEntityOfPage\":{\"@id\":\"https:\/\/www.notibras.com\/site\/sao-paulo-bate-bragantino-e-fica-mais-perto-da-vaga\/\"},\"wordCount\":457,\"commentCount\":0,\"publisher\":{\"@id\":\"https:\/\/www.notibras.com\/site\/#organization\"},\"image\":{\"@id\":\"https:\/\/www.notibras.com\/site\/sao-paulo-bate-bragantino-e-fica-mais-perto-da-vaga\/#primaryimage\"},\"thumbnailUrl\":\"https:\/\/www.notibras.com\/site\/wp-content\/uploads\/2014\/07\/esp22.jpg\",\"articleSection\":[\"Esportes\",\"Futebol\"],\"inLanguage\":\"pt-BR\",\"potentialAction\":[{\"@type\":\"CommentAction\",\"name\":\"Comment\",\"target\":[\"https:\/\/www.notibras.com\/site\/sao-paulo-bate-bragantino-e-fica-mais-perto-da-vaga\/#respond\"]}]},{\"@type\":\"WebPage\",\"@id\":\"https:\/\/www.notibras.com\/site\/sao-paulo-bate-bragantino-e-fica-mais-perto-da-vaga\/\",\"url\":\"https:\/\/www.notibras.com\/site\/sao-paulo-bate-bragantino-e-fica-mais-perto-da-vaga\/\",\"name\":\"S\u00e3o Paulo bate Bragantino e fica mais perto da vaga - Notibras\",\"isPartOf\":{\"@id\":\"https:\/\/www.notibras.com\/site\/#website\"},\"primaryImageOfPage\":{\"@id\":\"https:\/\/www.notibras.com\/site\/sao-paulo-bate-bragantino-e-fica-mais-perto-da-vaga\/#primaryimage\"},\"image\":{\"@id\":\"https:\/\/www.notibras.com\/site\/sao-paulo-bate-bragantino-e-fica-mais-perto-da-vaga\/#primaryimage\"},\"thumbnailUrl\":\"https:\/\/www.notibras.com\/site\/wp-content\/uploads\/2014\/07\/esp22.jpg\",\"datePublished\":\"2014-07-30T04:31:54+00:00\",\"dateModified\":\"2014-07-31T04:34:18+00:00\",\"breadcrumb\":{\"@id\":\"https:\/\/www.notibras.com\/site\/sao-paulo-bate-bragantino-e-fica-mais-perto-da-vaga\/#breadcrumb\"},\"inLanguage\":\"pt-BR\",\"potentialAction\":[{\"@type\":\"ReadAction\",\"target\":[\"https:\/\/www.notibras.com\/site\/sao-paulo-bate-bragantino-e-fica-mais-perto-da-vaga\/\"]}]},{\"@type\":\"ImageObject\",\"inLanguage\":\"pt-BR\",\"@id\":\"https:\/\/www.notibras.com\/site\/sao-paulo-bate-bragantino-e-fica-mais-perto-da-vaga\/#primaryimage\",\"url\":\"https:\/\/www.notibras.com\/site\/wp-content\/uploads\/2014\/07\/esp22.jpg\",\"contentUrl\":\"https:\/\/www.notibras.com\/site\/wp-content\/uploads\/2014\/07\/esp22.jpg\",\"width\":750,\"height\":500},{\"@type\":\"BreadcrumbList\",\"@id\":\"https:\/\/www.notibras.com\/site\/sao-paulo-bate-bragantino-e-fica-mais-perto-da-vaga\/#breadcrumb\",\"itemListElement\":[{\"@type\":\"ListItem\",\"position\":1,\"name\":\"In\u00edcio\",\"item\":\"https:\/\/www.notibras.com\/site\/\"},{\"@type\":\"ListItem\",\"position\":2,\"name\":\"S\u00e3o Paulo bate Bragantino e fica mais perto da vaga\"}]},{\"@type\":\"WebSite\",\"@id\":\"https:\/\/www.notibras.com\/site\/#website\",\"url\":\"https:\/\/www.notibras.com\/site\/\",\"name\":\"Notibras\",\"description\":\"Not\u00edcias de Bras\u00edlia, do Brasil e do Mundo\",\"publisher\":{\"@id\":\"https:\/\/www.notibras.com\/site\/#organization\"},\"potentialAction\":[{\"@type\":\"SearchAction\",\"target\":{\"@type\":\"EntryPoint\",\"urlTemplate\":\"https:\/\/www.notibras.com\/site\/?s={search_term_string}\"},\"query-input\":{\"@type\":\"PropertyValueSpecification\",\"valueRequired\":true,\"valueName\":\"search_term_string\"}}],\"inLanguage\":\"pt-BR\"},{\"@type\":\"Organization\",\"@id\":\"https:\/\/www.notibras.com\/site\/#organization\",\"name\":\"Grupo Notibras de Comunica\u00e7\u00e3o\",\"url\":\"https:\/\/www.notibras.com\/site\/\",\"logo\":{\"@type\":\"ImageObject\",\"inLanguage\":\"pt-BR\",\"@id\":\"https:\/\/www.notibras.com\/site\/#\/schema\/logo\/image\/\",\"url\":\"https:\/\/www.notibras.com\/site\/wp-content\/uploads\/2023\/01\/notibras23.png\",\"contentUrl\":\"https:\/\/www.notibras.com\/site\/wp-content\/uploads\/2023\/01\/notibras23.png\",\"width\":350,\"height\":87,\"caption\":\"Grupo Notibras de Comunica\u00e7\u00e3o\"},\"image\":{\"@id\":\"https:\/\/www.notibras.com\/site\/#\/schema\/logo\/image\/\"},\"sameAs\":[\"https:\/\/www.facebook.com\/notibras\/\",\"https:\/\/x.com\/Notibras\",\"https:\/\/www.instagram.com\/notibras\/\"]},{\"@type\":\"Person\",\"@id\":\"https:\/\/www.notibras.com\/site\/#\/schema\/person\/36ab0979449956132d3e5b517ea76ac8\",\"name\":\"Reda\u00e7\u00e3o\",\"image\":{\"@type\":\"ImageObject\",\"inLanguage\":\"pt-BR\",\"@id\":\"https:\/\/secure.gravatar.com\/avatar\/e0a867bdedb85fd243eadf09663511f96fc81e0720a4a42581f334ad4303aa6b?s=96&d=mm&r=g\",\"url\":\"https:\/\/secure.gravatar.com\/avatar\/e0a867bdedb85fd243eadf09663511f96fc81e0720a4a42581f334ad4303aa6b?s=96&d=mm&r=g\",\"contentUrl\":\"https:\/\/secure.gravatar.com\/avatar\/e0a867bdedb85fd243eadf09663511f96fc81e0720a4a42581f334ad4303aa6b?s=96&d=mm&r=g\",\"caption\":\"Reda\u00e7\u00e3o\"}}]}<\/script>\n<!-- \/ Yoast SEO plugin. -->","yoast_head_json":{"title":"S\u00e3o Paulo bate Bragantino e fica mais perto da vaga - Notibras","robots":{"index":"index","follow":"follow","max-snippet":"max-snippet:-1","max-image-preview":"max-image-preview:large","max-video-preview":"max-video-preview:-1"},"canonical":"https:\/\/www.notibras.com\/site\/sao-paulo-bate-bragantino-e-fica-mais-perto-da-vaga\/","og_locale":"pt_BR","og_type":"article","og_title":"S\u00e3o Paulo bate Bragantino e fica mais perto da vaga - Notibras","og_description":"Alexandre Pato n\u00e3o vive bom momento em sua carreira. Criticado pela falta de gols e por conta de sua postura em campo, tornou-se uma op\u00e7\u00e3o pouco privilegiada no S\u00e3o Paulo. Nesta quarta-feira, entretanto, o camisa 11 foi titular da equipe tricolor e fez um dos gols da vit\u00f3ria por 2 a 1 sobre o Bragantino, [&hellip;]","og_url":"https:\/\/www.notibras.com\/site\/sao-paulo-bate-bragantino-e-fica-mais-perto-da-vaga\/","og_site_name":"Notibras","article_publisher":"https:\/\/www.facebook.com\/notibras\/","article_published_time":"2014-07-30T04:31:54+00:00","article_modified_time":"2014-07-31T04:34:18+00:00","og_image":[{"width":750,"height":500,"url":"https:\/\/www.notibras.com\/site\/wp-content\/uploads\/2014\/07\/esp22.jpg","type":"image\/jpeg"}],"author":"Reda\u00e7\u00e3o","twitter_card":"summary_large_image","twitter_creator":"@Notibras","twitter_site":"@Notibras","twitter_misc":{"Escrito por":"Reda\u00e7\u00e3o","Est. tempo de leitura":"2 minutos"},"schema":{"@context":"https:\/\/schema.org","@graph":[{"@type":"Article","@id":"https:\/\/www.notibras.com\/site\/sao-paulo-bate-bragantino-e-fica-mais-perto-da-vaga\/#article","isPartOf":{"@id":"https:\/\/www.notibras.com\/site\/sao-paulo-bate-bragantino-e-fica-mais-perto-da-vaga\/"},"author":{"name":"Reda\u00e7\u00e3o","@id":"https:\/\/www.notibras.com\/site\/#\/schema\/person\/36ab0979449956132d3e5b517ea76ac8"},"headline":"S\u00e3o Paulo bate Bragantino e fica mais perto da vaga","datePublished":"2014-07-30T04:31:54+00:00","dateModified":"2014-07-31T04:34:18+00:00","mainEntityOfPage":{"@id":"https:\/\/www.notibras.com\/site\/sao-paulo-bate-bragantino-e-fica-mais-perto-da-vaga\/"},"wordCount":457,"commentCount":0,"publisher":{"@id":"https:\/\/www.notibras.com\/site\/#organization"},"image":{"@id":"https:\/\/www.notibras.com\/site\/sao-paulo-bate-bragantino-e-fica-mais-perto-da-vaga\/#primaryimage"},"thumbnailUrl":"https:\/\/www.notibras.com\/site\/wp-content\/uploads\/2014\/07\/esp22.jpg","articleSection":["Esportes","Futebol"],"inLanguage":"pt-BR","potentialAction":[{"@type":"CommentAction","name":"Comment","target":["https:\/\/www.notibras.com\/site\/sao-paulo-bate-bragantino-e-fica-mais-perto-da-vaga\/#respond"]}]},{"@type":"WebPage","@id":"https:\/\/www.notibras.com\/site\/sao-paulo-bate-bragantino-e-fica-mais-perto-da-vaga\/","url":"https:\/\/www.notibras.com\/site\/sao-paulo-bate-bragantino-e-fica-mais-perto-da-vaga\/","name":"S\u00e3o Paulo bate Bragantino e fica mais perto da vaga - Notibras","isPartOf":{"@id":"https:\/\/www.notibras.com\/site\/#website"},"primaryImageOfPage":{"@id":"https:\/\/www.notibras.com\/site\/sao-paulo-bate-bragantino-e-fica-mais-perto-da-vaga\/#primaryimage"},"image":{"@id":"https:\/\/www.notibras.com\/site\/sao-paulo-bate-bragantino-e-fica-mais-perto-da-vaga\/#primaryimage"},"thumbnailUrl":"https:\/\/www.notibras.com\/site\/wp-content\/uploads\/2014\/07\/esp22.jpg","datePublished":"2014-07-30T04:31:54+00:00","dateModified":"2014-07-31T04:34:18+00:00","breadcrumb":{"@id":"https:\/\/www.notibras.com\/site\/sao-paulo-bate-bragantino-e-fica-mais-perto-da-vaga\/#breadcrumb"},"inLanguage":"pt-BR","potentialAction":[{"@type":"ReadAction","target":["https:\/\/www.notibras.com\/site\/sao-paulo-bate-bragantino-e-fica-mais-perto-da-vaga\/"]}]},{"@type":"ImageObject","inLanguage":"pt-BR","@id":"https:\/\/www.notibras.com\/site\/sao-paulo-bate-bragantino-e-fica-mais-perto-da-vaga\/#primaryimage","url":"https:\/\/www.notibras.com\/site\/wp-content\/uploads\/2014\/07\/esp22.jpg","contentUrl":"https:\/\/www.notibras.com\/site\/wp-content\/uploads\/2014\/07\/esp22.jpg","width":750,"height":500},{"@type":"BreadcrumbList","@id":"https:\/\/www.notibras.com\/site\/sao-paulo-bate-bragantino-e-fica-mais-perto-da-vaga\/#breadcrumb","itemListElement":[{"@type":"ListItem","position":1,"name":"In\u00edcio","item":"https:\/\/www.notibras.com\/site\/"},{"@type":"ListItem","position":2,"name":"S\u00e3o Paulo bate Bragantino e fica mais perto da vaga"}]},{"@type":"WebSite","@id":"https:\/\/www.notibras.com\/site\/#website","url":"https:\/\/www.notibras.com\/site\/","name":"Notibras","description":"Not\u00edcias de Bras\u00edlia, do Brasil e do Mundo","publisher":{"@id":"https:\/\/www.notibras.com\/site\/#organization"},"potentialAction":[{"@type":"SearchAction","target":{"@type":"EntryPoint","urlTemplate":"https:\/\/www.notibras.com\/site\/?s={search_term_string}"},"query-input":{"@type":"PropertyValueSpecification","valueRequired":true,"valueName":"search_term_string"}}],"inLanguage":"pt-BR"},{"@type":"Organization","@id":"https:\/\/www.notibras.com\/site\/#organization","name":"Grupo Notibras de Comunica\u00e7\u00e3o","url":"https:\/\/www.notibras.com\/site\/","logo":{"@type":"ImageObject","inLanguage":"pt-BR","@id":"https:\/\/www.notibras.com\/site\/#\/schema\/logo\/image\/","url":"https:\/\/www.notibras.com\/site\/wp-content\/uploads\/2023\/01\/notibras23.png","contentUrl":"https:\/\/www.notibras.com\/site\/wp-content\/uploads\/2023\/01\/notibras23.png","width":350,"height":87,"caption":"Grupo Notibras de Comunica\u00e7\u00e3o"},"image":{"@id":"https:\/\/www.notibras.com\/site\/#\/schema\/logo\/image\/"},"sameAs":["https:\/\/www.facebook.com\/notibras\/","https:\/\/x.com\/Notibras","https:\/\/www.instagram.com\/notibras\/"]},{"@type":"Person","@id":"https:\/\/www.notibras.com\/site\/#\/schema\/person\/36ab0979449956132d3e5b517ea76ac8","name":"Reda\u00e7\u00e3o","image":{"@type":"ImageObject","inLanguage":"pt-BR","@id":"https:\/\/secure.gravatar.com\/avatar\/e0a867bdedb85fd243eadf09663511f96fc81e0720a4a42581f334ad4303aa6b?s=96&d=mm&r=g","url":"https:\/\/secure.gravatar.com\/avatar\/e0a867bdedb85fd243eadf09663511f96fc81e0720a4a42581f334ad4303aa6b?s=96&d=mm&r=g","contentUrl":"https:\/\/secure.gravatar.com\/avatar\/e0a867bdedb85fd243eadf09663511f96fc81e0720a4a42581f334ad4303aa6b?s=96&d=mm&r=g","caption":"Reda\u00e7\u00e3o"}}]}},"amp_enabled":true,"_links":{"self":[{"href":"https:\/\/www.notibras.com\/site\/wp-json\/wp\/v2\/posts\/17987","targetHints":{"allow":["GET"]}}],"collection":[{"href":"https:\/\/www.notibras.com\/site\/wp-json\/wp\/v2\/posts"}],"about":[{"href":"https:\/\/www.notibras.com\/site\/wp-json\/wp\/v2\/types\/post"}],"author":[{"embeddable":true,"href":"https:\/\/www.notibras.com\/site\/wp-json\/wp\/v2\/users\/2"}],"replies":[{"embeddable":true,"href":"https:\/\/www.notibras.com\/site\/wp-json\/wp\/v2\/comments?post=17987"}],"version-history":[{"count":0,"href":"https:\/\/www.notibras.com\/site\/wp-json\/wp\/v2\/posts\/17987\/revisions"}],"wp:featuredmedia":[{"embeddable":true,"href":"https:\/\/www.notibras.com\/site\/wp-json\/wp\/v2\/media\/17988"}],"wp:attachment":[{"href":"https:\/\/www.notibras.com\/site\/wp-json\/wp\/v2\/media?parent=17987"}],"wp:term":[{"taxonomy":"category","embeddable":true,"href":"https:\/\/www.notibras.com\/site\/wp-json\/wp\/v2\/categories?post=17987"},{"taxonomy":"post_tag","embeddable":true,"href":"https:\/\/www.notibras.com\/site\/wp-json\/wp\/v2\/tags?post=17987"}],"curies":[{"name":"wp","href":"https:\/\/api.w.org\/{rel}","templated":true}]}}