{"id":17990,"date":"2014-07-30T01:35:56","date_gmt":"2014-07-30T04:35:56","guid":{"rendered":"http:\/\/www.notibras.com\/site\/?p=17990"},"modified":"2014-07-31T01:38:30","modified_gmt":"2014-07-31T04:38:30","slug":"vasco-derruba-ponte-de-novo-e-avanca-firme-na-copa-do-brasil","status":"publish","type":"post","link":"https:\/\/www.notibras.com\/site\/vasco-derruba-ponte-de-novo-e-avanca-firme-na-copa-do-brasil\/","title":{"rendered":"Vasco derruba Ponte de novo e avan\u00e7a firme na Copa do Brasil"},"content":{"rendered":"<p>Depois de encaminhar a vaga nas oitavas de final da Copa do Brasil na \u00faltima semana, o Vasco confirmou nesta quarta-feira a classifica\u00e7\u00e3o \u00e0 pr\u00f3xima fase da competi\u00e7\u00e3o nacional ao vencer a Ponte Preta por 2 a 1 em S\u00e3o Janu\u00e1rio, na partida de volta da terceira fase do torneio. Douglas e Rafael Costa (contra), fizeram os gols dos anfitri\u00f5es, enquanto Cafu descontou para o time paulista.<\/p>\n<p class=\"text\">O resultado desta quarta-feira deu a vit\u00f3ria no placar agregado para o Vasco por 4 a 1. Nas oitavas de final, o clube treinado por Adilson Batista ter\u00e1 pela frente ou Internacional ou Cear\u00e1, que realizaram apenas a partida\u00a0de ida da terceira fase at\u00e9 este\u00a0momento. O confronto entre vasca\u00ednos e o time que avan\u00e7ar do outro lado da chave ainda n\u00e3o tem a data de realiza\u00e7\u00e3o definida.<\/p>\n<blockquote>\n<p class=\"text\">No confronto desta quarta-feira, o time mandante n\u00e3o se esfor\u00e7ou para partir para cima do advers\u00e1rio paulista e foi recompensado pela cautela, enquanto os visitantes mostraram afoba\u00e7\u00e3o ao atacar e sofreram pelo excesso de vontade mostrado no in\u00edcio do jogo.<\/p>\n<\/blockquote>\n<p class=\"text\">Aos 18min, o\u00a0zagueiro Luan aplicou um carrinho imprudente ao dar\u00a0uma voadora na dire\u00e7\u00e3o de Dakson, que foi para dividida, n\u00e3o foi atingido, mas a viol\u00eancia da entrada motivou o \u00e1rbitro Francisco Carlos do Nascimento a assinalar o p\u00eanalti e punir o zagueiro pontepretano com o cart\u00e3o amarelo. Na cobran\u00e7a, Douglas mandou no canto esquerdo de Roberto, que caiu para a direita, sem chances de defesa.<\/p>\n<p class=\"text\">A Ponte Preta conseguiu empatar aos 38min, quando Cafu pressionou Rodrigo na sa\u00edda de bola, conseguiu o desarme e partiu para a \u00e1rea. Martin Silva saiu para fechar o \u00e2ngulo, mas acabou encoberto pelo atacante da equipe visitante, que marcou um gola\u00e7o.<\/p>\n<p class=\"text\">O Vasco precisou de dois minutos para recuperar a vantagem no marcador, quando Douglas cobrou escanteio e Rafael Costa desviou para as redes do seu time, marcando um gol contra. Com a vantagem confort\u00e1vel no placar, o clube carioca foi para os vesti\u00e1rios tranquilo e retornou deles com o intuito de administrar o placar favor\u00e1vel.<\/p>\n<p class=\"text\">Na etapa complementar, os comandados de Adilson Batista ficaram mais perto do terceiro do que o time visitante ficou do empate. Aos 19min, Rodrigo cobrou falta perigosa e exigiu defesa de Roberto. No rebote, Fabr\u00edcio aproveitou cruzamento da esquerda de Lucas Crispim e cabeceou no travess\u00e3o da Ponte Preta.<\/p>\n<p class=\"text\">Agora, tanto Vasco quanto Ponte Preta retornam a campo no pr\u00f3ximo s\u00e1bado, \u00e0s 16h20. Os cariocas recebem o Paran\u00e1 em S\u00e3o Janu\u00e1rio, enquanto os paulistas viajam a S\u00e3o Lu\u00eds para enfrentar o Sampaio Corr\u00eaa no Castel\u00e3o.<\/p>\n","protected":false},"excerpt":{"rendered":"<p>Depois de encaminhar a vaga nas oitavas de final da Copa do Brasil na \u00faltima semana, o Vasco confirmou nesta quarta-feira a classifica\u00e7\u00e3o \u00e0 pr\u00f3xima fase da competi\u00e7\u00e3o nacional ao vencer a Ponte Preta por 2 a 1 em S\u00e3o Janu\u00e1rio, na partida de volta da terceira fase do torneio. Douglas e Rafael Costa (contra), [&hellip;]<\/p>\n","protected":false},"author":2,"featured_media":17991,"comment_status":"open","ping_status":"closed","sticky":false,"template":"","format":"standard","meta":{"_acf_changed":false,"footnotes":""},"categories":[19,29],"tags":[],"class_list":["post-17990","post","type-post","status-publish","format-standard","has-post-thumbnail","hentry","category-esportes","category-futebol"],"acf":[],"yoast_head":"<!-- This site is optimized with the Yoast SEO plugin v27.2 - https:\/\/yoast.com\/product\/yoast-seo-wordpress\/ -->\n<title>Vasco derruba Ponte de novo e avan\u00e7a firme na Copa do Brasil - Notibras<\/title>\n<meta name=\"robots\" content=\"index, follow, max-snippet:-1, max-image-preview:large, max-video-preview:-1\" \/>\n<link rel=\"canonical\" href=\"https:\/\/www.notibras.com\/site\/vasco-derruba-ponte-de-novo-e-avanca-firme-na-copa-do-brasil\/\" \/>\n<meta property=\"og:locale\" content=\"pt_BR\" \/>\n<meta property=\"og:type\" content=\"article\" \/>\n<meta property=\"og:title\" content=\"Vasco derruba Ponte de novo e avan\u00e7a firme na Copa do Brasil - Notibras\" \/>\n<meta property=\"og:description\" content=\"Depois de encaminhar a vaga nas oitavas de final da Copa do Brasil na \u00faltima semana, o Vasco confirmou nesta quarta-feira a classifica\u00e7\u00e3o \u00e0 pr\u00f3xima fase da competi\u00e7\u00e3o nacional ao vencer a Ponte Preta por 2 a 1 em S\u00e3o Janu\u00e1rio, na partida de volta da terceira fase do torneio. Douglas e Rafael Costa (contra), [&hellip;]\" \/>\n<meta property=\"og:url\" content=\"https:\/\/www.notibras.com\/site\/vasco-derruba-ponte-de-novo-e-avanca-firme-na-copa-do-brasil\/\" \/>\n<meta property=\"og:site_name\" content=\"Notibras\" \/>\n<meta property=\"article:publisher\" content=\"https:\/\/www.facebook.com\/notibras\/\" \/>\n<meta property=\"article:published_time\" content=\"2014-07-30T04:35:56+00:00\" \/>\n<meta property=\"article:modified_time\" content=\"2014-07-31T04:38:30+00:00\" \/>\n<meta property=\"og:image\" content=\"https:\/\/www.notibras.com\/site\/wp-content\/uploads\/2014\/07\/esp14.jpg\" \/>\n\t<meta property=\"og:image:width\" content=\"750\" \/>\n\t<meta property=\"og:image:height\" content=\"500\" \/>\n\t<meta property=\"og:image:type\" content=\"image\/jpeg\" \/>\n<meta name=\"author\" content=\"Reda\u00e7\u00e3o\" \/>\n<meta name=\"twitter:card\" content=\"summary_large_image\" \/>\n<meta name=\"twitter:creator\" content=\"@Notibras\" \/>\n<meta name=\"twitter:site\" content=\"@Notibras\" \/>\n<meta name=\"twitter:label1\" content=\"Escrito por\" \/>\n\t<meta name=\"twitter:data1\" content=\"Reda\u00e7\u00e3o\" \/>\n\t<meta name=\"twitter:label2\" content=\"Est. tempo de leitura\" \/>\n\t<meta name=\"twitter:data2\" content=\"2 minutos\" \/>\n<script type=\"application\/ld+json\" class=\"yoast-schema-graph\">{\"@context\":\"https:\/\/schema.org\",\"@graph\":[{\"@type\":\"Article\",\"@id\":\"https:\/\/www.notibras.com\/site\/vasco-derruba-ponte-de-novo-e-avanca-firme-na-copa-do-brasil\/#article\",\"isPartOf\":{\"@id\":\"https:\/\/www.notibras.com\/site\/vasco-derruba-ponte-de-novo-e-avanca-firme-na-copa-do-brasil\/\"},\"author\":{\"name\":\"Reda\u00e7\u00e3o\",\"@id\":\"https:\/\/www.notibras.com\/site\/#\/schema\/person\/36ab0979449956132d3e5b517ea76ac8\"},\"headline\":\"Vasco derruba Ponte de novo e avan\u00e7a firme na Copa do Brasil\",\"datePublished\":\"2014-07-30T04:35:56+00:00\",\"dateModified\":\"2014-07-31T04:38:30+00:00\",\"mainEntityOfPage\":{\"@id\":\"https:\/\/www.notibras.com\/site\/vasco-derruba-ponte-de-novo-e-avanca-firme-na-copa-do-brasil\/\"},\"wordCount\":470,\"commentCount\":0,\"publisher\":{\"@id\":\"https:\/\/www.notibras.com\/site\/#organization\"},\"image\":{\"@id\":\"https:\/\/www.notibras.com\/site\/vasco-derruba-ponte-de-novo-e-avanca-firme-na-copa-do-brasil\/#primaryimage\"},\"thumbnailUrl\":\"https:\/\/www.notibras.com\/site\/wp-content\/uploads\/2014\/07\/esp14.jpg\",\"articleSection\":[\"Esportes\",\"Futebol\"],\"inLanguage\":\"pt-BR\",\"potentialAction\":[{\"@type\":\"CommentAction\",\"name\":\"Comment\",\"target\":[\"https:\/\/www.notibras.com\/site\/vasco-derruba-ponte-de-novo-e-avanca-firme-na-copa-do-brasil\/#respond\"]}]},{\"@type\":\"WebPage\",\"@id\":\"https:\/\/www.notibras.com\/site\/vasco-derruba-ponte-de-novo-e-avanca-firme-na-copa-do-brasil\/\",\"url\":\"https:\/\/www.notibras.com\/site\/vasco-derruba-ponte-de-novo-e-avanca-firme-na-copa-do-brasil\/\",\"name\":\"Vasco derruba Ponte de novo e avan\u00e7a firme na Copa do Brasil - Notibras\",\"isPartOf\":{\"@id\":\"https:\/\/www.notibras.com\/site\/#website\"},\"primaryImageOfPage\":{\"@id\":\"https:\/\/www.notibras.com\/site\/vasco-derruba-ponte-de-novo-e-avanca-firme-na-copa-do-brasil\/#primaryimage\"},\"image\":{\"@id\":\"https:\/\/www.notibras.com\/site\/vasco-derruba-ponte-de-novo-e-avanca-firme-na-copa-do-brasil\/#primaryimage\"},\"thumbnailUrl\":\"https:\/\/www.notibras.com\/site\/wp-content\/uploads\/2014\/07\/esp14.jpg\",\"datePublished\":\"2014-07-30T04:35:56+00:00\",\"dateModified\":\"2014-07-31T04:38:30+00:00\",\"breadcrumb\":{\"@id\":\"https:\/\/www.notibras.com\/site\/vasco-derruba-ponte-de-novo-e-avanca-firme-na-copa-do-brasil\/#breadcrumb\"},\"inLanguage\":\"pt-BR\",\"potentialAction\":[{\"@type\":\"ReadAction\",\"target\":[\"https:\/\/www.notibras.com\/site\/vasco-derruba-ponte-de-novo-e-avanca-firme-na-copa-do-brasil\/\"]}]},{\"@type\":\"ImageObject\",\"inLanguage\":\"pt-BR\",\"@id\":\"https:\/\/www.notibras.com\/site\/vasco-derruba-ponte-de-novo-e-avanca-firme-na-copa-do-brasil\/#primaryimage\",\"url\":\"https:\/\/www.notibras.com\/site\/wp-content\/uploads\/2014\/07\/esp14.jpg\",\"contentUrl\":\"https:\/\/www.notibras.com\/site\/wp-content\/uploads\/2014\/07\/esp14.jpg\",\"width\":750,\"height\":500},{\"@type\":\"BreadcrumbList\",\"@id\":\"https:\/\/www.notibras.com\/site\/vasco-derruba-ponte-de-novo-e-avanca-firme-na-copa-do-brasil\/#breadcrumb\",\"itemListElement\":[{\"@type\":\"ListItem\",\"position\":1,\"name\":\"In\u00edcio\",\"item\":\"https:\/\/www.notibras.com\/site\/\"},{\"@type\":\"ListItem\",\"position\":2,\"name\":\"Vasco derruba Ponte de novo e avan\u00e7a firme na Copa do Brasil\"}]},{\"@type\":\"WebSite\",\"@id\":\"https:\/\/www.notibras.com\/site\/#website\",\"url\":\"https:\/\/www.notibras.com\/site\/\",\"name\":\"Notibras\",\"description\":\"Not\u00edcias de Bras\u00edlia, do Brasil e do Mundo\",\"publisher\":{\"@id\":\"https:\/\/www.notibras.com\/site\/#organization\"},\"potentialAction\":[{\"@type\":\"SearchAction\",\"target\":{\"@type\":\"EntryPoint\",\"urlTemplate\":\"https:\/\/www.notibras.com\/site\/?s={search_term_string}\"},\"query-input\":{\"@type\":\"PropertyValueSpecification\",\"valueRequired\":true,\"valueName\":\"search_term_string\"}}],\"inLanguage\":\"pt-BR\"},{\"@type\":\"Organization\",\"@id\":\"https:\/\/www.notibras.com\/site\/#organization\",\"name\":\"Grupo Notibras de Comunica\u00e7\u00e3o\",\"url\":\"https:\/\/www.notibras.com\/site\/\",\"logo\":{\"@type\":\"ImageObject\",\"inLanguage\":\"pt-BR\",\"@id\":\"https:\/\/www.notibras.com\/site\/#\/schema\/logo\/image\/\",\"url\":\"https:\/\/www.notibras.com\/site\/wp-content\/uploads\/2023\/01\/notibras23.png\",\"contentUrl\":\"https:\/\/www.notibras.com\/site\/wp-content\/uploads\/2023\/01\/notibras23.png\",\"width\":350,\"height\":87,\"caption\":\"Grupo Notibras de Comunica\u00e7\u00e3o\"},\"image\":{\"@id\":\"https:\/\/www.notibras.com\/site\/#\/schema\/logo\/image\/\"},\"sameAs\":[\"https:\/\/www.facebook.com\/notibras\/\",\"https:\/\/x.com\/Notibras\",\"https:\/\/www.instagram.com\/notibras\/\"]},{\"@type\":\"Person\",\"@id\":\"https:\/\/www.notibras.com\/site\/#\/schema\/person\/36ab0979449956132d3e5b517ea76ac8\",\"name\":\"Reda\u00e7\u00e3o\",\"image\":{\"@type\":\"ImageObject\",\"inLanguage\":\"pt-BR\",\"@id\":\"https:\/\/secure.gravatar.com\/avatar\/e0a867bdedb85fd243eadf09663511f96fc81e0720a4a42581f334ad4303aa6b?s=96&d=mm&r=g\",\"url\":\"https:\/\/secure.gravatar.com\/avatar\/e0a867bdedb85fd243eadf09663511f96fc81e0720a4a42581f334ad4303aa6b?s=96&d=mm&r=g\",\"contentUrl\":\"https:\/\/secure.gravatar.com\/avatar\/e0a867bdedb85fd243eadf09663511f96fc81e0720a4a42581f334ad4303aa6b?s=96&d=mm&r=g\",\"caption\":\"Reda\u00e7\u00e3o\"}}]}<\/script>\n<!-- \/ Yoast SEO plugin. -->","yoast_head_json":{"title":"Vasco derruba Ponte de novo e avan\u00e7a firme na Copa do Brasil - Notibras","robots":{"index":"index","follow":"follow","max-snippet":"max-snippet:-1","max-image-preview":"max-image-preview:large","max-video-preview":"max-video-preview:-1"},"canonical":"https:\/\/www.notibras.com\/site\/vasco-derruba-ponte-de-novo-e-avanca-firme-na-copa-do-brasil\/","og_locale":"pt_BR","og_type":"article","og_title":"Vasco derruba Ponte de novo e avan\u00e7a firme na Copa do Brasil - Notibras","og_description":"Depois de encaminhar a vaga nas oitavas de final da Copa do Brasil na \u00faltima semana, o Vasco confirmou nesta quarta-feira a classifica\u00e7\u00e3o \u00e0 pr\u00f3xima fase da competi\u00e7\u00e3o nacional ao vencer a Ponte Preta por 2 a 1 em S\u00e3o Janu\u00e1rio, na partida de volta da terceira fase do torneio. Douglas e Rafael Costa (contra), [&hellip;]","og_url":"https:\/\/www.notibras.com\/site\/vasco-derruba-ponte-de-novo-e-avanca-firme-na-copa-do-brasil\/","og_site_name":"Notibras","article_publisher":"https:\/\/www.facebook.com\/notibras\/","article_published_time":"2014-07-30T04:35:56+00:00","article_modified_time":"2014-07-31T04:38:30+00:00","og_image":[{"width":750,"height":500,"url":"https:\/\/www.notibras.com\/site\/wp-content\/uploads\/2014\/07\/esp14.jpg","type":"image\/jpeg"}],"author":"Reda\u00e7\u00e3o","twitter_card":"summary_large_image","twitter_creator":"@Notibras","twitter_site":"@Notibras","twitter_misc":{"Escrito por":"Reda\u00e7\u00e3o","Est. tempo de leitura":"2 minutos"},"schema":{"@context":"https:\/\/schema.org","@graph":[{"@type":"Article","@id":"https:\/\/www.notibras.com\/site\/vasco-derruba-ponte-de-novo-e-avanca-firme-na-copa-do-brasil\/#article","isPartOf":{"@id":"https:\/\/www.notibras.com\/site\/vasco-derruba-ponte-de-novo-e-avanca-firme-na-copa-do-brasil\/"},"author":{"name":"Reda\u00e7\u00e3o","@id":"https:\/\/www.notibras.com\/site\/#\/schema\/person\/36ab0979449956132d3e5b517ea76ac8"},"headline":"Vasco derruba Ponte de novo e avan\u00e7a firme na Copa do Brasil","datePublished":"2014-07-30T04:35:56+00:00","dateModified":"2014-07-31T04:38:30+00:00","mainEntityOfPage":{"@id":"https:\/\/www.notibras.com\/site\/vasco-derruba-ponte-de-novo-e-avanca-firme-na-copa-do-brasil\/"},"wordCount":470,"commentCount":0,"publisher":{"@id":"https:\/\/www.notibras.com\/site\/#organization"},"image":{"@id":"https:\/\/www.notibras.com\/site\/vasco-derruba-ponte-de-novo-e-avanca-firme-na-copa-do-brasil\/#primaryimage"},"thumbnailUrl":"https:\/\/www.notibras.com\/site\/wp-content\/uploads\/2014\/07\/esp14.jpg","articleSection":["Esportes","Futebol"],"inLanguage":"pt-BR","potentialAction":[{"@type":"CommentAction","name":"Comment","target":["https:\/\/www.notibras.com\/site\/vasco-derruba-ponte-de-novo-e-avanca-firme-na-copa-do-brasil\/#respond"]}]},{"@type":"WebPage","@id":"https:\/\/www.notibras.com\/site\/vasco-derruba-ponte-de-novo-e-avanca-firme-na-copa-do-brasil\/","url":"https:\/\/www.notibras.com\/site\/vasco-derruba-ponte-de-novo-e-avanca-firme-na-copa-do-brasil\/","name":"Vasco derruba Ponte de novo e avan\u00e7a firme na Copa do Brasil - Notibras","isPartOf":{"@id":"https:\/\/www.notibras.com\/site\/#website"},"primaryImageOfPage":{"@id":"https:\/\/www.notibras.com\/site\/vasco-derruba-ponte-de-novo-e-avanca-firme-na-copa-do-brasil\/#primaryimage"},"image":{"@id":"https:\/\/www.notibras.com\/site\/vasco-derruba-ponte-de-novo-e-avanca-firme-na-copa-do-brasil\/#primaryimage"},"thumbnailUrl":"https:\/\/www.notibras.com\/site\/wp-content\/uploads\/2014\/07\/esp14.jpg","datePublished":"2014-07-30T04:35:56+00:00","dateModified":"2014-07-31T04:38:30+00:00","breadcrumb":{"@id":"https:\/\/www.notibras.com\/site\/vasco-derruba-ponte-de-novo-e-avanca-firme-na-copa-do-brasil\/#breadcrumb"},"inLanguage":"pt-BR","potentialAction":[{"@type":"ReadAction","target":["https:\/\/www.notibras.com\/site\/vasco-derruba-ponte-de-novo-e-avanca-firme-na-copa-do-brasil\/"]}]},{"@type":"ImageObject","inLanguage":"pt-BR","@id":"https:\/\/www.notibras.com\/site\/vasco-derruba-ponte-de-novo-e-avanca-firme-na-copa-do-brasil\/#primaryimage","url":"https:\/\/www.notibras.com\/site\/wp-content\/uploads\/2014\/07\/esp14.jpg","contentUrl":"https:\/\/www.notibras.com\/site\/wp-content\/uploads\/2014\/07\/esp14.jpg","width":750,"height":500},{"@type":"BreadcrumbList","@id":"https:\/\/www.notibras.com\/site\/vasco-derruba-ponte-de-novo-e-avanca-firme-na-copa-do-brasil\/#breadcrumb","itemListElement":[{"@type":"ListItem","position":1,"name":"In\u00edcio","item":"https:\/\/www.notibras.com\/site\/"},{"@type":"ListItem","position":2,"name":"Vasco derruba Ponte de novo e avan\u00e7a firme na Copa do Brasil"}]},{"@type":"WebSite","@id":"https:\/\/www.notibras.com\/site\/#website","url":"https:\/\/www.notibras.com\/site\/","name":"Notibras","description":"Not\u00edcias de Bras\u00edlia, do Brasil e do Mundo","publisher":{"@id":"https:\/\/www.notibras.com\/site\/#organization"},"potentialAction":[{"@type":"SearchAction","target":{"@type":"EntryPoint","urlTemplate":"https:\/\/www.notibras.com\/site\/?s={search_term_string}"},"query-input":{"@type":"PropertyValueSpecification","valueRequired":true,"valueName":"search_term_string"}}],"inLanguage":"pt-BR"},{"@type":"Organization","@id":"https:\/\/www.notibras.com\/site\/#organization","name":"Grupo Notibras de Comunica\u00e7\u00e3o","url":"https:\/\/www.notibras.com\/site\/","logo":{"@type":"ImageObject","inLanguage":"pt-BR","@id":"https:\/\/www.notibras.com\/site\/#\/schema\/logo\/image\/","url":"https:\/\/www.notibras.com\/site\/wp-content\/uploads\/2023\/01\/notibras23.png","contentUrl":"https:\/\/www.notibras.com\/site\/wp-content\/uploads\/2023\/01\/notibras23.png","width":350,"height":87,"caption":"Grupo Notibras de Comunica\u00e7\u00e3o"},"image":{"@id":"https:\/\/www.notibras.com\/site\/#\/schema\/logo\/image\/"},"sameAs":["https:\/\/www.facebook.com\/notibras\/","https:\/\/x.com\/Notibras","https:\/\/www.instagram.com\/notibras\/"]},{"@type":"Person","@id":"https:\/\/www.notibras.com\/site\/#\/schema\/person\/36ab0979449956132d3e5b517ea76ac8","name":"Reda\u00e7\u00e3o","image":{"@type":"ImageObject","inLanguage":"pt-BR","@id":"https:\/\/secure.gravatar.com\/avatar\/e0a867bdedb85fd243eadf09663511f96fc81e0720a4a42581f334ad4303aa6b?s=96&d=mm&r=g","url":"https:\/\/secure.gravatar.com\/avatar\/e0a867bdedb85fd243eadf09663511f96fc81e0720a4a42581f334ad4303aa6b?s=96&d=mm&r=g","contentUrl":"https:\/\/secure.gravatar.com\/avatar\/e0a867bdedb85fd243eadf09663511f96fc81e0720a4a42581f334ad4303aa6b?s=96&d=mm&r=g","caption":"Reda\u00e7\u00e3o"}}]}},"amp_enabled":true,"_links":{"self":[{"href":"https:\/\/www.notibras.com\/site\/wp-json\/wp\/v2\/posts\/17990","targetHints":{"allow":["GET"]}}],"collection":[{"href":"https:\/\/www.notibras.com\/site\/wp-json\/wp\/v2\/posts"}],"about":[{"href":"https:\/\/www.notibras.com\/site\/wp-json\/wp\/v2\/types\/post"}],"author":[{"embeddable":true,"href":"https:\/\/www.notibras.com\/site\/wp-json\/wp\/v2\/users\/2"}],"replies":[{"embeddable":true,"href":"https:\/\/www.notibras.com\/site\/wp-json\/wp\/v2\/comments?post=17990"}],"version-history":[{"count":0,"href":"https:\/\/www.notibras.com\/site\/wp-json\/wp\/v2\/posts\/17990\/revisions"}],"wp:featuredmedia":[{"embeddable":true,"href":"https:\/\/www.notibras.com\/site\/wp-json\/wp\/v2\/media\/17991"}],"wp:attachment":[{"href":"https:\/\/www.notibras.com\/site\/wp-json\/wp\/v2\/media?parent=17990"}],"wp:term":[{"taxonomy":"category","embeddable":true,"href":"https:\/\/www.notibras.com\/site\/wp-json\/wp\/v2\/categories?post=17990"},{"taxonomy":"post_tag","embeddable":true,"href":"https:\/\/www.notibras.com\/site\/wp-json\/wp\/v2\/tags?post=17990"}],"curies":[{"name":"wp","href":"https:\/\/api.w.org\/{rel}","templated":true}]}}