{"id":17993,"date":"2014-07-31T02:34:03","date_gmt":"2014-07-31T05:34:03","guid":{"rendered":"http:\/\/www.notibras.com\/site\/?p=17993"},"modified":"2014-07-31T14:24:33","modified_gmt":"2014-07-31T17:24:33","slug":"policia-quer-fim-da-desmilitarizacao-e-defende-novo-codigo-disciplinar","status":"publish","type":"post","link":"https:\/\/www.notibras.com\/site\/policia-quer-fim-da-desmilitarizacao-e-defende-novo-codigo-disciplinar\/","title":{"rendered":"Pol\u00edcia quer fim da desmilitariza\u00e7\u00e3o e defende um novo c\u00f3digo disciplinar"},"content":{"rendered":"<p>Uma pesquisa divulgada pelo F\u00f3rum Brasileiro de Seguran\u00e7a P\u00fablica, aponta que 73,7% dos policiais brasileiros s\u00e3o a favor da desvincula\u00e7\u00e3o do Ex\u00e9rcito. Entre os policiais militares, 76,1% responderam ser favor\u00e1veis \u00e0 desmilitariza\u00e7\u00e3o e 93,6% acreditam que \u00e9 preciso modernizar os regimentos e c\u00f3digos disciplinares.<\/p>\n<p>Quando questionados sobre a regulamenta\u00e7\u00e3o do direito \u00e0 sindicaliza\u00e7\u00e3o e de greve, 86,7% dos entrevistados se dizem favor\u00e1veis. Para 87,3%, o foco de trabalho da Pol\u00edcia Militar (PM) deveria ser reorientado para prote\u00e7\u00e3o dos direitos da cidadania.<\/p>\n<p>Os dados indicam ainda que 66,2% dos cerca de 21 mil entrevistados acreditam que as carreiras policiais n\u00e3o s\u00e3o adequadas da maneira como est\u00e3o organizadas; 80,9% acreditam que as pol\u00edcias deveriam ser organizadas em carreira \u00fanica, com ingresso por meio de concurso p\u00fablico, 58,3% acreditam que a hierarquia nas pol\u00edcias provoca desrespeito e injusti\u00e7as profissionais e 86,2% afirmam que a gest\u00e3o deve ser mais eficiente.<\/p>\n<blockquote><p>De acordo com a pesquisa, 65,9% disseram ter sofrido discrimina\u00e7\u00e3o por serem policiais e 59,6% afirmaram j\u00e1 ter sido humilhados ou desrespeitados por superiores. Outro dado mostra que 43,2% acham que policial que mata um criminoso deve ser premiado e inocentado pela Justi\u00e7a e 83,7% afirmaram que um policial que mata suspeito deve ser investigado e julgado.<\/p><\/blockquote>\n<p>Entre as dificuldades no trabalho, 99% apontam os baixos sal\u00e1rios, 98,2% o treinamento e forma\u00e7\u00e3o deficientes, 97,3% o contingente policial insuficiente e a falta de verbas para equipamentos e armas. Foram citadas ainda as leis penais inadequadas (94,9%) e a corrup\u00e7\u00e3o nas pol\u00edcias (93,6%).<\/p>\n<p>O coordenador do F\u00f3rum Brasileiro de Seguran\u00e7a P\u00fablica, Renato S\u00e9rgio de Lima, explicou que muitas vezes se confunde a PM com pol\u00edcia militarizada. \u201cOs policiais disseram que isso \u00e9 importante para o trabalho da pol\u00edcia, que \u00e9 preciso ter regras, estar parametrizado sobre o que podem ou n\u00e3o fazer. Eles querem autonomia, mas \u00e9 preciso modernizar o regulamento para que eles tamb\u00e9m tenham seus direitos preservados\u201d.<\/p>\n<p>O professor de direito constitucional da Funda\u00e7\u00e3o Getulio Vargas, Oscar Vilhena Vieira, lembrou que h\u00e1 v\u00e1rias defini\u00e7\u00f5es do que significa desmilitariza\u00e7\u00e3o. \u201cN\u00e3o estamos dizendo que tem que ter uma pol\u00edcia sem hierarquia. Ela tem que ser hierarquizada, uniformizada, e tem que ter um c\u00f3digo disciplinar adequado e compat\u00edvel com os padr\u00f5es democr\u00e1ticos que hoje existem. A desvincula\u00e7\u00e3o \u00e9 das For\u00e7as Armadas e n\u00e3o do Estado\u201d.<\/p>\n<blockquote><p>Para a secret\u00e1ria nacional de Seguran\u00e7a P\u00fablica, Regina Miki, nem sempre o que o policial quer dizer sobre o termo desmilitariza\u00e7\u00e3o contemplar\u00e1 o que a sociedade espera disso, por isso o debate tem que ser muito benfeito. \u201cTalvez, tenhamos mudan\u00e7as internas na pol\u00edcia e a sociedade n\u00e3o fique contente. Os policiais de base e a c\u00fapula certamente enxergam de forma distinta a desmilitariza\u00e7\u00e3o por diversas raz\u00f5es. Certamente, at\u00e9 mesmo nas corpora\u00e7\u00f5es n\u00e3o t\u00eam consenso\u201d.<\/p><\/blockquote>\n<p>A pesquisa ouviu 21.101 policiais militares, civis, federais, rodovi\u00e1rios federais, bombeiros e peritos criminais em todos os estados, de 30 de junho a 18 de julho.<\/p>\n<div class=\"node-info\"><strong>Fl\u00e1via Albuquerque, ABr<\/strong><\/div>\n","protected":false},"excerpt":{"rendered":"<p>Uma pesquisa divulgada pelo F\u00f3rum Brasileiro de Seguran\u00e7a P\u00fablica, aponta que 73,7% dos policiais brasileiros s\u00e3o a favor da desvincula\u00e7\u00e3o do Ex\u00e9rcito. Entre os policiais militares, 76,1% responderam ser favor\u00e1veis \u00e0 desmilitariza\u00e7\u00e3o e 93,6% acreditam que \u00e9 preciso modernizar os regimentos e c\u00f3digos disciplinares. Quando questionados sobre a regulamenta\u00e7\u00e3o do direito \u00e0 sindicaliza\u00e7\u00e3o e de [&hellip;]<\/p>\n","protected":false},"author":2,"featured_media":17994,"comment_status":"open","ping_status":"closed","sticky":false,"template":"","format":"standard","meta":{"_acf_changed":false,"footnotes":""},"categories":[16],"tags":[],"class_list":["post-17993","post","type-post","status-publish","format-standard","has-post-thumbnail","hentry","category-brasil"],"acf":[],"_links":{"self":[{"href":"https:\/\/www.notibras.com\/site\/wp-json\/wp\/v2\/posts\/17993","targetHints":{"allow":["GET"]}}],"collection":[{"href":"https:\/\/www.notibras.com\/site\/wp-json\/wp\/v2\/posts"}],"about":[{"href":"https:\/\/www.notibras.com\/site\/wp-json\/wp\/v2\/types\/post"}],"author":[{"embeddable":true,"href":"https:\/\/www.notibras.com\/site\/wp-json\/wp\/v2\/users\/2"}],"replies":[{"embeddable":true,"href":"https:\/\/www.notibras.com\/site\/wp-json\/wp\/v2\/comments?post=17993"}],"version-history":[{"count":0,"href":"https:\/\/www.notibras.com\/site\/wp-json\/wp\/v2\/posts\/17993\/revisions"}],"wp:featuredmedia":[{"embeddable":true,"href":"https:\/\/www.notibras.com\/site\/wp-json\/wp\/v2\/media\/17994"}],"wp:attachment":[{"href":"https:\/\/www.notibras.com\/site\/wp-json\/wp\/v2\/media?parent=17993"}],"wp:term":[{"taxonomy":"category","embeddable":true,"href":"https:\/\/www.notibras.com\/site\/wp-json\/wp\/v2\/categories?post=17993"},{"taxonomy":"post_tag","embeddable":true,"href":"https:\/\/www.notibras.com\/site\/wp-json\/wp\/v2\/tags?post=17993"}],"curies":[{"name":"wp","href":"https:\/\/api.w.org\/{rel}","templated":true}]}}