{"id":17997,"date":"2014-07-31T02:40:58","date_gmt":"2014-07-31T05:40:58","guid":{"rendered":"http:\/\/www.notibras.com\/site\/?p=17997"},"modified":"2014-07-31T02:42:47","modified_gmt":"2014-07-31T05:42:47","slug":"misterio-ronda-morte-de-fausto-fanti-suicidio-ou-assassinato","status":"publish","type":"post","link":"https:\/\/www.notibras.com\/site\/misterio-ronda-morte-de-fausto-fanti-suicidio-ou-assassinato\/","title":{"rendered":"Mist\u00e9rio ronda morte do humorista F Fanti. Suic\u00eddio ou assassinato?"},"content":{"rendered":"<p>O humorista Fausto Fanti, conhecido por atuar na dupla Hermes &amp; Renato, foi encontrado morto no final da tarde desta quarta-feira (30), no apartamento em que morava no bairro de Perdizes, zona oeste da capital paulista.<\/p>\n<blockquote>\n<p class=\"text\">Fausto foi encontrado por Adriano Silva, seu\u00a0amigo de inf\u00e2ncia e colega no humor\u00edstico Hermes &amp; Renato. Ele estava\u00a0ca\u00eddo no banheiro, com um cinto enrolado ao pesco\u00e7o. A pol\u00edcia trabalha com a possibilidade de suic\u00eddio.<\/p>\n<\/blockquote>\n<p class=\"text\">De acordo com a assessoria de imprensa da Pol\u00edcia Civil, uma viatura foi chamada ao endere\u00e7o \u00e0s 16h50 desta quarta-feira. At\u00e9 o in\u00edcio da noite de hoje, a per\u00edcia ainda estava no local onde o corpo de Fanti foi encontrado.<\/p>\n<p class=\"text\">Foi em 1990 que Fanti come\u00e7ou a demonstrar interesse com v\u00eddeos. Ele e seu irm\u00e3o Franco e uma turma de amigos da rua e da escola reuniam-se em torno da c\u00e2mera de um cunhado. Foram quase 10 anos de produ\u00e7\u00f5es caseiras at\u00e9 que ele decidisse enviar uma fita para uma emissora.<\/p>\n<p class=\"text\">Fanti surgiu na TV \u00a0em 1999 quando, ao lado dos amigos\u00a0Marco Ant\u00f4nio Alves,\u00a0Bruno Sutter,\u00a0Felipe Torres e\u00a0Adriano Silva, levou\u00a0a trupe Hermes e Renato na MTV Brasil. O esquete foi veiculada na emissora inicialmente como um quadro no Voz\u00a0MTV.\u00a0Com o sucesso, o grupo foi convidado para testes e ganhou um espa\u00e7o na programa\u00e7\u00e3o da emissora.<\/p>\n<p class=\"text\">Durante os 10 anos em que estiveram na programa\u00e7\u00e3o da emissora musical, a trupe teve programas em diversos formatos. Entre eles alguns que satirizavam novelas da TV Globo, al\u00e9m do Tela Class at\u00e9 um retorno ao formato mais tradicional de esquetes curtas e propositadamente de baixo or\u00e7amento.<\/p>\n<blockquote>\n<p class=\"text\">No in\u00edcio de 2010 o grupo deixou a MTV e trocou de nome. Sob a alcunha de Banana Mec\u00e2nica a trupe foi para a Record e come\u00e7ou a apresentar esquetes durante o programa Legend\u00e1rios, comandado pelo tamb\u00e9m ex-MTV Marcos Mion, mas n\u00e3o conseguiram repetir na TV aberta o impacto que tiveram com o canal UHF.<\/p>\n<\/blockquote>\n<p class=\"text\">Em 2013, o\u00a0grupo voltou \u00e0 MTV. Com o encerramento das atividades do canal como emissora aberta, a turma comprou os direitos sobre a marca\u00a0Hermes e Renato e preparavam um retorno \u00e0 TV em formatos alternativos.<\/p>\n","protected":false},"excerpt":{"rendered":"<p>O humorista Fausto Fanti, conhecido por atuar na dupla Hermes &amp; Renato, foi encontrado morto no final da tarde desta quarta-feira (30), no apartamento em que morava no bairro de Perdizes, zona oeste da capital paulista. Fausto foi encontrado por Adriano Silva, seu\u00a0amigo de inf\u00e2ncia e colega no humor\u00edstico Hermes &amp; Renato. Ele estava\u00a0ca\u00eddo no [&hellip;]<\/p>\n","protected":false},"author":2,"featured_media":17998,"comment_status":"open","ping_status":"closed","sticky":false,"template":"","format":"standard","meta":{"_acf_changed":false,"footnotes":""},"categories":[16],"tags":[],"class_list":["post-17997","post","type-post","status-publish","format-standard","has-post-thumbnail","hentry","category-brasil"],"acf":[],"_links":{"self":[{"href":"https:\/\/www.notibras.com\/site\/wp-json\/wp\/v2\/posts\/17997","targetHints":{"allow":["GET"]}}],"collection":[{"href":"https:\/\/www.notibras.com\/site\/wp-json\/wp\/v2\/posts"}],"about":[{"href":"https:\/\/www.notibras.com\/site\/wp-json\/wp\/v2\/types\/post"}],"author":[{"embeddable":true,"href":"https:\/\/www.notibras.com\/site\/wp-json\/wp\/v2\/users\/2"}],"replies":[{"embeddable":true,"href":"https:\/\/www.notibras.com\/site\/wp-json\/wp\/v2\/comments?post=17997"}],"version-history":[{"count":0,"href":"https:\/\/www.notibras.com\/site\/wp-json\/wp\/v2\/posts\/17997\/revisions"}],"wp:featuredmedia":[{"embeddable":true,"href":"https:\/\/www.notibras.com\/site\/wp-json\/wp\/v2\/media\/17998"}],"wp:attachment":[{"href":"https:\/\/www.notibras.com\/site\/wp-json\/wp\/v2\/media?parent=17997"}],"wp:term":[{"taxonomy":"category","embeddable":true,"href":"https:\/\/www.notibras.com\/site\/wp-json\/wp\/v2\/categories?post=17997"},{"taxonomy":"post_tag","embeddable":true,"href":"https:\/\/www.notibras.com\/site\/wp-json\/wp\/v2\/tags?post=17997"}],"curies":[{"name":"wp","href":"https:\/\/api.w.org\/{rel}","templated":true}]}}