{"id":179997,"date":"2018-05-21T15:02:19","date_gmt":"2018-05-21T18:02:19","guid":{"rendered":"https:\/\/www.notibras.com\/site\/?p=179997"},"modified":"2018-05-21T15:06:49","modified_gmt":"2018-05-21T18:06:49","slug":"encontrado-com-faca-sobrinho-de-meghan-coloca-a-culpa-em-trump","status":"publish","type":"post","link":"https:\/\/www.notibras.com\/site\/encontrado-com-faca-sobrinho-de-meghan-coloca-a-culpa-em-trump\/","title":{"rendered":"Encontrado com faca, sobrinho de Meghan coloca a culpa em Trump"},"content":{"rendered":"<p>Tyler Dooley &#8211; sobrinho do mais recente membro da realeza brit\u00e2nica, a atriz Meghan Markle &#8211; levou uma faca para uma boate de Londres, atribuindo seu comportamento \u00e0s advert\u00eancias do presidente americano, Donald Trump, sobre os perigos da cidade &#8211; informou o jornal &#8220;The Sun&#8221; nesta segunda-feira (21).<\/p>\n<p>Dooley, de 25 anos, que cultiva maconha em Oregon e n\u00e3o foi convidado para o casamento real, s\u00e1bado, em Windsor, entregou a faca de mais de dez cent\u00edmetros a um seguran\u00e7a na entrada da boate em Kingston, no sul de Londres.<\/p>\n<p>&#8220;Trouxe apenas porque Donald Trump disse que Londres era como uma zona de guerra. Tinha por prote\u00e7\u00e3o&#8221;, teria dito Tyler a uma outra pessoa, segundo o jornal, em frente ao clube noturno Bacchus, poucas horas depois do casamento de sua tia com o pr\u00edncipe Harry da Inglaterra.<\/p>\n<p>Dooley fugiu quando os seguran\u00e7as chamaram a Pol\u00edcia, mas depois voltou ao local para dar explica\u00e7\u00f5es, completou &#8220;The Sun&#8221;, acrescentando que ningu\u00e9m foi detido.<\/p>\n<p>Na Inglaterra, \u00e9 ilegal levar uma faca para lugares p\u00fablicos, salvo canivetes dobr\u00e1veis com facas de menos de 7,6 cm.<\/p>\n<p>Segundo o jornal, quando um dos rep\u00f3rteres entrou em contato com Dooley, ele se &#8220;escondeu em um arm\u00e1rio de latas de lixo&#8221; em seu hotel.<\/p>\n<p>Dooley voou para Londres na semana passada, junto com seu irm\u00e3o e sua m\u00e3e, a ex-mulher do meio-irm\u00e3o de Meghan Markle, Thomas, que tamb\u00e9m n\u00e3o foi convidado para a cerim\u00f4nia de casamento.<\/p>\n<p>Trump causou pol\u00eamicas com suas reiteradas refer\u00eancias \u00e0 quest\u00e3o da seguran\u00e7a no Reino Unido. Em um discurso na National Rifle Association (NRA), no Texas, no in\u00edcio deste m\u00eas, Trump falou das agress\u00f5es a faca em Londres, comparando um hospital da cidade a uma &#8220;zona de guerra&#8221;.<\/p>\n<p>As agress\u00f5es com arma branca aumentaram 23% em Londres no \u00faltimo ano e uma onda de ataques a faca e tiroteios deixou mais de 50 mortos este ano.<\/p>\n","protected":false},"excerpt":{"rendered":"<p>Tyler Dooley &#8211; sobrinho do mais recente membro da realeza brit\u00e2nica, a atriz Meghan Markle &#8211; levou uma faca para uma boate de Londres, atribuindo seu comportamento \u00e0s advert\u00eancias do presidente americano, Donald Trump, sobre os perigos da cidade &#8211; informou o jornal &#8220;The Sun&#8221; nesta segunda-feira (21). Dooley, de 25 anos, que cultiva maconha [&hellip;]<\/p>\n","protected":false},"author":1,"featured_media":180005,"comment_status":"closed","ping_status":"closed","sticky":false,"template":"","format":"standard","meta":{"_acf_changed":false,"footnotes":""},"categories":[17],"tags":[],"class_list":["post-179997","post","type-post","status-publish","format-standard","has-post-thumbnail","hentry","category-mundo"],"acf":[],"yoast_head":"<!-- This site is optimized with the Yoast SEO plugin v27.2 - https:\/\/yoast.com\/product\/yoast-seo-wordpress\/ -->\n<title>Encontrado com faca, sobrinho de Meghan coloca a culpa em Trump - Notibras<\/title>\n<meta name=\"robots\" content=\"index, follow, max-snippet:-1, max-image-preview:large, max-video-preview:-1\" \/>\n<link rel=\"canonical\" href=\"https:\/\/www.notibras.com\/site\/encontrado-com-faca-sobrinho-de-meghan-coloca-a-culpa-em-trump\/\" \/>\n<meta property=\"og:locale\" content=\"pt_BR\" \/>\n<meta property=\"og:type\" content=\"article\" \/>\n<meta property=\"og:title\" content=\"Encontrado com faca, sobrinho de Meghan coloca a culpa em Trump - Notibras\" \/>\n<meta property=\"og:description\" content=\"Tyler Dooley &#8211; sobrinho do mais recente membro da realeza brit\u00e2nica, a atriz Meghan Markle &#8211; levou uma faca para uma boate de Londres, atribuindo seu comportamento \u00e0s advert\u00eancias do presidente americano, Donald Trump, sobre os perigos da cidade &#8211; informou o jornal &#8220;The Sun&#8221; nesta segunda-feira (21). Dooley, de 25 anos, que cultiva maconha [&hellip;]\" \/>\n<meta property=\"og:url\" content=\"https:\/\/www.notibras.com\/site\/encontrado-com-faca-sobrinho-de-meghan-coloca-a-culpa-em-trump\/\" \/>\n<meta property=\"og:site_name\" content=\"Notibras\" \/>\n<meta property=\"article:publisher\" content=\"https:\/\/www.facebook.com\/notibras\/\" \/>\n<meta property=\"article:published_time\" content=\"2018-05-21T18:02:19+00:00\" \/>\n<meta property=\"article:modified_time\" content=\"2018-05-21T18:06:49+00:00\" \/>\n<meta property=\"og:image\" content=\"https:\/\/www.notibras.com\/site\/wp-content\/uploads\/2018\/05\/64cf02bcf94e765547b6e983c3ba57ddcb2e7d6b.jpg\" \/>\n\t<meta property=\"og:image:width\" content=\"768\" \/>\n\t<meta property=\"og:image:height\" content=\"512\" \/>\n\t<meta property=\"og:image:type\" content=\"image\/jpeg\" \/>\n<meta name=\"author\" content=\"Reda\u00e7\u00e3o\" \/>\n<meta name=\"twitter:card\" content=\"summary_large_image\" \/>\n<meta name=\"twitter:creator\" content=\"@Notibras\" \/>\n<meta name=\"twitter:site\" content=\"@Notibras\" \/>\n<meta name=\"twitter:label1\" content=\"Escrito por\" \/>\n\t<meta name=\"twitter:data1\" content=\"Reda\u00e7\u00e3o\" \/>\n\t<meta name=\"twitter:label2\" content=\"Est. tempo de leitura\" \/>\n\t<meta name=\"twitter:data2\" content=\"2 minutos\" \/>\n<script type=\"application\/ld+json\" class=\"yoast-schema-graph\">{\"@context\":\"https:\/\/schema.org\",\"@graph\":[{\"@type\":\"Article\",\"@id\":\"https:\/\/www.notibras.com\/site\/encontrado-com-faca-sobrinho-de-meghan-coloca-a-culpa-em-trump\/#article\",\"isPartOf\":{\"@id\":\"https:\/\/www.notibras.com\/site\/encontrado-com-faca-sobrinho-de-meghan-coloca-a-culpa-em-trump\/\"},\"author\":{\"name\":\"Reda\u00e7\u00e3o\",\"@id\":\"https:\/\/www.notibras.com\/site\/#\/schema\/person\/00b8e1aa08f9ef6563e878c5159d01cf\"},\"headline\":\"Encontrado com faca, sobrinho de Meghan coloca a culpa em Trump\",\"datePublished\":\"2018-05-21T18:02:19+00:00\",\"dateModified\":\"2018-05-21T18:06:49+00:00\",\"mainEntityOfPage\":{\"@id\":\"https:\/\/www.notibras.com\/site\/encontrado-com-faca-sobrinho-de-meghan-coloca-a-culpa-em-trump\/\"},\"wordCount\":345,\"publisher\":{\"@id\":\"https:\/\/www.notibras.com\/site\/#organization\"},\"image\":{\"@id\":\"https:\/\/www.notibras.com\/site\/encontrado-com-faca-sobrinho-de-meghan-coloca-a-culpa-em-trump\/#primaryimage\"},\"thumbnailUrl\":\"https:\/\/www.notibras.com\/site\/wp-content\/uploads\/2018\/05\/64cf02bcf94e765547b6e983c3ba57ddcb2e7d6b.jpg\",\"articleSection\":[\"Mundo\"],\"inLanguage\":\"pt-BR\"},{\"@type\":\"WebPage\",\"@id\":\"https:\/\/www.notibras.com\/site\/encontrado-com-faca-sobrinho-de-meghan-coloca-a-culpa-em-trump\/\",\"url\":\"https:\/\/www.notibras.com\/site\/encontrado-com-faca-sobrinho-de-meghan-coloca-a-culpa-em-trump\/\",\"name\":\"Encontrado com faca, sobrinho de Meghan coloca a culpa em Trump - Notibras\",\"isPartOf\":{\"@id\":\"https:\/\/www.notibras.com\/site\/#website\"},\"primaryImageOfPage\":{\"@id\":\"https:\/\/www.notibras.com\/site\/encontrado-com-faca-sobrinho-de-meghan-coloca-a-culpa-em-trump\/#primaryimage\"},\"image\":{\"@id\":\"https:\/\/www.notibras.com\/site\/encontrado-com-faca-sobrinho-de-meghan-coloca-a-culpa-em-trump\/#primaryimage\"},\"thumbnailUrl\":\"https:\/\/www.notibras.com\/site\/wp-content\/uploads\/2018\/05\/64cf02bcf94e765547b6e983c3ba57ddcb2e7d6b.jpg\",\"datePublished\":\"2018-05-21T18:02:19+00:00\",\"dateModified\":\"2018-05-21T18:06:49+00:00\",\"breadcrumb\":{\"@id\":\"https:\/\/www.notibras.com\/site\/encontrado-com-faca-sobrinho-de-meghan-coloca-a-culpa-em-trump\/#breadcrumb\"},\"inLanguage\":\"pt-BR\",\"potentialAction\":[{\"@type\":\"ReadAction\",\"target\":[\"https:\/\/www.notibras.com\/site\/encontrado-com-faca-sobrinho-de-meghan-coloca-a-culpa-em-trump\/\"]}]},{\"@type\":\"ImageObject\",\"inLanguage\":\"pt-BR\",\"@id\":\"https:\/\/www.notibras.com\/site\/encontrado-com-faca-sobrinho-de-meghan-coloca-a-culpa-em-trump\/#primaryimage\",\"url\":\"https:\/\/www.notibras.com\/site\/wp-content\/uploads\/2018\/05\/64cf02bcf94e765547b6e983c3ba57ddcb2e7d6b.jpg\",\"contentUrl\":\"https:\/\/www.notibras.com\/site\/wp-content\/uploads\/2018\/05\/64cf02bcf94e765547b6e983c3ba57ddcb2e7d6b.jpg\",\"width\":768,\"height\":512,\"caption\":\"Foto: Adrian Dennis\"},{\"@type\":\"BreadcrumbList\",\"@id\":\"https:\/\/www.notibras.com\/site\/encontrado-com-faca-sobrinho-de-meghan-coloca-a-culpa-em-trump\/#breadcrumb\",\"itemListElement\":[{\"@type\":\"ListItem\",\"position\":1,\"name\":\"In\u00edcio\",\"item\":\"https:\/\/www.notibras.com\/site\/\"},{\"@type\":\"ListItem\",\"position\":2,\"name\":\"Encontrado com faca, sobrinho de Meghan coloca a culpa em Trump\"}]},{\"@type\":\"WebSite\",\"@id\":\"https:\/\/www.notibras.com\/site\/#website\",\"url\":\"https:\/\/www.notibras.com\/site\/\",\"name\":\"Notibras\",\"description\":\"Not\u00edcias de Bras\u00edlia, do Brasil e do Mundo\",\"publisher\":{\"@id\":\"https:\/\/www.notibras.com\/site\/#organization\"},\"potentialAction\":[{\"@type\":\"SearchAction\",\"target\":{\"@type\":\"EntryPoint\",\"urlTemplate\":\"https:\/\/www.notibras.com\/site\/?s={search_term_string}\"},\"query-input\":{\"@type\":\"PropertyValueSpecification\",\"valueRequired\":true,\"valueName\":\"search_term_string\"}}],\"inLanguage\":\"pt-BR\"},{\"@type\":\"Organization\",\"@id\":\"https:\/\/www.notibras.com\/site\/#organization\",\"name\":\"Grupo Notibras de Comunica\u00e7\u00e3o\",\"url\":\"https:\/\/www.notibras.com\/site\/\",\"logo\":{\"@type\":\"ImageObject\",\"inLanguage\":\"pt-BR\",\"@id\":\"https:\/\/www.notibras.com\/site\/#\/schema\/logo\/image\/\",\"url\":\"https:\/\/www.notibras.com\/site\/wp-content\/uploads\/2023\/01\/notibras23.png\",\"contentUrl\":\"https:\/\/www.notibras.com\/site\/wp-content\/uploads\/2023\/01\/notibras23.png\",\"width\":350,\"height\":87,\"caption\":\"Grupo Notibras de Comunica\u00e7\u00e3o\"},\"image\":{\"@id\":\"https:\/\/www.notibras.com\/site\/#\/schema\/logo\/image\/\"},\"sameAs\":[\"https:\/\/www.facebook.com\/notibras\/\",\"https:\/\/x.com\/Notibras\",\"https:\/\/www.instagram.com\/notibras\/\"]},{\"@type\":\"Person\",\"@id\":\"https:\/\/www.notibras.com\/site\/#\/schema\/person\/00b8e1aa08f9ef6563e878c5159d01cf\",\"name\":\"Reda\u00e7\u00e3o\",\"image\":{\"@type\":\"ImageObject\",\"inLanguage\":\"pt-BR\",\"@id\":\"https:\/\/secure.gravatar.com\/avatar\/ac5a707d5b47784a5ed426c6e213e201423c750890f64e4c379114dade67dfb9?s=96&d=mm&r=g\",\"url\":\"https:\/\/secure.gravatar.com\/avatar\/ac5a707d5b47784a5ed426c6e213e201423c750890f64e4c379114dade67dfb9?s=96&d=mm&r=g\",\"contentUrl\":\"https:\/\/secure.gravatar.com\/avatar\/ac5a707d5b47784a5ed426c6e213e201423c750890f64e4c379114dade67dfb9?s=96&d=mm&r=g\",\"caption\":\"Reda\u00e7\u00e3o\"}}]}<\/script>\n<!-- \/ Yoast SEO plugin. -->","yoast_head_json":{"title":"Encontrado com faca, sobrinho de Meghan coloca a culpa em Trump - Notibras","robots":{"index":"index","follow":"follow","max-snippet":"max-snippet:-1","max-image-preview":"max-image-preview:large","max-video-preview":"max-video-preview:-1"},"canonical":"https:\/\/www.notibras.com\/site\/encontrado-com-faca-sobrinho-de-meghan-coloca-a-culpa-em-trump\/","og_locale":"pt_BR","og_type":"article","og_title":"Encontrado com faca, sobrinho de Meghan coloca a culpa em Trump - Notibras","og_description":"Tyler Dooley &#8211; sobrinho do mais recente membro da realeza brit\u00e2nica, a atriz Meghan Markle &#8211; levou uma faca para uma boate de Londres, atribuindo seu comportamento \u00e0s advert\u00eancias do presidente americano, Donald Trump, sobre os perigos da cidade &#8211; informou o jornal &#8220;The Sun&#8221; nesta segunda-feira (21). Dooley, de 25 anos, que cultiva maconha [&hellip;]","og_url":"https:\/\/www.notibras.com\/site\/encontrado-com-faca-sobrinho-de-meghan-coloca-a-culpa-em-trump\/","og_site_name":"Notibras","article_publisher":"https:\/\/www.facebook.com\/notibras\/","article_published_time":"2018-05-21T18:02:19+00:00","article_modified_time":"2018-05-21T18:06:49+00:00","og_image":[{"width":768,"height":512,"url":"https:\/\/www.notibras.com\/site\/wp-content\/uploads\/2018\/05\/64cf02bcf94e765547b6e983c3ba57ddcb2e7d6b.jpg","type":"image\/jpeg"}],"author":"Reda\u00e7\u00e3o","twitter_card":"summary_large_image","twitter_creator":"@Notibras","twitter_site":"@Notibras","twitter_misc":{"Escrito por":"Reda\u00e7\u00e3o","Est. tempo de leitura":"2 minutos"},"schema":{"@context":"https:\/\/schema.org","@graph":[{"@type":"Article","@id":"https:\/\/www.notibras.com\/site\/encontrado-com-faca-sobrinho-de-meghan-coloca-a-culpa-em-trump\/#article","isPartOf":{"@id":"https:\/\/www.notibras.com\/site\/encontrado-com-faca-sobrinho-de-meghan-coloca-a-culpa-em-trump\/"},"author":{"name":"Reda\u00e7\u00e3o","@id":"https:\/\/www.notibras.com\/site\/#\/schema\/person\/00b8e1aa08f9ef6563e878c5159d01cf"},"headline":"Encontrado com faca, sobrinho de Meghan coloca a culpa em Trump","datePublished":"2018-05-21T18:02:19+00:00","dateModified":"2018-05-21T18:06:49+00:00","mainEntityOfPage":{"@id":"https:\/\/www.notibras.com\/site\/encontrado-com-faca-sobrinho-de-meghan-coloca-a-culpa-em-trump\/"},"wordCount":345,"publisher":{"@id":"https:\/\/www.notibras.com\/site\/#organization"},"image":{"@id":"https:\/\/www.notibras.com\/site\/encontrado-com-faca-sobrinho-de-meghan-coloca-a-culpa-em-trump\/#primaryimage"},"thumbnailUrl":"https:\/\/www.notibras.com\/site\/wp-content\/uploads\/2018\/05\/64cf02bcf94e765547b6e983c3ba57ddcb2e7d6b.jpg","articleSection":["Mundo"],"inLanguage":"pt-BR"},{"@type":"WebPage","@id":"https:\/\/www.notibras.com\/site\/encontrado-com-faca-sobrinho-de-meghan-coloca-a-culpa-em-trump\/","url":"https:\/\/www.notibras.com\/site\/encontrado-com-faca-sobrinho-de-meghan-coloca-a-culpa-em-trump\/","name":"Encontrado com faca, sobrinho de Meghan coloca a culpa em Trump - Notibras","isPartOf":{"@id":"https:\/\/www.notibras.com\/site\/#website"},"primaryImageOfPage":{"@id":"https:\/\/www.notibras.com\/site\/encontrado-com-faca-sobrinho-de-meghan-coloca-a-culpa-em-trump\/#primaryimage"},"image":{"@id":"https:\/\/www.notibras.com\/site\/encontrado-com-faca-sobrinho-de-meghan-coloca-a-culpa-em-trump\/#primaryimage"},"thumbnailUrl":"https:\/\/www.notibras.com\/site\/wp-content\/uploads\/2018\/05\/64cf02bcf94e765547b6e983c3ba57ddcb2e7d6b.jpg","datePublished":"2018-05-21T18:02:19+00:00","dateModified":"2018-05-21T18:06:49+00:00","breadcrumb":{"@id":"https:\/\/www.notibras.com\/site\/encontrado-com-faca-sobrinho-de-meghan-coloca-a-culpa-em-trump\/#breadcrumb"},"inLanguage":"pt-BR","potentialAction":[{"@type":"ReadAction","target":["https:\/\/www.notibras.com\/site\/encontrado-com-faca-sobrinho-de-meghan-coloca-a-culpa-em-trump\/"]}]},{"@type":"ImageObject","inLanguage":"pt-BR","@id":"https:\/\/www.notibras.com\/site\/encontrado-com-faca-sobrinho-de-meghan-coloca-a-culpa-em-trump\/#primaryimage","url":"https:\/\/www.notibras.com\/site\/wp-content\/uploads\/2018\/05\/64cf02bcf94e765547b6e983c3ba57ddcb2e7d6b.jpg","contentUrl":"https:\/\/www.notibras.com\/site\/wp-content\/uploads\/2018\/05\/64cf02bcf94e765547b6e983c3ba57ddcb2e7d6b.jpg","width":768,"height":512,"caption":"Foto: Adrian Dennis"},{"@type":"BreadcrumbList","@id":"https:\/\/www.notibras.com\/site\/encontrado-com-faca-sobrinho-de-meghan-coloca-a-culpa-em-trump\/#breadcrumb","itemListElement":[{"@type":"ListItem","position":1,"name":"In\u00edcio","item":"https:\/\/www.notibras.com\/site\/"},{"@type":"ListItem","position":2,"name":"Encontrado com faca, sobrinho de Meghan coloca a culpa em Trump"}]},{"@type":"WebSite","@id":"https:\/\/www.notibras.com\/site\/#website","url":"https:\/\/www.notibras.com\/site\/","name":"Notibras","description":"Not\u00edcias de Bras\u00edlia, do Brasil e do Mundo","publisher":{"@id":"https:\/\/www.notibras.com\/site\/#organization"},"potentialAction":[{"@type":"SearchAction","target":{"@type":"EntryPoint","urlTemplate":"https:\/\/www.notibras.com\/site\/?s={search_term_string}"},"query-input":{"@type":"PropertyValueSpecification","valueRequired":true,"valueName":"search_term_string"}}],"inLanguage":"pt-BR"},{"@type":"Organization","@id":"https:\/\/www.notibras.com\/site\/#organization","name":"Grupo Notibras de Comunica\u00e7\u00e3o","url":"https:\/\/www.notibras.com\/site\/","logo":{"@type":"ImageObject","inLanguage":"pt-BR","@id":"https:\/\/www.notibras.com\/site\/#\/schema\/logo\/image\/","url":"https:\/\/www.notibras.com\/site\/wp-content\/uploads\/2023\/01\/notibras23.png","contentUrl":"https:\/\/www.notibras.com\/site\/wp-content\/uploads\/2023\/01\/notibras23.png","width":350,"height":87,"caption":"Grupo Notibras de Comunica\u00e7\u00e3o"},"image":{"@id":"https:\/\/www.notibras.com\/site\/#\/schema\/logo\/image\/"},"sameAs":["https:\/\/www.facebook.com\/notibras\/","https:\/\/x.com\/Notibras","https:\/\/www.instagram.com\/notibras\/"]},{"@type":"Person","@id":"https:\/\/www.notibras.com\/site\/#\/schema\/person\/00b8e1aa08f9ef6563e878c5159d01cf","name":"Reda\u00e7\u00e3o","image":{"@type":"ImageObject","inLanguage":"pt-BR","@id":"https:\/\/secure.gravatar.com\/avatar\/ac5a707d5b47784a5ed426c6e213e201423c750890f64e4c379114dade67dfb9?s=96&d=mm&r=g","url":"https:\/\/secure.gravatar.com\/avatar\/ac5a707d5b47784a5ed426c6e213e201423c750890f64e4c379114dade67dfb9?s=96&d=mm&r=g","contentUrl":"https:\/\/secure.gravatar.com\/avatar\/ac5a707d5b47784a5ed426c6e213e201423c750890f64e4c379114dade67dfb9?s=96&d=mm&r=g","caption":"Reda\u00e7\u00e3o"}}]}},"amp_enabled":true,"_links":{"self":[{"href":"https:\/\/www.notibras.com\/site\/wp-json\/wp\/v2\/posts\/179997","targetHints":{"allow":["GET"]}}],"collection":[{"href":"https:\/\/www.notibras.com\/site\/wp-json\/wp\/v2\/posts"}],"about":[{"href":"https:\/\/www.notibras.com\/site\/wp-json\/wp\/v2\/types\/post"}],"author":[{"embeddable":true,"href":"https:\/\/www.notibras.com\/site\/wp-json\/wp\/v2\/users\/1"}],"replies":[{"embeddable":true,"href":"https:\/\/www.notibras.com\/site\/wp-json\/wp\/v2\/comments?post=179997"}],"version-history":[{"count":3,"href":"https:\/\/www.notibras.com\/site\/wp-json\/wp\/v2\/posts\/179997\/revisions"}],"predecessor-version":[{"id":180008,"href":"https:\/\/www.notibras.com\/site\/wp-json\/wp\/v2\/posts\/179997\/revisions\/180008"}],"wp:featuredmedia":[{"embeddable":true,"href":"https:\/\/www.notibras.com\/site\/wp-json\/wp\/v2\/media\/180005"}],"wp:attachment":[{"href":"https:\/\/www.notibras.com\/site\/wp-json\/wp\/v2\/media?parent=179997"}],"wp:term":[{"taxonomy":"category","embeddable":true,"href":"https:\/\/www.notibras.com\/site\/wp-json\/wp\/v2\/categories?post=179997"},{"taxonomy":"post_tag","embeddable":true,"href":"https:\/\/www.notibras.com\/site\/wp-json\/wp\/v2\/tags?post=179997"}],"curies":[{"name":"wp","href":"https:\/\/api.w.org\/{rel}","templated":true}]}}