{"id":180015,"date":"2018-05-21T15:53:12","date_gmt":"2018-05-21T18:53:12","guid":{"rendered":"https:\/\/www.notibras.com\/site\/?p=180015"},"modified":"2018-05-21T15:53:12","modified_gmt":"2018-05-21T18:53:12","slug":"oms-envia-ao-congo-vacina-experimental-contra-o-ebola","status":"publish","type":"post","link":"https:\/\/www.notibras.com\/site\/oms-envia-ao-congo-vacina-experimental-contra-o-ebola\/","title":{"rendered":"OMS envia ao Congo vacina experimental contra o ebola"},"content":{"rendered":"<p>A Organiza\u00e7\u00e3o Mundial da Sa\u00fade (OMS) informou hoje (21) que mais de 7.500 doses da vacina experimental contra o ebola j\u00e1 foram enviadas \u00e0 Rep\u00fablica Democr\u00e1tica do Congo. De acordo com a entidade, o pa\u00eds j\u00e1 notificou pelo menos 46 casos suspeitos, prov\u00e1veis e confirmados para a doen\u00e7a, al\u00e9m de 26 mortes.<\/p>\n<p>A maioria das infec\u00e7\u00f5es, segundo a OMS, permanece na regi\u00e3o remota de Bikoro. Entretanto, quatro casos de ebola foram confirmados em Bandaka, cidade com popula\u00e7\u00e3o de mais de 1 milh\u00e3o de habitantes. \u201cA vacina\u00e7\u00e3o ser\u00e1 a chave para controlar este surto\u201d, disse o diretor-geral da OMS, Tedros Adhanom Ghebreyesus.<\/p>\n<p>O Minist\u00e9rio da Sa\u00fade local, em parceria com a pr\u00f3pria OMS, M\u00e9dicos sem Fronteiras e Fundo das Na\u00e7\u00f5es Unidas para a Inf\u00e2ncia, deve implementar a chamada vacina\u00e7\u00e3o em anel, onde todas as pessoas que tiveram contato com um novo caso confirmado de ebola s\u00e3o rastreadas e recebem a dose. Mais de 600 contatos j\u00e1 foram identificados at\u00e9 o momento.<\/p>\n<p>Trabalhadores da sa\u00fade e outros com potencial exposi\u00e7\u00e3o ao v\u00edrus \u2013 como equipes de laborat\u00f3rio e de vigil\u00e2ncia em sa\u00fade, al\u00e9m de t\u00e9cnicos capacitados para realizar funerais \u2013 tamb\u00e9m ser\u00e3o imunizados contra o ebola.<\/p>\n<p>\u201cPrecisamos agir r\u00e1pido para interromper a transmiss\u00e3o do ebola por meio da prote\u00e7\u00e3o de pessoas em risco de serem infectadas pelo v\u00edrus, identificando e acabando com cadeias de transmiss\u00e3o e garantindo que os pacientes tenham acesso r\u00e1pido e seguro a atendimento de qualidade\u201d, avaliou o vice-diretor-geral de Prontid\u00e3o e Emerg\u00eancia da OMS, Peter Salama.<\/p>\n","protected":false},"excerpt":{"rendered":"<p>A Organiza\u00e7\u00e3o Mundial da Sa\u00fade (OMS) informou hoje (21) que mais de 7.500 doses da vacina experimental contra o ebola j\u00e1 foram enviadas \u00e0 Rep\u00fablica Democr\u00e1tica do Congo. De acordo com a entidade, o pa\u00eds j\u00e1 notificou pelo menos 46 casos suspeitos, prov\u00e1veis e confirmados para a doen\u00e7a, al\u00e9m de 26 mortes. A maioria das [&hellip;]<\/p>\n","protected":false},"author":1,"featured_media":180019,"comment_status":"closed","ping_status":"closed","sticky":false,"template":"","format":"standard","meta":{"_acf_changed":false,"footnotes":""},"categories":[17],"tags":[],"class_list":["post-180015","post","type-post","status-publish","format-standard","has-post-thumbnail","hentry","category-mundo"],"acf":[],"yoast_head":"<!-- This site is optimized with the Yoast SEO plugin v27.2 - https:\/\/yoast.com\/product\/yoast-seo-wordpress\/ -->\n<title>OMS envia ao Congo vacina experimental contra o ebola - Notibras<\/title>\n<meta name=\"robots\" content=\"index, follow, max-snippet:-1, max-image-preview:large, max-video-preview:-1\" \/>\n<link rel=\"canonical\" href=\"https:\/\/www.notibras.com\/site\/oms-envia-ao-congo-vacina-experimental-contra-o-ebola\/\" \/>\n<meta property=\"og:locale\" content=\"pt_BR\" \/>\n<meta property=\"og:type\" content=\"article\" \/>\n<meta property=\"og:title\" content=\"OMS envia ao Congo vacina experimental contra o ebola - Notibras\" \/>\n<meta property=\"og:description\" content=\"A Organiza\u00e7\u00e3o Mundial da Sa\u00fade (OMS) informou hoje (21) que mais de 7.500 doses da vacina experimental contra o ebola j\u00e1 foram enviadas \u00e0 Rep\u00fablica Democr\u00e1tica do Congo. De acordo com a entidade, o pa\u00eds j\u00e1 notificou pelo menos 46 casos suspeitos, prov\u00e1veis e confirmados para a doen\u00e7a, al\u00e9m de 26 mortes. A maioria das [&hellip;]\" \/>\n<meta property=\"og:url\" content=\"https:\/\/www.notibras.com\/site\/oms-envia-ao-congo-vacina-experimental-contra-o-ebola\/\" \/>\n<meta property=\"og:site_name\" content=\"Notibras\" \/>\n<meta property=\"article:publisher\" content=\"https:\/\/www.facebook.com\/notibras\/\" \/>\n<meta property=\"article:published_time\" content=\"2018-05-21T18:53:12+00:00\" \/>\n<meta property=\"og:image\" content=\"https:\/\/www.notibras.com\/site\/wp-content\/uploads\/2018\/05\/reuters.jpg\" \/>\n\t<meta property=\"og:image:width\" content=\"1380\" \/>\n\t<meta property=\"og:image:height\" content=\"920\" \/>\n\t<meta property=\"og:image:type\" content=\"image\/jpeg\" \/>\n<meta name=\"author\" content=\"Reda\u00e7\u00e3o\" \/>\n<meta name=\"twitter:card\" content=\"summary_large_image\" \/>\n<meta name=\"twitter:creator\" content=\"@Notibras\" \/>\n<meta name=\"twitter:site\" content=\"@Notibras\" \/>\n<meta name=\"twitter:label1\" content=\"Escrito por\" \/>\n\t<meta name=\"twitter:data1\" content=\"Reda\u00e7\u00e3o\" \/>\n\t<meta name=\"twitter:label2\" content=\"Est. tempo de leitura\" \/>\n\t<meta name=\"twitter:data2\" content=\"1 minuto\" \/>\n<script type=\"application\/ld+json\" class=\"yoast-schema-graph\">{\"@context\":\"https:\/\/schema.org\",\"@graph\":[{\"@type\":\"Article\",\"@id\":\"https:\/\/www.notibras.com\/site\/oms-envia-ao-congo-vacina-experimental-contra-o-ebola\/#article\",\"isPartOf\":{\"@id\":\"https:\/\/www.notibras.com\/site\/oms-envia-ao-congo-vacina-experimental-contra-o-ebola\/\"},\"author\":{\"name\":\"Reda\u00e7\u00e3o\",\"@id\":\"https:\/\/www.notibras.com\/site\/#\/schema\/person\/00b8e1aa08f9ef6563e878c5159d01cf\"},\"headline\":\"OMS envia ao Congo vacina experimental contra o ebola\",\"datePublished\":\"2018-05-21T18:53:12+00:00\",\"mainEntityOfPage\":{\"@id\":\"https:\/\/www.notibras.com\/site\/oms-envia-ao-congo-vacina-experimental-contra-o-ebola\/\"},\"wordCount\":287,\"publisher\":{\"@id\":\"https:\/\/www.notibras.com\/site\/#organization\"},\"image\":{\"@id\":\"https:\/\/www.notibras.com\/site\/oms-envia-ao-congo-vacina-experimental-contra-o-ebola\/#primaryimage\"},\"thumbnailUrl\":\"https:\/\/www.notibras.com\/site\/wp-content\/uploads\/2018\/05\/reuters.jpg\",\"articleSection\":[\"Mundo\"],\"inLanguage\":\"pt-BR\"},{\"@type\":\"WebPage\",\"@id\":\"https:\/\/www.notibras.com\/site\/oms-envia-ao-congo-vacina-experimental-contra-o-ebola\/\",\"url\":\"https:\/\/www.notibras.com\/site\/oms-envia-ao-congo-vacina-experimental-contra-o-ebola\/\",\"name\":\"OMS envia ao Congo vacina experimental contra o ebola - Notibras\",\"isPartOf\":{\"@id\":\"https:\/\/www.notibras.com\/site\/#website\"},\"primaryImageOfPage\":{\"@id\":\"https:\/\/www.notibras.com\/site\/oms-envia-ao-congo-vacina-experimental-contra-o-ebola\/#primaryimage\"},\"image\":{\"@id\":\"https:\/\/www.notibras.com\/site\/oms-envia-ao-congo-vacina-experimental-contra-o-ebola\/#primaryimage\"},\"thumbnailUrl\":\"https:\/\/www.notibras.com\/site\/wp-content\/uploads\/2018\/05\/reuters.jpg\",\"datePublished\":\"2018-05-21T18:53:12+00:00\",\"breadcrumb\":{\"@id\":\"https:\/\/www.notibras.com\/site\/oms-envia-ao-congo-vacina-experimental-contra-o-ebola\/#breadcrumb\"},\"inLanguage\":\"pt-BR\",\"potentialAction\":[{\"@type\":\"ReadAction\",\"target\":[\"https:\/\/www.notibras.com\/site\/oms-envia-ao-congo-vacina-experimental-contra-o-ebola\/\"]}]},{\"@type\":\"ImageObject\",\"inLanguage\":\"pt-BR\",\"@id\":\"https:\/\/www.notibras.com\/site\/oms-envia-ao-congo-vacina-experimental-contra-o-ebola\/#primaryimage\",\"url\":\"https:\/\/www.notibras.com\/site\/wp-content\/uploads\/2018\/05\/reuters.jpg\",\"contentUrl\":\"https:\/\/www.notibras.com\/site\/wp-content\/uploads\/2018\/05\/reuters.jpg\",\"width\":1380,\"height\":920,\"caption\":\"Foto: Kenny Katombe\/Reuters\/\"},{\"@type\":\"BreadcrumbList\",\"@id\":\"https:\/\/www.notibras.com\/site\/oms-envia-ao-congo-vacina-experimental-contra-o-ebola\/#breadcrumb\",\"itemListElement\":[{\"@type\":\"ListItem\",\"position\":1,\"name\":\"In\u00edcio\",\"item\":\"https:\/\/www.notibras.com\/site\/\"},{\"@type\":\"ListItem\",\"position\":2,\"name\":\"OMS envia ao Congo vacina experimental contra o ebola\"}]},{\"@type\":\"WebSite\",\"@id\":\"https:\/\/www.notibras.com\/site\/#website\",\"url\":\"https:\/\/www.notibras.com\/site\/\",\"name\":\"Notibras\",\"description\":\"Not\u00edcias de Bras\u00edlia, do Brasil e do Mundo\",\"publisher\":{\"@id\":\"https:\/\/www.notibras.com\/site\/#organization\"},\"potentialAction\":[{\"@type\":\"SearchAction\",\"target\":{\"@type\":\"EntryPoint\",\"urlTemplate\":\"https:\/\/www.notibras.com\/site\/?s={search_term_string}\"},\"query-input\":{\"@type\":\"PropertyValueSpecification\",\"valueRequired\":true,\"valueName\":\"search_term_string\"}}],\"inLanguage\":\"pt-BR\"},{\"@type\":\"Organization\",\"@id\":\"https:\/\/www.notibras.com\/site\/#organization\",\"name\":\"Grupo Notibras de Comunica\u00e7\u00e3o\",\"url\":\"https:\/\/www.notibras.com\/site\/\",\"logo\":{\"@type\":\"ImageObject\",\"inLanguage\":\"pt-BR\",\"@id\":\"https:\/\/www.notibras.com\/site\/#\/schema\/logo\/image\/\",\"url\":\"https:\/\/www.notibras.com\/site\/wp-content\/uploads\/2023\/01\/notibras23.png\",\"contentUrl\":\"https:\/\/www.notibras.com\/site\/wp-content\/uploads\/2023\/01\/notibras23.png\",\"width\":350,\"height\":87,\"caption\":\"Grupo Notibras de Comunica\u00e7\u00e3o\"},\"image\":{\"@id\":\"https:\/\/www.notibras.com\/site\/#\/schema\/logo\/image\/\"},\"sameAs\":[\"https:\/\/www.facebook.com\/notibras\/\",\"https:\/\/x.com\/Notibras\",\"https:\/\/www.instagram.com\/notibras\/\"]},{\"@type\":\"Person\",\"@id\":\"https:\/\/www.notibras.com\/site\/#\/schema\/person\/00b8e1aa08f9ef6563e878c5159d01cf\",\"name\":\"Reda\u00e7\u00e3o\",\"image\":{\"@type\":\"ImageObject\",\"inLanguage\":\"pt-BR\",\"@id\":\"https:\/\/secure.gravatar.com\/avatar\/ac5a707d5b47784a5ed426c6e213e201423c750890f64e4c379114dade67dfb9?s=96&d=mm&r=g\",\"url\":\"https:\/\/secure.gravatar.com\/avatar\/ac5a707d5b47784a5ed426c6e213e201423c750890f64e4c379114dade67dfb9?s=96&d=mm&r=g\",\"contentUrl\":\"https:\/\/secure.gravatar.com\/avatar\/ac5a707d5b47784a5ed426c6e213e201423c750890f64e4c379114dade67dfb9?s=96&d=mm&r=g\",\"caption\":\"Reda\u00e7\u00e3o\"}}]}<\/script>\n<!-- \/ Yoast SEO plugin. -->","yoast_head_json":{"title":"OMS envia ao Congo vacina experimental contra o ebola - Notibras","robots":{"index":"index","follow":"follow","max-snippet":"max-snippet:-1","max-image-preview":"max-image-preview:large","max-video-preview":"max-video-preview:-1"},"canonical":"https:\/\/www.notibras.com\/site\/oms-envia-ao-congo-vacina-experimental-contra-o-ebola\/","og_locale":"pt_BR","og_type":"article","og_title":"OMS envia ao Congo vacina experimental contra o ebola - Notibras","og_description":"A Organiza\u00e7\u00e3o Mundial da Sa\u00fade (OMS) informou hoje (21) que mais de 7.500 doses da vacina experimental contra o ebola j\u00e1 foram enviadas \u00e0 Rep\u00fablica Democr\u00e1tica do Congo. De acordo com a entidade, o pa\u00eds j\u00e1 notificou pelo menos 46 casos suspeitos, prov\u00e1veis e confirmados para a doen\u00e7a, al\u00e9m de 26 mortes. A maioria das [&hellip;]","og_url":"https:\/\/www.notibras.com\/site\/oms-envia-ao-congo-vacina-experimental-contra-o-ebola\/","og_site_name":"Notibras","article_publisher":"https:\/\/www.facebook.com\/notibras\/","article_published_time":"2018-05-21T18:53:12+00:00","og_image":[{"width":1380,"height":920,"url":"https:\/\/www.notibras.com\/site\/wp-content\/uploads\/2018\/05\/reuters.jpg","type":"image\/jpeg"}],"author":"Reda\u00e7\u00e3o","twitter_card":"summary_large_image","twitter_creator":"@Notibras","twitter_site":"@Notibras","twitter_misc":{"Escrito por":"Reda\u00e7\u00e3o","Est. tempo de leitura":"1 minuto"},"schema":{"@context":"https:\/\/schema.org","@graph":[{"@type":"Article","@id":"https:\/\/www.notibras.com\/site\/oms-envia-ao-congo-vacina-experimental-contra-o-ebola\/#article","isPartOf":{"@id":"https:\/\/www.notibras.com\/site\/oms-envia-ao-congo-vacina-experimental-contra-o-ebola\/"},"author":{"name":"Reda\u00e7\u00e3o","@id":"https:\/\/www.notibras.com\/site\/#\/schema\/person\/00b8e1aa08f9ef6563e878c5159d01cf"},"headline":"OMS envia ao Congo vacina experimental contra o ebola","datePublished":"2018-05-21T18:53:12+00:00","mainEntityOfPage":{"@id":"https:\/\/www.notibras.com\/site\/oms-envia-ao-congo-vacina-experimental-contra-o-ebola\/"},"wordCount":287,"publisher":{"@id":"https:\/\/www.notibras.com\/site\/#organization"},"image":{"@id":"https:\/\/www.notibras.com\/site\/oms-envia-ao-congo-vacina-experimental-contra-o-ebola\/#primaryimage"},"thumbnailUrl":"https:\/\/www.notibras.com\/site\/wp-content\/uploads\/2018\/05\/reuters.jpg","articleSection":["Mundo"],"inLanguage":"pt-BR"},{"@type":"WebPage","@id":"https:\/\/www.notibras.com\/site\/oms-envia-ao-congo-vacina-experimental-contra-o-ebola\/","url":"https:\/\/www.notibras.com\/site\/oms-envia-ao-congo-vacina-experimental-contra-o-ebola\/","name":"OMS envia ao Congo vacina experimental contra o ebola - Notibras","isPartOf":{"@id":"https:\/\/www.notibras.com\/site\/#website"},"primaryImageOfPage":{"@id":"https:\/\/www.notibras.com\/site\/oms-envia-ao-congo-vacina-experimental-contra-o-ebola\/#primaryimage"},"image":{"@id":"https:\/\/www.notibras.com\/site\/oms-envia-ao-congo-vacina-experimental-contra-o-ebola\/#primaryimage"},"thumbnailUrl":"https:\/\/www.notibras.com\/site\/wp-content\/uploads\/2018\/05\/reuters.jpg","datePublished":"2018-05-21T18:53:12+00:00","breadcrumb":{"@id":"https:\/\/www.notibras.com\/site\/oms-envia-ao-congo-vacina-experimental-contra-o-ebola\/#breadcrumb"},"inLanguage":"pt-BR","potentialAction":[{"@type":"ReadAction","target":["https:\/\/www.notibras.com\/site\/oms-envia-ao-congo-vacina-experimental-contra-o-ebola\/"]}]},{"@type":"ImageObject","inLanguage":"pt-BR","@id":"https:\/\/www.notibras.com\/site\/oms-envia-ao-congo-vacina-experimental-contra-o-ebola\/#primaryimage","url":"https:\/\/www.notibras.com\/site\/wp-content\/uploads\/2018\/05\/reuters.jpg","contentUrl":"https:\/\/www.notibras.com\/site\/wp-content\/uploads\/2018\/05\/reuters.jpg","width":1380,"height":920,"caption":"Foto: Kenny Katombe\/Reuters\/"},{"@type":"BreadcrumbList","@id":"https:\/\/www.notibras.com\/site\/oms-envia-ao-congo-vacina-experimental-contra-o-ebola\/#breadcrumb","itemListElement":[{"@type":"ListItem","position":1,"name":"In\u00edcio","item":"https:\/\/www.notibras.com\/site\/"},{"@type":"ListItem","position":2,"name":"OMS envia ao Congo vacina experimental contra o ebola"}]},{"@type":"WebSite","@id":"https:\/\/www.notibras.com\/site\/#website","url":"https:\/\/www.notibras.com\/site\/","name":"Notibras","description":"Not\u00edcias de Bras\u00edlia, do Brasil e do Mundo","publisher":{"@id":"https:\/\/www.notibras.com\/site\/#organization"},"potentialAction":[{"@type":"SearchAction","target":{"@type":"EntryPoint","urlTemplate":"https:\/\/www.notibras.com\/site\/?s={search_term_string}"},"query-input":{"@type":"PropertyValueSpecification","valueRequired":true,"valueName":"search_term_string"}}],"inLanguage":"pt-BR"},{"@type":"Organization","@id":"https:\/\/www.notibras.com\/site\/#organization","name":"Grupo Notibras de Comunica\u00e7\u00e3o","url":"https:\/\/www.notibras.com\/site\/","logo":{"@type":"ImageObject","inLanguage":"pt-BR","@id":"https:\/\/www.notibras.com\/site\/#\/schema\/logo\/image\/","url":"https:\/\/www.notibras.com\/site\/wp-content\/uploads\/2023\/01\/notibras23.png","contentUrl":"https:\/\/www.notibras.com\/site\/wp-content\/uploads\/2023\/01\/notibras23.png","width":350,"height":87,"caption":"Grupo Notibras de Comunica\u00e7\u00e3o"},"image":{"@id":"https:\/\/www.notibras.com\/site\/#\/schema\/logo\/image\/"},"sameAs":["https:\/\/www.facebook.com\/notibras\/","https:\/\/x.com\/Notibras","https:\/\/www.instagram.com\/notibras\/"]},{"@type":"Person","@id":"https:\/\/www.notibras.com\/site\/#\/schema\/person\/00b8e1aa08f9ef6563e878c5159d01cf","name":"Reda\u00e7\u00e3o","image":{"@type":"ImageObject","inLanguage":"pt-BR","@id":"https:\/\/secure.gravatar.com\/avatar\/ac5a707d5b47784a5ed426c6e213e201423c750890f64e4c379114dade67dfb9?s=96&d=mm&r=g","url":"https:\/\/secure.gravatar.com\/avatar\/ac5a707d5b47784a5ed426c6e213e201423c750890f64e4c379114dade67dfb9?s=96&d=mm&r=g","contentUrl":"https:\/\/secure.gravatar.com\/avatar\/ac5a707d5b47784a5ed426c6e213e201423c750890f64e4c379114dade67dfb9?s=96&d=mm&r=g","caption":"Reda\u00e7\u00e3o"}}]}},"amp_enabled":true,"_links":{"self":[{"href":"https:\/\/www.notibras.com\/site\/wp-json\/wp\/v2\/posts\/180015","targetHints":{"allow":["GET"]}}],"collection":[{"href":"https:\/\/www.notibras.com\/site\/wp-json\/wp\/v2\/posts"}],"about":[{"href":"https:\/\/www.notibras.com\/site\/wp-json\/wp\/v2\/types\/post"}],"author":[{"embeddable":true,"href":"https:\/\/www.notibras.com\/site\/wp-json\/wp\/v2\/users\/1"}],"replies":[{"embeddable":true,"href":"https:\/\/www.notibras.com\/site\/wp-json\/wp\/v2\/comments?post=180015"}],"version-history":[{"count":1,"href":"https:\/\/www.notibras.com\/site\/wp-json\/wp\/v2\/posts\/180015\/revisions"}],"predecessor-version":[{"id":180020,"href":"https:\/\/www.notibras.com\/site\/wp-json\/wp\/v2\/posts\/180015\/revisions\/180020"}],"wp:featuredmedia":[{"embeddable":true,"href":"https:\/\/www.notibras.com\/site\/wp-json\/wp\/v2\/media\/180019"}],"wp:attachment":[{"href":"https:\/\/www.notibras.com\/site\/wp-json\/wp\/v2\/media?parent=180015"}],"wp:term":[{"taxonomy":"category","embeddable":true,"href":"https:\/\/www.notibras.com\/site\/wp-json\/wp\/v2\/categories?post=180015"},{"taxonomy":"post_tag","embeddable":true,"href":"https:\/\/www.notibras.com\/site\/wp-json\/wp\/v2\/tags?post=180015"}],"curies":[{"name":"wp","href":"https:\/\/api.w.org\/{rel}","templated":true}]}}