{"id":180027,"date":"2018-05-21T17:40:33","date_gmt":"2018-05-21T20:40:33","guid":{"rendered":"https:\/\/www.notibras.com\/site\/?p=180027"},"modified":"2018-05-21T17:40:33","modified_gmt":"2018-05-21T20:40:33","slug":"washington-impoe-sancoes-a-caracas-apos-reeleicao-de-maduro","status":"publish","type":"post","link":"https:\/\/www.notibras.com\/site\/washington-impoe-sancoes-a-caracas-apos-reeleicao-de-maduro\/","title":{"rendered":"Washington imp\u00f5e san\u00e7\u00f5es a Caracas ap\u00f3s reelei\u00e7\u00e3o de Maduro"},"content":{"rendered":"<p>O presidente dos Estados Unidos, Donald Trump, assinou nesta segunda (21) um decreto executivo em que pro\u00edbe indiv\u00edduos ou entidades agindo nos Estados Unidos de comprar d\u00edvidas do governo venezuelano, assim como bens dados em garantia de empr\u00e9stimos. O presidente Nicol\u00e1s Maduro foi reeleito com 6,1 milh\u00f5es de votos e mais de 50% de absten\u00e7\u00e3o.<\/p>\n<p>Segundo o decreto, ficam proibidas todas as transa\u00e7\u00f5es que envolverem compra de d\u00edvida do governo da Venezuela, inclusive financiamento para essas compras. Al\u00e9m disso, o texto pro\u00edbe a venda de direitos de participa\u00e7\u00e3o em entidades em que o governo da Venezuela tenha mais de 50% de participa\u00e7\u00e3o.<\/p>\n<p>Segundo o decreto, a decis\u00e3o foi tomada como consequ\u00eancia das recentes atividades do governo de Nicol\u00e1s Maduro, incluindo m\u00e1 gest\u00e3o econ\u00f4mica, corrup\u00e7\u00e3o, repress\u00e3o pol\u00edtica da oposi\u00e7\u00e3o e tentativas de \u201cdestruir a ordem democr\u00e1tica\u201d ao realizar \u201celei\u00e7\u00f5es precipitadas que n\u00e3o s\u00e3o nem livres nem justas\u201d. O decreto tamb\u00e9m culpa o governo de Maduro pelo aprofundamento da crise humanit\u00e1ria e de sa\u00fade p\u00fablica ne Venezuela.<\/p>\n<p>O vice-presidente dos Estados Unidos, Mike Pence, havia se pronunciado mais cedo sobre a reelei\u00e7\u00e3o de Maduro. Pence chamou as elei\u00e7\u00f5es de farsa e disse que os Estados Unidos est\u00e3o \u201ccontra a ditadura e com o povo da Venezuela demandando elei\u00e7\u00f5es livres e justas\u201d.<\/p>\n","protected":false},"excerpt":{"rendered":"<p>O presidente dos Estados Unidos, Donald Trump, assinou nesta segunda (21) um decreto executivo em que pro\u00edbe indiv\u00edduos ou entidades agindo nos Estados Unidos de comprar d\u00edvidas do governo venezuelano, assim como bens dados em garantia de empr\u00e9stimos. O presidente Nicol\u00e1s Maduro foi reeleito com 6,1 milh\u00f5es de votos e mais de 50% de absten\u00e7\u00e3o. [&hellip;]<\/p>\n","protected":false},"author":2,"featured_media":88863,"comment_status":"closed","ping_status":"closed","sticky":false,"template":"","format":"standard","meta":{"_acf_changed":false,"footnotes":""},"categories":[17],"tags":[],"class_list":["post-180027","post","type-post","status-publish","format-standard","has-post-thumbnail","hentry","category-mundo"],"acf":[],"yoast_head":"<!-- This site is optimized with the Yoast SEO plugin v27.2 - https:\/\/yoast.com\/product\/yoast-seo-wordpress\/ -->\n<title>Washington imp\u00f5e san\u00e7\u00f5es a Caracas ap\u00f3s reelei\u00e7\u00e3o de Maduro - Notibras<\/title>\n<meta name=\"robots\" content=\"index, follow, max-snippet:-1, max-image-preview:large, max-video-preview:-1\" \/>\n<link rel=\"canonical\" href=\"https:\/\/www.notibras.com\/site\/washington-impoe-sancoes-a-caracas-apos-reeleicao-de-maduro\/\" \/>\n<meta property=\"og:locale\" content=\"pt_BR\" \/>\n<meta property=\"og:type\" content=\"article\" \/>\n<meta property=\"og:title\" content=\"Washington imp\u00f5e san\u00e7\u00f5es a Caracas ap\u00f3s reelei\u00e7\u00e3o de Maduro - Notibras\" \/>\n<meta property=\"og:description\" content=\"O presidente dos Estados Unidos, Donald Trump, assinou nesta segunda (21) um decreto executivo em que pro\u00edbe indiv\u00edduos ou entidades agindo nos Estados Unidos de comprar d\u00edvidas do governo venezuelano, assim como bens dados em garantia de empr\u00e9stimos. O presidente Nicol\u00e1s Maduro foi reeleito com 6,1 milh\u00f5es de votos e mais de 50% de absten\u00e7\u00e3o. [&hellip;]\" \/>\n<meta property=\"og:url\" content=\"https:\/\/www.notibras.com\/site\/washington-impoe-sancoes-a-caracas-apos-reeleicao-de-maduro\/\" \/>\n<meta property=\"og:site_name\" content=\"Notibras\" \/>\n<meta property=\"article:publisher\" content=\"https:\/\/www.facebook.com\/notibras\/\" \/>\n<meta property=\"article:published_time\" content=\"2018-05-21T20:40:33+00:00\" \/>\n<meta property=\"og:image\" content=\"https:\/\/www.notibras.com\/site\/wp-content\/uploads\/2016\/02\/dolares.jpg\" \/>\n\t<meta property=\"og:image:width\" content=\"600\" \/>\n\t<meta property=\"og:image:height\" content=\"400\" \/>\n\t<meta property=\"og:image:type\" content=\"image\/jpeg\" \/>\n<meta name=\"author\" content=\"Reda\u00e7\u00e3o\" \/>\n<meta name=\"twitter:card\" content=\"summary_large_image\" \/>\n<meta name=\"twitter:creator\" content=\"@Notibras\" \/>\n<meta name=\"twitter:site\" content=\"@Notibras\" \/>\n<meta name=\"twitter:label1\" content=\"Escrito por\" \/>\n\t<meta name=\"twitter:data1\" content=\"Reda\u00e7\u00e3o\" \/>\n\t<meta name=\"twitter:label2\" content=\"Est. tempo de leitura\" \/>\n\t<meta name=\"twitter:data2\" content=\"1 minuto\" \/>\n<script type=\"application\/ld+json\" class=\"yoast-schema-graph\">{\"@context\":\"https:\/\/schema.org\",\"@graph\":[{\"@type\":\"Article\",\"@id\":\"https:\/\/www.notibras.com\/site\/washington-impoe-sancoes-a-caracas-apos-reeleicao-de-maduro\/#article\",\"isPartOf\":{\"@id\":\"https:\/\/www.notibras.com\/site\/washington-impoe-sancoes-a-caracas-apos-reeleicao-de-maduro\/\"},\"author\":{\"name\":\"Reda\u00e7\u00e3o\",\"@id\":\"https:\/\/www.notibras.com\/site\/#\/schema\/person\/36ab0979449956132d3e5b517ea76ac8\"},\"headline\":\"Washington imp\u00f5e san\u00e7\u00f5es a Caracas ap\u00f3s reelei\u00e7\u00e3o de Maduro\",\"datePublished\":\"2018-05-21T20:40:33+00:00\",\"mainEntityOfPage\":{\"@id\":\"https:\/\/www.notibras.com\/site\/washington-impoe-sancoes-a-caracas-apos-reeleicao-de-maduro\/\"},\"wordCount\":252,\"publisher\":{\"@id\":\"https:\/\/www.notibras.com\/site\/#organization\"},\"image\":{\"@id\":\"https:\/\/www.notibras.com\/site\/washington-impoe-sancoes-a-caracas-apos-reeleicao-de-maduro\/#primaryimage\"},\"thumbnailUrl\":\"https:\/\/www.notibras.com\/site\/wp-content\/uploads\/2016\/02\/dolares.jpg\",\"articleSection\":[\"Mundo\"],\"inLanguage\":\"pt-BR\"},{\"@type\":\"WebPage\",\"@id\":\"https:\/\/www.notibras.com\/site\/washington-impoe-sancoes-a-caracas-apos-reeleicao-de-maduro\/\",\"url\":\"https:\/\/www.notibras.com\/site\/washington-impoe-sancoes-a-caracas-apos-reeleicao-de-maduro\/\",\"name\":\"Washington imp\u00f5e san\u00e7\u00f5es a Caracas ap\u00f3s reelei\u00e7\u00e3o de Maduro - Notibras\",\"isPartOf\":{\"@id\":\"https:\/\/www.notibras.com\/site\/#website\"},\"primaryImageOfPage\":{\"@id\":\"https:\/\/www.notibras.com\/site\/washington-impoe-sancoes-a-caracas-apos-reeleicao-de-maduro\/#primaryimage\"},\"image\":{\"@id\":\"https:\/\/www.notibras.com\/site\/washington-impoe-sancoes-a-caracas-apos-reeleicao-de-maduro\/#primaryimage\"},\"thumbnailUrl\":\"https:\/\/www.notibras.com\/site\/wp-content\/uploads\/2016\/02\/dolares.jpg\",\"datePublished\":\"2018-05-21T20:40:33+00:00\",\"breadcrumb\":{\"@id\":\"https:\/\/www.notibras.com\/site\/washington-impoe-sancoes-a-caracas-apos-reeleicao-de-maduro\/#breadcrumb\"},\"inLanguage\":\"pt-BR\",\"potentialAction\":[{\"@type\":\"ReadAction\",\"target\":[\"https:\/\/www.notibras.com\/site\/washington-impoe-sancoes-a-caracas-apos-reeleicao-de-maduro\/\"]}]},{\"@type\":\"ImageObject\",\"inLanguage\":\"pt-BR\",\"@id\":\"https:\/\/www.notibras.com\/site\/washington-impoe-sancoes-a-caracas-apos-reeleicao-de-maduro\/#primaryimage\",\"url\":\"https:\/\/www.notibras.com\/site\/wp-content\/uploads\/2016\/02\/dolares.jpg\",\"contentUrl\":\"https:\/\/www.notibras.com\/site\/wp-content\/uploads\/2016\/02\/dolares.jpg\",\"width\":600,\"height\":400},{\"@type\":\"BreadcrumbList\",\"@id\":\"https:\/\/www.notibras.com\/site\/washington-impoe-sancoes-a-caracas-apos-reeleicao-de-maduro\/#breadcrumb\",\"itemListElement\":[{\"@type\":\"ListItem\",\"position\":1,\"name\":\"In\u00edcio\",\"item\":\"https:\/\/www.notibras.com\/site\/\"},{\"@type\":\"ListItem\",\"position\":2,\"name\":\"Washington imp\u00f5e san\u00e7\u00f5es a Caracas ap\u00f3s reelei\u00e7\u00e3o de Maduro\"}]},{\"@type\":\"WebSite\",\"@id\":\"https:\/\/www.notibras.com\/site\/#website\",\"url\":\"https:\/\/www.notibras.com\/site\/\",\"name\":\"Notibras\",\"description\":\"Not\u00edcias de Bras\u00edlia, do Brasil e do Mundo\",\"publisher\":{\"@id\":\"https:\/\/www.notibras.com\/site\/#organization\"},\"potentialAction\":[{\"@type\":\"SearchAction\",\"target\":{\"@type\":\"EntryPoint\",\"urlTemplate\":\"https:\/\/www.notibras.com\/site\/?s={search_term_string}\"},\"query-input\":{\"@type\":\"PropertyValueSpecification\",\"valueRequired\":true,\"valueName\":\"search_term_string\"}}],\"inLanguage\":\"pt-BR\"},{\"@type\":\"Organization\",\"@id\":\"https:\/\/www.notibras.com\/site\/#organization\",\"name\":\"Grupo Notibras de Comunica\u00e7\u00e3o\",\"url\":\"https:\/\/www.notibras.com\/site\/\",\"logo\":{\"@type\":\"ImageObject\",\"inLanguage\":\"pt-BR\",\"@id\":\"https:\/\/www.notibras.com\/site\/#\/schema\/logo\/image\/\",\"url\":\"https:\/\/www.notibras.com\/site\/wp-content\/uploads\/2023\/01\/notibras23.png\",\"contentUrl\":\"https:\/\/www.notibras.com\/site\/wp-content\/uploads\/2023\/01\/notibras23.png\",\"width\":350,\"height\":87,\"caption\":\"Grupo Notibras de Comunica\u00e7\u00e3o\"},\"image\":{\"@id\":\"https:\/\/www.notibras.com\/site\/#\/schema\/logo\/image\/\"},\"sameAs\":[\"https:\/\/www.facebook.com\/notibras\/\",\"https:\/\/x.com\/Notibras\",\"https:\/\/www.instagram.com\/notibras\/\"]},{\"@type\":\"Person\",\"@id\":\"https:\/\/www.notibras.com\/site\/#\/schema\/person\/36ab0979449956132d3e5b517ea76ac8\",\"name\":\"Reda\u00e7\u00e3o\",\"image\":{\"@type\":\"ImageObject\",\"inLanguage\":\"pt-BR\",\"@id\":\"https:\/\/secure.gravatar.com\/avatar\/e0a867bdedb85fd243eadf09663511f96fc81e0720a4a42581f334ad4303aa6b?s=96&d=mm&r=g\",\"url\":\"https:\/\/secure.gravatar.com\/avatar\/e0a867bdedb85fd243eadf09663511f96fc81e0720a4a42581f334ad4303aa6b?s=96&d=mm&r=g\",\"contentUrl\":\"https:\/\/secure.gravatar.com\/avatar\/e0a867bdedb85fd243eadf09663511f96fc81e0720a4a42581f334ad4303aa6b?s=96&d=mm&r=g\",\"caption\":\"Reda\u00e7\u00e3o\"}}]}<\/script>\n<!-- \/ Yoast SEO plugin. -->","yoast_head_json":{"title":"Washington imp\u00f5e san\u00e7\u00f5es a Caracas ap\u00f3s reelei\u00e7\u00e3o de Maduro - Notibras","robots":{"index":"index","follow":"follow","max-snippet":"max-snippet:-1","max-image-preview":"max-image-preview:large","max-video-preview":"max-video-preview:-1"},"canonical":"https:\/\/www.notibras.com\/site\/washington-impoe-sancoes-a-caracas-apos-reeleicao-de-maduro\/","og_locale":"pt_BR","og_type":"article","og_title":"Washington imp\u00f5e san\u00e7\u00f5es a Caracas ap\u00f3s reelei\u00e7\u00e3o de Maduro - Notibras","og_description":"O presidente dos Estados Unidos, Donald Trump, assinou nesta segunda (21) um decreto executivo em que pro\u00edbe indiv\u00edduos ou entidades agindo nos Estados Unidos de comprar d\u00edvidas do governo venezuelano, assim como bens dados em garantia de empr\u00e9stimos. O presidente Nicol\u00e1s Maduro foi reeleito com 6,1 milh\u00f5es de votos e mais de 50% de absten\u00e7\u00e3o. [&hellip;]","og_url":"https:\/\/www.notibras.com\/site\/washington-impoe-sancoes-a-caracas-apos-reeleicao-de-maduro\/","og_site_name":"Notibras","article_publisher":"https:\/\/www.facebook.com\/notibras\/","article_published_time":"2018-05-21T20:40:33+00:00","og_image":[{"width":600,"height":400,"url":"https:\/\/www.notibras.com\/site\/wp-content\/uploads\/2016\/02\/dolares.jpg","type":"image\/jpeg"}],"author":"Reda\u00e7\u00e3o","twitter_card":"summary_large_image","twitter_creator":"@Notibras","twitter_site":"@Notibras","twitter_misc":{"Escrito por":"Reda\u00e7\u00e3o","Est. tempo de leitura":"1 minuto"},"schema":{"@context":"https:\/\/schema.org","@graph":[{"@type":"Article","@id":"https:\/\/www.notibras.com\/site\/washington-impoe-sancoes-a-caracas-apos-reeleicao-de-maduro\/#article","isPartOf":{"@id":"https:\/\/www.notibras.com\/site\/washington-impoe-sancoes-a-caracas-apos-reeleicao-de-maduro\/"},"author":{"name":"Reda\u00e7\u00e3o","@id":"https:\/\/www.notibras.com\/site\/#\/schema\/person\/36ab0979449956132d3e5b517ea76ac8"},"headline":"Washington imp\u00f5e san\u00e7\u00f5es a Caracas ap\u00f3s reelei\u00e7\u00e3o de Maduro","datePublished":"2018-05-21T20:40:33+00:00","mainEntityOfPage":{"@id":"https:\/\/www.notibras.com\/site\/washington-impoe-sancoes-a-caracas-apos-reeleicao-de-maduro\/"},"wordCount":252,"publisher":{"@id":"https:\/\/www.notibras.com\/site\/#organization"},"image":{"@id":"https:\/\/www.notibras.com\/site\/washington-impoe-sancoes-a-caracas-apos-reeleicao-de-maduro\/#primaryimage"},"thumbnailUrl":"https:\/\/www.notibras.com\/site\/wp-content\/uploads\/2016\/02\/dolares.jpg","articleSection":["Mundo"],"inLanguage":"pt-BR"},{"@type":"WebPage","@id":"https:\/\/www.notibras.com\/site\/washington-impoe-sancoes-a-caracas-apos-reeleicao-de-maduro\/","url":"https:\/\/www.notibras.com\/site\/washington-impoe-sancoes-a-caracas-apos-reeleicao-de-maduro\/","name":"Washington imp\u00f5e san\u00e7\u00f5es a Caracas ap\u00f3s reelei\u00e7\u00e3o de Maduro - Notibras","isPartOf":{"@id":"https:\/\/www.notibras.com\/site\/#website"},"primaryImageOfPage":{"@id":"https:\/\/www.notibras.com\/site\/washington-impoe-sancoes-a-caracas-apos-reeleicao-de-maduro\/#primaryimage"},"image":{"@id":"https:\/\/www.notibras.com\/site\/washington-impoe-sancoes-a-caracas-apos-reeleicao-de-maduro\/#primaryimage"},"thumbnailUrl":"https:\/\/www.notibras.com\/site\/wp-content\/uploads\/2016\/02\/dolares.jpg","datePublished":"2018-05-21T20:40:33+00:00","breadcrumb":{"@id":"https:\/\/www.notibras.com\/site\/washington-impoe-sancoes-a-caracas-apos-reeleicao-de-maduro\/#breadcrumb"},"inLanguage":"pt-BR","potentialAction":[{"@type":"ReadAction","target":["https:\/\/www.notibras.com\/site\/washington-impoe-sancoes-a-caracas-apos-reeleicao-de-maduro\/"]}]},{"@type":"ImageObject","inLanguage":"pt-BR","@id":"https:\/\/www.notibras.com\/site\/washington-impoe-sancoes-a-caracas-apos-reeleicao-de-maduro\/#primaryimage","url":"https:\/\/www.notibras.com\/site\/wp-content\/uploads\/2016\/02\/dolares.jpg","contentUrl":"https:\/\/www.notibras.com\/site\/wp-content\/uploads\/2016\/02\/dolares.jpg","width":600,"height":400},{"@type":"BreadcrumbList","@id":"https:\/\/www.notibras.com\/site\/washington-impoe-sancoes-a-caracas-apos-reeleicao-de-maduro\/#breadcrumb","itemListElement":[{"@type":"ListItem","position":1,"name":"In\u00edcio","item":"https:\/\/www.notibras.com\/site\/"},{"@type":"ListItem","position":2,"name":"Washington imp\u00f5e san\u00e7\u00f5es a Caracas ap\u00f3s reelei\u00e7\u00e3o de Maduro"}]},{"@type":"WebSite","@id":"https:\/\/www.notibras.com\/site\/#website","url":"https:\/\/www.notibras.com\/site\/","name":"Notibras","description":"Not\u00edcias de Bras\u00edlia, do Brasil e do Mundo","publisher":{"@id":"https:\/\/www.notibras.com\/site\/#organization"},"potentialAction":[{"@type":"SearchAction","target":{"@type":"EntryPoint","urlTemplate":"https:\/\/www.notibras.com\/site\/?s={search_term_string}"},"query-input":{"@type":"PropertyValueSpecification","valueRequired":true,"valueName":"search_term_string"}}],"inLanguage":"pt-BR"},{"@type":"Organization","@id":"https:\/\/www.notibras.com\/site\/#organization","name":"Grupo Notibras de Comunica\u00e7\u00e3o","url":"https:\/\/www.notibras.com\/site\/","logo":{"@type":"ImageObject","inLanguage":"pt-BR","@id":"https:\/\/www.notibras.com\/site\/#\/schema\/logo\/image\/","url":"https:\/\/www.notibras.com\/site\/wp-content\/uploads\/2023\/01\/notibras23.png","contentUrl":"https:\/\/www.notibras.com\/site\/wp-content\/uploads\/2023\/01\/notibras23.png","width":350,"height":87,"caption":"Grupo Notibras de Comunica\u00e7\u00e3o"},"image":{"@id":"https:\/\/www.notibras.com\/site\/#\/schema\/logo\/image\/"},"sameAs":["https:\/\/www.facebook.com\/notibras\/","https:\/\/x.com\/Notibras","https:\/\/www.instagram.com\/notibras\/"]},{"@type":"Person","@id":"https:\/\/www.notibras.com\/site\/#\/schema\/person\/36ab0979449956132d3e5b517ea76ac8","name":"Reda\u00e7\u00e3o","image":{"@type":"ImageObject","inLanguage":"pt-BR","@id":"https:\/\/secure.gravatar.com\/avatar\/e0a867bdedb85fd243eadf09663511f96fc81e0720a4a42581f334ad4303aa6b?s=96&d=mm&r=g","url":"https:\/\/secure.gravatar.com\/avatar\/e0a867bdedb85fd243eadf09663511f96fc81e0720a4a42581f334ad4303aa6b?s=96&d=mm&r=g","contentUrl":"https:\/\/secure.gravatar.com\/avatar\/e0a867bdedb85fd243eadf09663511f96fc81e0720a4a42581f334ad4303aa6b?s=96&d=mm&r=g","caption":"Reda\u00e7\u00e3o"}}]}},"amp_enabled":true,"_links":{"self":[{"href":"https:\/\/www.notibras.com\/site\/wp-json\/wp\/v2\/posts\/180027","targetHints":{"allow":["GET"]}}],"collection":[{"href":"https:\/\/www.notibras.com\/site\/wp-json\/wp\/v2\/posts"}],"about":[{"href":"https:\/\/www.notibras.com\/site\/wp-json\/wp\/v2\/types\/post"}],"author":[{"embeddable":true,"href":"https:\/\/www.notibras.com\/site\/wp-json\/wp\/v2\/users\/2"}],"replies":[{"embeddable":true,"href":"https:\/\/www.notibras.com\/site\/wp-json\/wp\/v2\/comments?post=180027"}],"version-history":[{"count":1,"href":"https:\/\/www.notibras.com\/site\/wp-json\/wp\/v2\/posts\/180027\/revisions"}],"predecessor-version":[{"id":180028,"href":"https:\/\/www.notibras.com\/site\/wp-json\/wp\/v2\/posts\/180027\/revisions\/180028"}],"wp:featuredmedia":[{"embeddable":true,"href":"https:\/\/www.notibras.com\/site\/wp-json\/wp\/v2\/media\/88863"}],"wp:attachment":[{"href":"https:\/\/www.notibras.com\/site\/wp-json\/wp\/v2\/media?parent=180027"}],"wp:term":[{"taxonomy":"category","embeddable":true,"href":"https:\/\/www.notibras.com\/site\/wp-json\/wp\/v2\/categories?post=180027"},{"taxonomy":"post_tag","embeddable":true,"href":"https:\/\/www.notibras.com\/site\/wp-json\/wp\/v2\/tags?post=180027"}],"curies":[{"name":"wp","href":"https:\/\/api.w.org\/{rel}","templated":true}]}}